{"id":8903,"date":"2025-08-03T20:07:25","date_gmt":"2025-08-04T01:07:25","guid":{"rendered":"https:\/\/www.elcapital.pe\/?p=8903"},"modified":"2025-08-03T20:07:25","modified_gmt":"2025-08-04T01:07:25","slug":"eduardo-arana-el-ministerio-publico-atraviesa-una-crisis-y-debemos-contribuir-a-superarla","status":"publish","type":"post","link":"http:\/\/www.elcapital.pe\/?p=8903","title":{"rendered":"EDUARDO ARANA: \u201cEL MINISTERIO PUBLICO ATRAVIESA UNA CRISIS Y DEBEMOS CONTRIBUIR A SUPERARLA\u201d\u00a0"},"content":{"rendered":"\n<p>El presidente del Consejo de Ministros, Eduardo Arana, reconoci\u00f3 que el Ministerio P\u00fablico enfrenta una crisis institucional y asegur\u00f3 que el Gobierno est\u00e1 dispuesto a colaborar para superarla. En entrevista con RPP, enfatiz\u00f3 que, si bien el Ejecutivo respeta la autonom\u00eda de los organismos constitucionales, no puede ignorarse la situaci\u00f3n cr\u00edtica que vive la Fiscal\u00eda, actualmente encabezada por Delia Espinoza.<\/p>\n\n\n\n<p>Arana cuestion\u00f3 que la fiscal de la Naci\u00f3n no haya aplicado la ley aprobada por el Congreso que otorga a la Polic\u00eda Nacional la direcci\u00f3n de las investigaciones preliminares. Tambi\u00e9n critic\u00f3 su ausencia en diversas convocatorias del Ejecutivo, como las del Ministerio de Justicia y del Interior. \u201cNo asiste a las reuniones ni responde a las invitaciones. Eso dificulta el di\u00e1logo institucional\u201d, se\u00f1al\u00f3.<\/p>\n\n\n\n<p>Respecto a los reclamos presupuestales de Espinoza, el jefe del Gabinete dijo que existe voluntad para atenderlos, pero advirti\u00f3 sobre la baja ejecuci\u00f3n de los recursos ya asignados. \u201cPara la implementaci\u00f3n de la carpeta fiscal electr\u00f3nica hay 126 millones disponibles, pero solo se han gastado seis. \u00bfEso es responsabilidad del Ejecutivo?\u201d, cuestion\u00f3.<\/p>\n\n\n\n<p>Investigaciones preliminares<\/p>\n\n\n\n<p>Arana indic\u00f3 que esperar\u00e1n el pronunciamiento del Tribunal Constitucional sobre la norma que modifica la direcci\u00f3n de las investigaciones preliminares, pero remarc\u00f3 que, en su opini\u00f3n, las leyes deben cumplirse desde su entrada en vigencia. \u201cEsperamos un fallo que favorezca al pa\u00eds, no a intereses institucionales espec\u00edficos\u201d, concluy\u00f3.<\/p>\n","protected":false},"excerpt":{"rendered":"<p>El presidente del Consejo de Ministros, Eduardo Arana, reconoci\u00f3 que el Ministerio P\u00fablico enfrenta una crisis institucional y asegur\u00f3 que el Gobierno est\u00e1 dispuesto a colaborar para superarla. En entrevista con RPP, enfatiz\u00f3 que, si bien el Ejecutivo respeta la autonom\u00eda de los organismos constitucionales, no puede ignorarse la situaci\u00f3n cr\u00edtica que vive la Fiscal\u00eda, [&hellip;]<\/p>\n","protected":false},"author":1,"featured_media":8904,"comment_status":"open","ping_status":"open","sticky":false,"template":"","format":"standard","meta":{"footnotes":""},"categories":[2],"tags":[],"class_list":["post-8903","post","type-post","status-publish","format-standard","has-post-thumbnail","hentry","category-actualidad"],"_links":{"self":[{"href":"http:\/\/www.elcapital.pe\/index.php?rest_route=\/wp\/v2\/posts\/8903","targetHints":{"allow":["GET"]}}],"collection":[{"href":"http:\/\/www.elcapital.pe\/index.php?rest_route=\/wp\/v2\/posts"}],"about":[{"href":"http:\/\/www.elcapital.pe\/index.php?rest_route=\/wp\/v2\/types\/post"}],"author":[{"embeddable":true,"href":"http:\/\/www.elcapital.pe\/index.php?rest_route=\/wp\/v2\/users\/1"}],"replies":[{"embeddable":true,"href":"http:\/\/www.elcapital.pe\/index.php?rest_route=%2Fwp%2Fv2%2Fcomments&post=8903"}],"version-history":[{"count":1,"href":"http:\/\/www.elcapital.pe\/index.php?rest_route=\/wp\/v2\/posts\/8903\/revisions"}],"predecessor-version":[{"id":8905,"href":"http:\/\/www.elcapital.pe\/index.php?rest_route=\/wp\/v2\/posts\/8903\/revisions\/8905"}],"wp:featuredmedia":[{"embeddable":true,"href":"http:\/\/www.elcapital.pe\/index.php?rest_route=\/wp\/v2\/media\/8904"}],"wp:attachment":[{"href":"http:\/\/www.elcapital.pe\/index.php?rest_route=%2Fwp%2Fv2%2Fmedia&parent=8903"}],"wp:term":[{"taxonomy":"category","embeddable":true,"href":"http:\/\/www.elcapital.pe\/index.php?rest_route=%2Fwp%2Fv2%2Fcategories&post=8903"},{"taxonomy":"post_tag","embeddable":true,"href":"http:\/\/www.elcapital.pe\/index.php?rest_route=%2Fwp%2Fv2%2Ftags&post=8903"}],"curies":[{"name":"wp","href":"https:\/\/api.w.org\/{rel}","templated":true}]}}