{"id":8897,"date":"2025-08-01T21:15:35","date_gmt":"2025-08-02T02:15:35","guid":{"rendered":"https:\/\/www.elcapital.pe\/?p=8897"},"modified":"2025-08-01T21:15:35","modified_gmt":"2025-08-02T02:15:35","slug":"alemania-endurece-criticas-a-israel-y-exige-mas-ayuda-para-gaza","status":"publish","type":"post","link":"http:\/\/www.elcapital.pe\/?p=8897","title":{"rendered":"ALEMANIA ENDURECE CRITICAS A ISRAEL Y EXIGE MAS AYUDA PARA GAZA\u00a0"},"content":{"rendered":"\n<p>Durante su visita a Jerusal\u00e9n, el ministro alem\u00e1n de Exteriores, Johann Wadephul, pidi\u00f3 a Israel permitir el ingreso de ayuda humanitaria a Gaza y frenar la \u201ccat\u00e1strofe\u201d que vive la poblaci\u00f3n civil. \u201cHacemos un llamado urgente para que las Naciones Unidas puedan distribuir asistencia de forma segura\u201d, declar\u00f3 tras reunirse con el primer ministro israel\u00ed, Benjam\u00edn Netanyahu, y representantes de la ONU.<\/p>\n\n\n\n<p>Wadephul tambi\u00e9n exigi\u00f3 a Ham\u00e1s el cese de los ataques y la liberaci\u00f3n de rehenes, pero insisti\u00f3 en que la crisis humanitaria no puede usarse como pretexto para bloquear el ingreso de alimentos y medicinas.<\/p>\n\n\n\n<p>El ministro israel\u00ed Gideon Saar evit\u00f3 prometer acciones concretas, aunque defendi\u00f3 la relaci\u00f3n con Alemania y calific\u00f3 a Wadephul como \u201camigo de Israel\u201d. Esto tras las pol\u00e9micas declaraciones del ultraderechista Itamar Ben-Gvir, quien acus\u00f3 a Alemania de \u201capoyar nuevamente a los nazis\u201d.<\/p>\n\n\n\n<p>Durante su paso por Ramala, Wadephul reafirm\u00f3 el respaldo de Berl\u00edn a la soluci\u00f3n de dos Estados, una postura que choca con la pol\u00edtica actual del gobierno de Netanyahu, que sigue expandiendo los asentamientos en Cisjordania.<\/p>\n\n\n\n<p>El canciller alem\u00e1n Friedrich Merz encarg\u00f3 personalmente a Wadephul presionar a Israel para aliviar la crisis, aunque a\u00fan no hay se\u00f1ales de medidas concretas como sanciones o restricciones al suministro de armas, debido a la carga hist\u00f3rica que Alemania mantiene hacia Israel.<\/p>\n\n\n\n<p>Mientras tanto, Israel niega que exista hambruna en Gaza y acusa a los medios internacionales de distorsionar la realidad. Sin embargo, informes de la ONU y testimonios sobre el terreno contradicen esa versi\u00f3n.<\/p>\n\n\n\n<p>La ayuda humanitaria ha sido canalizada en parte a trav\u00e9s de la Fundaci\u00f3n Humanitaria de Gaza (GHF), iniciativa impulsada por EE. UU. e Israel, pero duramente criticada por Naciones Unidas por su desorganizaci\u00f3n. Decenas de personas han muerto recientemente en centros de distribuci\u00f3n, presuntamente por disparos de fuerzas israel\u00edes, aunque no hay verificaci\u00f3n independiente.<\/p>\n\n\n\n<p>Alemania contin\u00faa enviando ayuda a\u00e9rea desde Jordania, pero Wadephul insisti\u00f3 en que se necesitan cientos de camiones diarios para mitigar el desastre.<\/p>\n\n\n\n<p>Con informaci\u00f3n de Reuters, AFP y DPA<\/p>\n\n\n\n<p><\/p>\n","protected":false},"excerpt":{"rendered":"<p>Durante su visita a Jerusal\u00e9n, el ministro alem\u00e1n de Exteriores, Johann Wadephul, pidi\u00f3 a Israel permitir el ingreso de ayuda humanitaria a Gaza y frenar la \u201ccat\u00e1strofe\u201d que vive la poblaci\u00f3n civil. \u201cHacemos un llamado urgente para que las Naciones Unidas puedan distribuir asistencia de forma segura\u201d, declar\u00f3 tras reunirse con el primer ministro israel\u00ed, [&hellip;]<\/p>\n","protected":false},"author":1,"featured_media":8898,"comment_status":"open","ping_status":"open","sticky":false,"template":"","format":"standard","meta":{"footnotes":""},"categories":[2],"tags":[],"class_list":["post-8897","post","type-post","status-publish","format-standard","has-post-thumbnail","hentry","category-actualidad"],"_links":{"self":[{"href":"http:\/\/www.elcapital.pe\/index.php?rest_route=\/wp\/v2\/posts\/8897","targetHints":{"allow":["GET"]}}],"collection":[{"href":"http:\/\/www.elcapital.pe\/index.php?rest_route=\/wp\/v2\/posts"}],"about":[{"href":"http:\/\/www.elcapital.pe\/index.php?rest_route=\/wp\/v2\/types\/post"}],"author":[{"embeddable":true,"href":"http:\/\/www.elcapital.pe\/index.php?rest_route=\/wp\/v2\/users\/1"}],"replies":[{"embeddable":true,"href":"http:\/\/www.elcapital.pe\/index.php?rest_route=%2Fwp%2Fv2%2Fcomments&post=8897"}],"version-history":[{"count":1,"href":"http:\/\/www.elcapital.pe\/index.php?rest_route=\/wp\/v2\/posts\/8897\/revisions"}],"predecessor-version":[{"id":8899,"href":"http:\/\/www.elcapital.pe\/index.php?rest_route=\/wp\/v2\/posts\/8897\/revisions\/8899"}],"wp:featuredmedia":[{"embeddable":true,"href":"http:\/\/www.elcapital.pe\/index.php?rest_route=\/wp\/v2\/media\/8898"}],"wp:attachment":[{"href":"http:\/\/www.elcapital.pe\/index.php?rest_route=%2Fwp%2Fv2%2Fmedia&parent=8897"}],"wp:term":[{"taxonomy":"category","embeddable":true,"href":"http:\/\/www.elcapital.pe\/index.php?rest_route=%2Fwp%2Fv2%2Fcategories&post=8897"},{"taxonomy":"post_tag","embeddable":true,"href":"http:\/\/www.elcapital.pe\/index.php?rest_route=%2Fwp%2Fv2%2Ftags&post=8897"}],"curies":[{"name":"wp","href":"https:\/\/api.w.org\/{rel}","templated":true}]}}