{"id":8874,"date":"2025-07-31T22:41:03","date_gmt":"2025-08-01T03:41:03","guid":{"rendered":"https:\/\/www.elcapital.pe\/?p=8874"},"modified":"2025-07-31T22:41:03","modified_gmt":"2025-08-01T03:41:03","slug":"ee-uu-y-ecuador-firman-acuerdo-de-seguridad-para-combatir-crimen-organizado","status":"publish","type":"post","link":"http:\/\/www.elcapital.pe\/?p=8874","title":{"rendered":"EE. UU. Y ECUADOR FIRMAN ACUERDO DE SEGURIDAD PARA COMBATIR CRIMEN ORGANIZADO\u00a0"},"content":{"rendered":"\n<p>El presidente de Ecuador, Daniel Noboa, y la secretaria de Seguridad Nacional de Estados Unidos, Kristi Noem, firmaron este jueves (31.07.2025) en Quito un acuerdo bilateral en materia de seguridad que refuerza el intercambio de informaci\u00f3n y la cooperaci\u00f3n en la lucha contra el crimen organizado.<\/p>\n\n\n\n<p>Durante el encuentro en el Palacio de Carondelet, sede del Ejecutivo ecuatoriano, ambas autoridades destacaron el fortalecimiento de las relaciones entre los dos pa\u00edses, que atraviesan su mejor momento en dos d\u00e9cadas.<\/p>\n\n\n\n<p>\u201cEl v\u00ednculo entre Ecuador y Estados Unidos nunca ha sido tan s\u00f3lido\u201d, afirm\u00f3 Noem, quien enfatiz\u00f3 que el acuerdo incluye el intercambio de informaci\u00f3n biom\u00e9trica sobre delincuentes, pandilleros y terroristas, lo que permitir\u00e1 identificar y capturar a estos individuos para ser procesados ante la justicia.<\/p>\n\n\n\n<p>Cooperaci\u00f3n ampliada y extradiciones<\/p>\n\n\n\n<p>Adem\u00e1s del intercambio de datos, el acuerdo contempla el fortalecimiento de mecanismos para la extradici\u00f3n de criminales a Estados Unidos, como en el reciente caso del narcotraficante ecuatoriano Jos\u00e9 Adolfo Mac\u00edas Villamar, alias \u201cFito\u201d, extraditado a territorio estadounidense. \u201cMe alegra que pase el resto de su vida pudri\u00e9ndose en prisi\u00f3n all\u00e1\u201d, expres\u00f3 Noem con contundencia.<\/p>\n\n\n\n<p>La secretaria estadounidense tambi\u00e9n elogi\u00f3 los esfuerzos del gobierno de Noboa para enfrentar la ola de violencia que azota al pa\u00eds desde 2024, cuando el presidente declar\u00f3 la guerra al crimen organizado, tras una escalada que convirti\u00f3 a Ecuador en uno de los pa\u00edses con mayor tasa de homicidios en Am\u00e9rica Latina.<\/p>\n\n\n\n<p>Entrenamiento y asistencia t\u00e9cnica<\/p>\n\n\n\n<p>Como parte del convenio, se acord\u00f3 que polic\u00edas ecuatorianos recibir\u00e1n entrenamiento y conocer\u00e1n el funcionamiento de la Oficina de Aduanas y Protecci\u00f3n Fronteriza de EE. UU.<\/p>\n\n\n\n<p>El ministro del Interior de Ecuador, John Reimberg, explic\u00f3 que se firm\u00f3 un acuerdo administrativo de 18 meses con el Departamento de Seguridad Nacional estadounidense, que permitir\u00e1 el intercambio de oficiales de enlace y asistencia t\u00e9cnica en seguridad.<\/p>\n","protected":false},"excerpt":{"rendered":"<p>El presidente de Ecuador, Daniel Noboa, y la secretaria de Seguridad Nacional de Estados Unidos, Kristi Noem, firmaron este jueves (31.07.2025) en Quito un acuerdo bilateral en materia de seguridad que refuerza el intercambio de informaci\u00f3n y la cooperaci\u00f3n en la lucha contra el crimen organizado. Durante el encuentro en el Palacio de Carondelet, sede [&hellip;]<\/p>\n","protected":false},"author":1,"featured_media":8875,"comment_status":"open","ping_status":"open","sticky":false,"template":"","format":"standard","meta":{"footnotes":""},"categories":[2],"tags":[],"class_list":["post-8874","post","type-post","status-publish","format-standard","has-post-thumbnail","hentry","category-actualidad"],"_links":{"self":[{"href":"http:\/\/www.elcapital.pe\/index.php?rest_route=\/wp\/v2\/posts\/8874","targetHints":{"allow":["GET"]}}],"collection":[{"href":"http:\/\/www.elcapital.pe\/index.php?rest_route=\/wp\/v2\/posts"}],"about":[{"href":"http:\/\/www.elcapital.pe\/index.php?rest_route=\/wp\/v2\/types\/post"}],"author":[{"embeddable":true,"href":"http:\/\/www.elcapital.pe\/index.php?rest_route=\/wp\/v2\/users\/1"}],"replies":[{"embeddable":true,"href":"http:\/\/www.elcapital.pe\/index.php?rest_route=%2Fwp%2Fv2%2Fcomments&post=8874"}],"version-history":[{"count":1,"href":"http:\/\/www.elcapital.pe\/index.php?rest_route=\/wp\/v2\/posts\/8874\/revisions"}],"predecessor-version":[{"id":8876,"href":"http:\/\/www.elcapital.pe\/index.php?rest_route=\/wp\/v2\/posts\/8874\/revisions\/8876"}],"wp:featuredmedia":[{"embeddable":true,"href":"http:\/\/www.elcapital.pe\/index.php?rest_route=\/wp\/v2\/media\/8875"}],"wp:attachment":[{"href":"http:\/\/www.elcapital.pe\/index.php?rest_route=%2Fwp%2Fv2%2Fmedia&parent=8874"}],"wp:term":[{"taxonomy":"category","embeddable":true,"href":"http:\/\/www.elcapital.pe\/index.php?rest_route=%2Fwp%2Fv2%2Fcategories&post=8874"},{"taxonomy":"post_tag","embeddable":true,"href":"http:\/\/www.elcapital.pe\/index.php?rest_route=%2Fwp%2Fv2%2Ftags&post=8874"}],"curies":[{"name":"wp","href":"https:\/\/api.w.org\/{rel}","templated":true}]}}