{"id":8871,"date":"2025-07-31T22:31:32","date_gmt":"2025-08-01T03:31:32","guid":{"rendered":"https:\/\/www.elcapital.pe\/?p=8871"},"modified":"2025-07-31T22:31:32","modified_gmt":"2025-08-01T03:31:32","slug":"partido-oficialista-propone-reeleccion-presidencial-indefinida-en-el-salvador","status":"publish","type":"post","link":"http:\/\/www.elcapital.pe\/?p=8871","title":{"rendered":"PARTIDO OFICIALISTA PROPONE REELECCION PRESIDENCIAL INDEFINIDA EN EL SALVADOR\u00a0"},"content":{"rendered":"\n<p>Diputados de Nuevas Ideas (NI), partido del presidente Nayib Bukele y con mayor\u00eda absoluta en la Asamblea Legislativa, presentaron este jueves (31.07.2025) una propuesta de reforma constitucional que permitir\u00eda la reelecci\u00f3n presidencial indefinida en El Salvador, hasta ahora prohibida por la Carta Magna.<\/p>\n\n\n\n<p>La iniciativa plantea modificar los art\u00edculos 75, 80, 133, 152 y 154 de la Constituci\u00f3n, vigente desde 1983, para eliminar las restricciones a la reelecci\u00f3n inmediata y consolidar lo que los impulsores describen como \u201cestabilidad jur\u00eddica\u201d en los ciclos electorales.<\/p>\n\n\n\n<p>\u201cHist\u00f3ricamente, la reelecci\u00f3n ha sido permitida para casi todos los cargos de elecci\u00f3n popular, excepto para la Presidencia\u201d, argument\u00f3 la diputada Ana Figueroa, quien sostuvo que esta reforma entregar\u00eda a los ciudadanos el poder de decidir \u201chasta cu\u00e1ndo desean apoyar a un funcionario, incluido el presidente\u201d.<\/p>\n\n\n\n<p>Otros cambios clave<\/p>\n\n\n\n<p>La propuesta tambi\u00e9n contempla extender el mandato presidencial de cinco a seis a\u00f1os y ajustar el calendario electoral: se plantea que el actual per\u00edodo de Bukele, que comenz\u00f3 el 1 de junio, finalice en 2027 en lugar de 2029, de modo que las elecciones presidenciales coincidan con las legislativas y municipales.<\/p>\n\n\n\n<p>Otro cambio relevante es la eliminaci\u00f3n de la segunda vuelta electoral. De aprobarse la reforma, bastar\u00eda una mayor\u00eda simple para ganar la Presidencia, suprimiendo el requisito actual del 50 % m\u00e1s uno de los votos v\u00e1lidos.<\/p>\n\n\n\n<p>Ratificaci\u00f3n sin debate<\/p>\n\n\n\n<p>La iniciativa fue incluida en la agenda del pleno con dispensa de tr\u00e1mite y sin debate previo. Solo requiere el aval de la actual Asamblea, controlada por NI con 57 de los 60 votos, debido a una reforma previa que habilita a una sola legislatura a modificar la Constituci\u00f3n.<\/p>\n\n\n\n<p>Bukele asumi\u00f3 su segundo mandato consecutivo el pasado 1 de junio, pese a que varios art\u00edculos constitucionales lo prohib\u00edan. Su reelecci\u00f3n fue posible tras un controvertido fallo de la Sala de lo Constitucional, integrada por magistrados nombrados por la Asamblea dominada por NI en 2021 mediante un proceso ampliamente cuestionado.<\/p>\n","protected":false},"excerpt":{"rendered":"<p>Diputados de Nuevas Ideas (NI), partido del presidente Nayib Bukele y con mayor\u00eda absoluta en la Asamblea Legislativa, presentaron este jueves (31.07.2025) una propuesta de reforma constitucional que permitir\u00eda la reelecci\u00f3n presidencial indefinida en El Salvador, hasta ahora prohibida por la Carta Magna. La iniciativa plantea modificar los art\u00edculos 75, 80, 133, 152 y 154 [&hellip;]<\/p>\n","protected":false},"author":1,"featured_media":8872,"comment_status":"open","ping_status":"open","sticky":false,"template":"","format":"standard","meta":{"footnotes":""},"categories":[2],"tags":[],"class_list":["post-8871","post","type-post","status-publish","format-standard","has-post-thumbnail","hentry","category-actualidad"],"_links":{"self":[{"href":"http:\/\/www.elcapital.pe\/index.php?rest_route=\/wp\/v2\/posts\/8871","targetHints":{"allow":["GET"]}}],"collection":[{"href":"http:\/\/www.elcapital.pe\/index.php?rest_route=\/wp\/v2\/posts"}],"about":[{"href":"http:\/\/www.elcapital.pe\/index.php?rest_route=\/wp\/v2\/types\/post"}],"author":[{"embeddable":true,"href":"http:\/\/www.elcapital.pe\/index.php?rest_route=\/wp\/v2\/users\/1"}],"replies":[{"embeddable":true,"href":"http:\/\/www.elcapital.pe\/index.php?rest_route=%2Fwp%2Fv2%2Fcomments&post=8871"}],"version-history":[{"count":1,"href":"http:\/\/www.elcapital.pe\/index.php?rest_route=\/wp\/v2\/posts\/8871\/revisions"}],"predecessor-version":[{"id":8873,"href":"http:\/\/www.elcapital.pe\/index.php?rest_route=\/wp\/v2\/posts\/8871\/revisions\/8873"}],"wp:featuredmedia":[{"embeddable":true,"href":"http:\/\/www.elcapital.pe\/index.php?rest_route=\/wp\/v2\/media\/8872"}],"wp:attachment":[{"href":"http:\/\/www.elcapital.pe\/index.php?rest_route=%2Fwp%2Fv2%2Fmedia&parent=8871"}],"wp:term":[{"taxonomy":"category","embeddable":true,"href":"http:\/\/www.elcapital.pe\/index.php?rest_route=%2Fwp%2Fv2%2Fcategories&post=8871"},{"taxonomy":"post_tag","embeddable":true,"href":"http:\/\/www.elcapital.pe\/index.php?rest_route=%2Fwp%2Fv2%2Ftags&post=8871"}],"curies":[{"name":"wp","href":"https:\/\/api.w.org\/{rel}","templated":true}]}}