{"id":8853,"date":"2025-07-31T21:29:23","date_gmt":"2025-08-01T02:29:23","guid":{"rendered":"https:\/\/www.elcapital.pe\/?p=8853"},"modified":"2025-07-31T21:29:23","modified_gmt":"2025-08-01T02:29:23","slug":"colombia-mas-de-1-600-empleados-capacitados-y-130000-tarjetas-informativas-a-bordo-avianca-la-fisdcalia-general-de-la-naciony-fundacion-renacer-reafirman-su-alianza-contra-la-trata-de-personas","status":"publish","type":"post","link":"http:\/\/www.elcapital.pe\/?p=8853","title":{"rendered":"COLOMBIA: MAS DE 1.600 EMPLEADOS CAPACITADOS Y 130,000 TARJETAS INFORMATIVAS A BORDO: AVIANCA, LA FISDCALIA GENERAL DE LA NACIONY FUNDACION RENACER REAFIRMAN SU ALIANZA CONTRA LA TRATA DE PERSONAS\u00a0"},"content":{"rendered":"\n<p>\u2022&nbsp;&nbsp;&nbsp;&nbsp;&nbsp;&nbsp;&nbsp;&nbsp;&nbsp;&nbsp;&nbsp;&nbsp; Esta alianza, consolidada en 2023, busca fortalecer la prevenci\u00f3n, detecci\u00f3n y denuncia de posibles casos de trata de personas en las operaciones de la aerol\u00ednea.<\/p>\n\n\n\n<p>\u2022&nbsp;&nbsp;&nbsp;&nbsp;&nbsp;&nbsp;&nbsp;&nbsp;&nbsp;&nbsp;&nbsp;&nbsp; A trav\u00e9s de una comunicaci\u00f3n proactiva, los usuarios de Avianca tienen acceso a informaci\u00f3n clave como l\u00edneas de atenci\u00f3n por pa\u00eds, mecanismos de detecci\u00f3n y denuncia.&nbsp;<\/p>\n\n\n\n<p>En el marco del D\u00eda Mundial contra la Trata de Personas, Avianca, en articulaci\u00f3n con la Fiscal\u00eda General de la Naci\u00f3n y la Fundaci\u00f3n Renacer, reafirma su compromiso en la lucha contra este delito que vulnera los derechos humanos.<\/p>\n\n\n\n<p>&nbsp; Desde 2023, el convenio entre estos tres actores ha establecido un modelo de trabajo colaborativo para prevenir, identificar y actuar frente a posibles casos en las operaciones de la aerol\u00ednea. En este marco, Avianca ha avanzado en dos frentes con el objetivo de reforzar la prevenci\u00f3n de la trata de personas:&nbsp;<\/p>\n\n\n\n<p>&nbsp;1.&nbsp;&nbsp;&nbsp;&nbsp;&nbsp;&nbsp;&nbsp;&nbsp;&nbsp;&nbsp; Capacitaci\u00f3n a m\u00e1s de 1.600 colaboradores de Avianca: formaci\u00f3n en prevenci\u00f3n, se\u00f1ales de alerta y activaci\u00f3n de rutas de atenci\u00f3n. En 2024 se entrenaron m\u00e1s de 1.100 empleados, y en lo corrido de 2025 ya se han sumado m\u00e1s de 500 colaboradores adicionales.<\/p>\n\n\n\n<p>2.&nbsp;&nbsp;&nbsp;&nbsp;&nbsp;&nbsp;&nbsp;&nbsp;&nbsp;&nbsp;&nbsp; M\u00e1s de 130.000 tarjetas con informaci\u00f3n clave distribuidas en los aviones: ubicadas en los bolsillos de los asientos, incluyen mensajes de sensibilizaci\u00f3n, se\u00f1ales de alerta sobre trata de personas y l\u00edneas directas de denuncia para cada pa\u00eds donde la aerol\u00ednea opera.<\/p>\n\n\n\n<p>&nbsp;\u201cLa trata de personas es un delito silencioso que se mueve en contextos cotidianos. Por eso, desde Avianca asumimos el compromiso de actuar con nuestros aliados para prevenirlo, combatirlo y exponerlo desde todos los frentes posibles: capacitando a nuestra gente, informando a nuestros pasajeros y trabajando con las autoridades para generar entornos m\u00e1s seguros y donde las sinergias entre sector p\u00fablico y privado puedan beneficiar a quienes m\u00e1s lo necesitan\u201d, asegur\u00f3 Felipe Andr\u00e9s G\u00f3mez Vivas, vicepresidente de asuntos corporativos y sostenibilidad de Avianca.&nbsp;<\/p>\n\n\n\n<p>&nbsp;Avianca y sus aliados, continuar\u00e1n trabajando proactivamente para hacerle frente a este delito, capacitando a su gente y utilizando sus aviones como elementos transformadores para informar y sensibilizar a todos los que vuelen con la aerol\u00ednea.&nbsp;<\/p>\n","protected":false},"excerpt":{"rendered":"<p>\u2022&nbsp;&nbsp;&nbsp;&nbsp;&nbsp;&nbsp;&nbsp;&nbsp;&nbsp;&nbsp;&nbsp;&nbsp; Esta alianza, consolidada en 2023, busca fortalecer la prevenci\u00f3n, detecci\u00f3n y denuncia de posibles casos de trata de personas en las operaciones de la aerol\u00ednea. \u2022&nbsp;&nbsp;&nbsp;&nbsp;&nbsp;&nbsp;&nbsp;&nbsp;&nbsp;&nbsp;&nbsp;&nbsp; A trav\u00e9s de una comunicaci\u00f3n proactiva, los usuarios de Avianca tienen acceso a informaci\u00f3n clave como l\u00edneas de atenci\u00f3n por pa\u00eds, mecanismos de detecci\u00f3n y denuncia.&nbsp; En el [&hellip;]<\/p>\n","protected":false},"author":1,"featured_media":8854,"comment_status":"open","ping_status":"open","sticky":false,"template":"","format":"standard","meta":{"footnotes":""},"categories":[4],"tags":[],"class_list":["post-8853","post","type-post","status-publish","format-standard","has-post-thumbnail","hentry","category-negocios"],"_links":{"self":[{"href":"http:\/\/www.elcapital.pe\/index.php?rest_route=\/wp\/v2\/posts\/8853","targetHints":{"allow":["GET"]}}],"collection":[{"href":"http:\/\/www.elcapital.pe\/index.php?rest_route=\/wp\/v2\/posts"}],"about":[{"href":"http:\/\/www.elcapital.pe\/index.php?rest_route=\/wp\/v2\/types\/post"}],"author":[{"embeddable":true,"href":"http:\/\/www.elcapital.pe\/index.php?rest_route=\/wp\/v2\/users\/1"}],"replies":[{"embeddable":true,"href":"http:\/\/www.elcapital.pe\/index.php?rest_route=%2Fwp%2Fv2%2Fcomments&post=8853"}],"version-history":[{"count":1,"href":"http:\/\/www.elcapital.pe\/index.php?rest_route=\/wp\/v2\/posts\/8853\/revisions"}],"predecessor-version":[{"id":8855,"href":"http:\/\/www.elcapital.pe\/index.php?rest_route=\/wp\/v2\/posts\/8853\/revisions\/8855"}],"wp:featuredmedia":[{"embeddable":true,"href":"http:\/\/www.elcapital.pe\/index.php?rest_route=\/wp\/v2\/media\/8854"}],"wp:attachment":[{"href":"http:\/\/www.elcapital.pe\/index.php?rest_route=%2Fwp%2Fv2%2Fmedia&parent=8853"}],"wp:term":[{"taxonomy":"category","embeddable":true,"href":"http:\/\/www.elcapital.pe\/index.php?rest_route=%2Fwp%2Fv2%2Fcategories&post=8853"},{"taxonomy":"post_tag","embeddable":true,"href":"http:\/\/www.elcapital.pe\/index.php?rest_route=%2Fwp%2Fv2%2Ftags&post=8853"}],"curies":[{"name":"wp","href":"https:\/\/api.w.org\/{rel}","templated":true}]}}