{"id":8846,"date":"2025-07-29T20:18:02","date_gmt":"2025-07-30T01:18:02","guid":{"rendered":"https:\/\/www.elcapital.pe\/?p=8846"},"modified":"2025-07-29T20:18:02","modified_gmt":"2025-07-30T01:18:02","slug":"bolivia-rechaza-declaraciones-de-boluarte-y-acusas-ataque-diplomatico","status":"publish","type":"post","link":"http:\/\/www.elcapital.pe\/?p=8846","title":{"rendered":"BOLIVIA RECHAZA DECLARACIONES DE BOLUARTE Y ACUSAS ATAQUE DIPLOMATICO"},"content":{"rendered":"\n<p>El Gobierno de Bolivia expres\u00f3 su \u201cen\u00e9rgico rechazo\u201d a las declaraciones de la presidenta peruana, Dina Boluarte, quien afirm\u00f3 que evit\u00f3 que Per\u00fa se convirtiera en \u201cun Estado fallido como Venezuela, Cuba y Bolivia\u201d. Las palabras fueron pronunciadas el lunes 28 de julio, durante su mensaje al Congreso por Fiestas Patrias, en medio de abucheos y gritos de \u201casesina\u201d por parte de sectores opositores.<\/p>\n\n\n\n<p>Boluarte defendi\u00f3 la legitimidad de su mandato y acus\u00f3 a sus cr\u00edticos de querer sumir al pa\u00eds en el caos con el fin de imponer una nueva Constituci\u00f3n \u201cbajo un poder autoritario e improvisado\u201d.<\/p>\n\n\n\n<p>La reacci\u00f3n de Bolivia no se hizo esperar. El viceministro de Exteriores, Elmer Catarina, convoc\u00f3 al encargado de negocios peruano en La Paz, Carlos Montoya, para expresar la protesta formal. Adem\u00e1s, pidi\u00f3 un informe a su representaci\u00f3n diplom\u00e1tica en Lima sobre el \u201cimpasse\u201d generado.<\/p>\n\n\n\n<p>Catarina record\u00f3 que ambos pa\u00edses comparten una agenda econ\u00f3mica, fronteriza y ambiental, as\u00ed como la membres\u00eda en la CAN y la CELAC. Bolivia celebrar\u00e1 su bicentenario el 6 de agosto, y Per\u00fa ya hab\u00eda confirmado una delegaci\u00f3n oficial. \u201cNos sorprende profundamente lo dicho por Boluarte, dada la alta relaci\u00f3n bilateral\u201d, se\u00f1al\u00f3 el viceministro.<\/p>\n\n\n\n<p>Las tensiones entre ambos gobiernos no son nuevas. Desde que Boluarte asumi\u00f3 en diciembre de 2022, se han producido varios roces diplom\u00e1ticos. Bolivia fue uno de los pa\u00edses que cuestion\u00f3 la destituci\u00f3n de Pedro Castillo y la calific\u00f3 como una ruptura democr\u00e1tica. Per\u00fa respondi\u00f3 acusando injerencia extranjera.<\/p>\n\n\n\n<p>En enero de 2023, Boluarte lleg\u00f3 a acusar a Bolivia de permitir el ingreso de proyectiles letales por la frontera, presuntamente tra\u00eddos por el grupo \u201cPonchos Rojos\u201d. Las movilizaciones en su contra ya sumaban m\u00e1s de 50 muertos, en su mayor\u00eda en Puno, regi\u00f3n lim\u00edtrofe con Bolivia.<\/p>\n\n\n\n<p>En ese contexto, incluso surgieron llamados desde el Congreso peruano para tomar represalias, incluido un pol\u00e9mico pedido de intervenci\u00f3n militar para \u201capropiarse de los recursos bolivianos\u201d, lo que elev\u00f3 a\u00fan m\u00e1s la tensi\u00f3n diplom\u00e1tica.<\/p>\n\n\n\n<p>(Con informaci\u00f3n de EFE y medios locales)<\/p>\n","protected":false},"excerpt":{"rendered":"<p>El Gobierno de Bolivia expres\u00f3 su \u201cen\u00e9rgico rechazo\u201d a las declaraciones de la presidenta peruana, Dina Boluarte, quien afirm\u00f3 que evit\u00f3 que Per\u00fa se convirtiera en \u201cun Estado fallido como Venezuela, Cuba y Bolivia\u201d. Las palabras fueron pronunciadas el lunes 28 de julio, durante su mensaje al Congreso por Fiestas Patrias, en medio de abucheos [&hellip;]<\/p>\n","protected":false},"author":1,"featured_media":8847,"comment_status":"open","ping_status":"open","sticky":false,"template":"","format":"standard","meta":{"footnotes":""},"categories":[2],"tags":[],"class_list":["post-8846","post","type-post","status-publish","format-standard","has-post-thumbnail","hentry","category-actualidad"],"_links":{"self":[{"href":"http:\/\/www.elcapital.pe\/index.php?rest_route=\/wp\/v2\/posts\/8846","targetHints":{"allow":["GET"]}}],"collection":[{"href":"http:\/\/www.elcapital.pe\/index.php?rest_route=\/wp\/v2\/posts"}],"about":[{"href":"http:\/\/www.elcapital.pe\/index.php?rest_route=\/wp\/v2\/types\/post"}],"author":[{"embeddable":true,"href":"http:\/\/www.elcapital.pe\/index.php?rest_route=\/wp\/v2\/users\/1"}],"replies":[{"embeddable":true,"href":"http:\/\/www.elcapital.pe\/index.php?rest_route=%2Fwp%2Fv2%2Fcomments&post=8846"}],"version-history":[{"count":1,"href":"http:\/\/www.elcapital.pe\/index.php?rest_route=\/wp\/v2\/posts\/8846\/revisions"}],"predecessor-version":[{"id":8848,"href":"http:\/\/www.elcapital.pe\/index.php?rest_route=\/wp\/v2\/posts\/8846\/revisions\/8848"}],"wp:featuredmedia":[{"embeddable":true,"href":"http:\/\/www.elcapital.pe\/index.php?rest_route=\/wp\/v2\/media\/8847"}],"wp:attachment":[{"href":"http:\/\/www.elcapital.pe\/index.php?rest_route=%2Fwp%2Fv2%2Fmedia&parent=8846"}],"wp:term":[{"taxonomy":"category","embeddable":true,"href":"http:\/\/www.elcapital.pe\/index.php?rest_route=%2Fwp%2Fv2%2Fcategories&post=8846"},{"taxonomy":"post_tag","embeddable":true,"href":"http:\/\/www.elcapital.pe\/index.php?rest_route=%2Fwp%2Fv2%2Ftags&post=8846"}],"curies":[{"name":"wp","href":"https:\/\/api.w.org\/{rel}","templated":true}]}}