{"id":8824,"date":"2025-07-28T20:34:38","date_gmt":"2025-07-29T01:34:38","guid":{"rendered":"https:\/\/www.elcapital.pe\/?p=8824"},"modified":"2025-07-28T20:34:38","modified_gmt":"2025-07-29T01:34:38","slug":"lula-insta-a-trump-a-reflexionar-y-negociar-antes-de-la-entrada-en-vigor-de-aranceles-contra-brasil","status":"publish","type":"post","link":"http:\/\/www.elcapital.pe\/?p=8824","title":{"rendered":"LULA INSTA A TRUMP A REFLEXIONAR Y NEGOCIAR ANTES DE LA ENTRADA EN VIGOR DE ARANCELES CONTRA BRASIL\u00a0"},"content":{"rendered":"\n<p>A cuatro d\u00edas de que entre en vigor un arancel del 50 % sobre las importaciones brasile\u00f1as en Estados Unidos, el presidente de Brasil, Luiz In\u00e1cio Lula da Silva, pidi\u00f3 este lunes (28.07.2025) a su hom\u00f3logo estadounidense, Donald Trump, que reflexione y acepte sentarse a negociar para evitar una escalada comercial.<\/p>\n\n\n\n<p>\u201cEspero que Trump reflexione sobre la importancia de Brasil y se siente a negociar\u201d, declar\u00f3 Lula durante un acto en el estado de R\u00edo de Janeiro. El mandatario record\u00f3 que ha tratado con varios presidentes estadounidenses en el pasado \u00absin mayores problemas\u00bb, y recalc\u00f3 su disposici\u00f3n al di\u00e1logo: \u201cNo tengo pereza para conversar con nadie\u201d.<\/p>\n\n\n\n<p>El nuevo arancel fue anunciado por Trump bajo la condici\u00f3n de que Brasil detenga los procesos judiciales contra el expresidente Jair Bolsonaro, investigado por intento de golpe de Estado. Sin embargo, el Gobierno brasile\u00f1o ha rechazado tajantemente condicionar decisiones judiciales a presiones comerciales, argumentando que la Justicia act\u00faa con independencia y que no negociar\u00e1 sobre asuntos de soberan\u00eda.<\/p>\n\n\n\n<p>Brasil ha solicitado abrir canales formales de di\u00e1logo para resolver la disputa, pero hasta ahora no ha recibido respuesta oficial de Washington.<\/p>\n\n\n\n<p>Lula responsabiliza a Eduardo Bolsonaro<\/p>\n\n\n\n<p>Lula atribuy\u00f3 la sanci\u00f3n comercial a maniobras del diputado Eduardo Bolsonaro, hijo del expresidente, quien habr\u00eda gestionado ante el gobierno de Trump una presi\u00f3n directa para frenar los juicios contra su padre. El mandatario calific\u00f3 estas gestiones como un acto de traici\u00f3n y lament\u00f3 que se usen los intereses nacionales como moneda de cambio en una disputa personal.<\/p>\n\n\n\n<p>\u201cEl pueblo brasile\u00f1o no merece pagar por los errores de alguien que, en campa\u00f1a, se envolv\u00eda en la bandera nacional, pero hoy muestra m\u00e1s lealtad a Estados Unidos que a Brasil\u201d, afirm\u00f3.<\/p>\n\n\n\n<p>Tierras raras, otro punto de fricci\u00f3n<\/p>\n\n\n\n<p>Lula tambi\u00e9n se refiri\u00f3 a reportes sobre una supuesta propuesta estadounidense para reducir los aranceles si Brasil accede a ceder parte de sus reservas de tierras raras. Dijo haberse enterado de esta intenci\u00f3n por la prensa y dej\u00f3 clara su oposici\u00f3n.<\/p>\n\n\n\n<p>\u201cSi son tan importantes, los vamos a aprovechar nosotros. No voy a permitir que otros se los lleven\u201d, advirti\u00f3.<\/p>\n\n\n\n<p>El presidente detall\u00f3 que su gobierno ha creado una asociaci\u00f3n p\u00fablico-privada para realizar un inventario nacional de los recursos minerales \u2014de los cuales solo se conoce un 30 %\u2014, pero subray\u00f3 que las empresas no est\u00e1n autorizadas a vender los minerales ni mucho menos las tierras que exploran: \u201cSon propiedad del pueblo brasile\u00f1o\u201d.<\/p>\n\n\n\n<p>(Con informaci\u00f3n de EFE y Globo)<\/p>\n","protected":false},"excerpt":{"rendered":"<p>A cuatro d\u00edas de que entre en vigor un arancel del 50 % sobre las importaciones brasile\u00f1as en Estados Unidos, el presidente de Brasil, Luiz In\u00e1cio Lula da Silva, pidi\u00f3 este lunes (28.07.2025) a su hom\u00f3logo estadounidense, Donald Trump, que reflexione y acepte sentarse a negociar para evitar una escalada comercial. \u201cEspero que Trump reflexione [&hellip;]<\/p>\n","protected":false},"author":1,"featured_media":8825,"comment_status":"open","ping_status":"open","sticky":false,"template":"","format":"standard","meta":{"footnotes":""},"categories":[3],"tags":[],"class_list":["post-8824","post","type-post","status-publish","format-standard","has-post-thumbnail","hentry","category-economia"],"_links":{"self":[{"href":"http:\/\/www.elcapital.pe\/index.php?rest_route=\/wp\/v2\/posts\/8824","targetHints":{"allow":["GET"]}}],"collection":[{"href":"http:\/\/www.elcapital.pe\/index.php?rest_route=\/wp\/v2\/posts"}],"about":[{"href":"http:\/\/www.elcapital.pe\/index.php?rest_route=\/wp\/v2\/types\/post"}],"author":[{"embeddable":true,"href":"http:\/\/www.elcapital.pe\/index.php?rest_route=\/wp\/v2\/users\/1"}],"replies":[{"embeddable":true,"href":"http:\/\/www.elcapital.pe\/index.php?rest_route=%2Fwp%2Fv2%2Fcomments&post=8824"}],"version-history":[{"count":1,"href":"http:\/\/www.elcapital.pe\/index.php?rest_route=\/wp\/v2\/posts\/8824\/revisions"}],"predecessor-version":[{"id":8826,"href":"http:\/\/www.elcapital.pe\/index.php?rest_route=\/wp\/v2\/posts\/8824\/revisions\/8826"}],"wp:featuredmedia":[{"embeddable":true,"href":"http:\/\/www.elcapital.pe\/index.php?rest_route=\/wp\/v2\/media\/8825"}],"wp:attachment":[{"href":"http:\/\/www.elcapital.pe\/index.php?rest_route=%2Fwp%2Fv2%2Fmedia&parent=8824"}],"wp:term":[{"taxonomy":"category","embeddable":true,"href":"http:\/\/www.elcapital.pe\/index.php?rest_route=%2Fwp%2Fv2%2Fcategories&post=8824"},{"taxonomy":"post_tag","embeddable":true,"href":"http:\/\/www.elcapital.pe\/index.php?rest_route=%2Fwp%2Fv2%2Ftags&post=8824"}],"curies":[{"name":"wp","href":"https:\/\/api.w.org\/{rel}","templated":true}]}}