{"id":4787,"date":"2024-12-10T20:24:11","date_gmt":"2024-12-11T01:24:11","guid":{"rendered":"https:\/\/www.elcapital.pe\/?p=4787"},"modified":"2024-12-10T20:24:11","modified_gmt":"2024-12-11T01:24:11","slug":"tacna-300-ninos-participaron-de-la-segunda-edicion-de-la-copa-delikranch","status":"publish","type":"post","link":"http:\/\/www.elcapital.pe\/?p=4787","title":{"rendered":"TACNA: 300 NI\u00d1OS PARTICIPARON DE LA SEGUNDA EDICION DE LA COPA DELIKRANCH"},"content":{"rendered":"\n<p>\u25cf Con este evento, Industrias San Miguel &#8211; ISM, a trav\u00e9s de su marca de cereales DeliKranch, reafirm\u00f3 su compromiso con la promoci\u00f3n de estilos de vida saludables y valores.<\/p>\n\n\n\n<p>El pasado 23 de noviembre, el Centro Deportivo del estadio Enrique Paillardelle, en Tacna, fue testigo de la emocionante segunda edici\u00f3n de la Copa DeliKranch, un torneo escolar participativo de f\u00fatbol 7 categor\u00eda 2014, organizado por Industrias San Miguel &#8211; ISM a trav\u00e9s de su marca de cereales DeliKranch. Este evento deportivo, que reuni\u00f3 a ni\u00f1os de 22 equipos, reafirm\u00f3 el compromiso de ISM con la promoci\u00f3n de estilos de vida saludables y valores como el trabajo en equipo y la disciplina.<\/p>\n\n\n\n<p>En esta jornada deportiva y recreativa, los asistentes vivieron momentos de emoci\u00f3n y alegr\u00eda, con partidos cargados de esfuerzo, compa\u00f1erismo y diversi\u00f3n. Tras una serie de encuentros eliminatorios, se definieron a los equipos ganadores, ocupando el primer lugar el IE Coronel Bolognesi, y el segundo el IE San Jos\u00e9 Fe y Alegr\u00eda.<\/p>\n\n\n\n<p>Los equipos campeones recibieron premios que celebran no solo el desempe\u00f1o deportivo, sino tambi\u00e9n la dedicaci\u00f3n y esp\u00edritu competitivo, como trofeos, medallas, canastas de cereales DeliKranch y balones de f\u00fatbol Viniball Pro, marca que tambi\u00e9n se sum\u00f3 a la promoci\u00f3n del deporte infantil.<\/p>\n\n\n\n<p>Durante el evento, los asistentes estuvieron acompa\u00f1ados por el exfutbolista nacional Jaime Drago, quien destac\u00f3 el car\u00e1cter formativo y recreativo de la CopaDeliKranch. \u00abEste torneo no se trata solo de competir, sino de crear un espacio de aprendizaje y convivencia a trav\u00e9s del deporte. Queremos que los ni\u00f1os y sus familias encuentren en estas actividades una oportunidad para crecer y disfrutar de manera saludable\u00bb, expres\u00f3 Drago.<\/p>\n\n\n\n<p>Con esta segunda edici\u00f3n, la CopaDeliKranch contin\u00faa consolid\u00e1ndose como un festival deportivo que fomenta el desarrollo integral de la ni\u00f1ez peruana y fortalece los v\u00ednculos entre ISM y las comunidades locales.<\/p>\n\n\n\n<p>Tacna despide esta edici\u00f3n con gran entusiasmo, dejando en alto el esp\u00edritu deportivo y la importancia de iniciativas que, como la Copa DeliKranch, promueven valores, salud y diversi\u00f3n en las futuras generaciones.<\/p>\n","protected":false},"excerpt":{"rendered":"<p>\u25cf Con este evento, Industrias San Miguel &#8211; ISM, a trav\u00e9s de su marca de cereales DeliKranch, reafirm\u00f3 su compromiso con la promoci\u00f3n de estilos de vida saludables y valores. El pasado 23 de noviembre, el Centro Deportivo del estadio Enrique Paillardelle, en Tacna, fue testigo de la emocionante segunda edici\u00f3n de la Copa DeliKranch, [&hellip;]<\/p>\n","protected":false},"author":1,"featured_media":4788,"comment_status":"open","ping_status":"open","sticky":false,"template":"","format":"standard","meta":{"footnotes":""},"categories":[4],"tags":[],"class_list":["post-4787","post","type-post","status-publish","format-standard","has-post-thumbnail","hentry","category-negocios"],"_links":{"self":[{"href":"http:\/\/www.elcapital.pe\/index.php?rest_route=\/wp\/v2\/posts\/4787","targetHints":{"allow":["GET"]}}],"collection":[{"href":"http:\/\/www.elcapital.pe\/index.php?rest_route=\/wp\/v2\/posts"}],"about":[{"href":"http:\/\/www.elcapital.pe\/index.php?rest_route=\/wp\/v2\/types\/post"}],"author":[{"embeddable":true,"href":"http:\/\/www.elcapital.pe\/index.php?rest_route=\/wp\/v2\/users\/1"}],"replies":[{"embeddable":true,"href":"http:\/\/www.elcapital.pe\/index.php?rest_route=%2Fwp%2Fv2%2Fcomments&post=4787"}],"version-history":[{"count":1,"href":"http:\/\/www.elcapital.pe\/index.php?rest_route=\/wp\/v2\/posts\/4787\/revisions"}],"predecessor-version":[{"id":4789,"href":"http:\/\/www.elcapital.pe\/index.php?rest_route=\/wp\/v2\/posts\/4787\/revisions\/4789"}],"wp:featuredmedia":[{"embeddable":true,"href":"http:\/\/www.elcapital.pe\/index.php?rest_route=\/wp\/v2\/media\/4788"}],"wp:attachment":[{"href":"http:\/\/www.elcapital.pe\/index.php?rest_route=%2Fwp%2Fv2%2Fmedia&parent=4787"}],"wp:term":[{"taxonomy":"category","embeddable":true,"href":"http:\/\/www.elcapital.pe\/index.php?rest_route=%2Fwp%2Fv2%2Fcategories&post=4787"},{"taxonomy":"post_tag","embeddable":true,"href":"http:\/\/www.elcapital.pe\/index.php?rest_route=%2Fwp%2Fv2%2Ftags&post=4787"}],"curies":[{"name":"wp","href":"https:\/\/api.w.org\/{rel}","templated":true}]}}