{"id":4706,"date":"2024-12-06T08:12:37","date_gmt":"2024-12-06T13:12:37","guid":{"rendered":"http:\/\/www.elcapital.pe\/?p=4706"},"modified":"2024-12-06T08:12:37","modified_gmt":"2024-12-06T13:12:37","slug":"avianca-celebra-su-aniversario-numero-105","status":"publish","type":"post","link":"http:\/\/www.elcapital.pe\/?p=4706","title":{"rendered":"\u00a1AVIANCA CELEBRA SU ANIVERSARIO NUMERO 105!"},"content":{"rendered":"\n<p>Con m\u00e1s cielos para volar:<\/p>\n\n\n\n<p>Avianca, la aerol\u00ednea m\u00e1s antigua del continente americano y la segunda m\u00e1s longeva del mundo, celebra con orgullo este 5 de diciembre sus 105 a\u00f1os de historia. Con una s\u00f3lida red de rutas, reafirma su compromiso de conectar los cielos latinoamericanos, consolidando un legado que ha marcado m\u00e1s de un siglo de la aviaci\u00f3n en el continente.<\/p>\n\n\n\n<p>Para conmemorar esta trayectoria, la aerol\u00ednea presenta 105 hitos que destacan momentos emblem\u00e1ticos de su historia, desde vuelos hist\u00f3ricos y el transporte de grandes personalidades, hasta su transformaci\u00f3n hist\u00f3rica.&nbsp;<\/p>\n","protected":false},"excerpt":{"rendered":"<p>Con m\u00e1s cielos para volar: Avianca, la aerol\u00ednea m\u00e1s antigua del continente americano y la segunda m\u00e1s longeva del mundo, celebra con orgullo este 5 de diciembre sus 105 a\u00f1os de historia. Con una s\u00f3lida red de rutas, reafirma su compromiso de conectar los cielos latinoamericanos, consolidando un legado que ha marcado m\u00e1s de un [&hellip;]<\/p>\n","protected":false},"author":1,"featured_media":4707,"comment_status":"open","ping_status":"open","sticky":false,"template":"","format":"standard","meta":{"footnotes":""},"categories":[4],"tags":[],"class_list":["post-4706","post","type-post","status-publish","format-standard","has-post-thumbnail","hentry","category-negocios"],"_links":{"self":[{"href":"http:\/\/www.elcapital.pe\/index.php?rest_route=\/wp\/v2\/posts\/4706","targetHints":{"allow":["GET"]}}],"collection":[{"href":"http:\/\/www.elcapital.pe\/index.php?rest_route=\/wp\/v2\/posts"}],"about":[{"href":"http:\/\/www.elcapital.pe\/index.php?rest_route=\/wp\/v2\/types\/post"}],"author":[{"embeddable":true,"href":"http:\/\/www.elcapital.pe\/index.php?rest_route=\/wp\/v2\/users\/1"}],"replies":[{"embeddable":true,"href":"http:\/\/www.elcapital.pe\/index.php?rest_route=%2Fwp%2Fv2%2Fcomments&post=4706"}],"version-history":[{"count":1,"href":"http:\/\/www.elcapital.pe\/index.php?rest_route=\/wp\/v2\/posts\/4706\/revisions"}],"predecessor-version":[{"id":4708,"href":"http:\/\/www.elcapital.pe\/index.php?rest_route=\/wp\/v2\/posts\/4706\/revisions\/4708"}],"wp:featuredmedia":[{"embeddable":true,"href":"http:\/\/www.elcapital.pe\/index.php?rest_route=\/wp\/v2\/media\/4707"}],"wp:attachment":[{"href":"http:\/\/www.elcapital.pe\/index.php?rest_route=%2Fwp%2Fv2%2Fmedia&parent=4706"}],"wp:term":[{"taxonomy":"category","embeddable":true,"href":"http:\/\/www.elcapital.pe\/index.php?rest_route=%2Fwp%2Fv2%2Fcategories&post=4706"},{"taxonomy":"post_tag","embeddable":true,"href":"http:\/\/www.elcapital.pe\/index.php?rest_route=%2Fwp%2Fv2%2Ftags&post=4706"}],"curies":[{"name":"wp","href":"https:\/\/api.w.org\/{rel}","templated":true}]}}