{"id":4575,"date":"2024-11-27T20:19:56","date_gmt":"2024-11-28T01:19:56","guid":{"rendered":"https:\/\/www.elcapital.pe\/?p=4575"},"modified":"2024-11-27T20:19:56","modified_gmt":"2024-11-28T01:19:56","slug":"conoce-la-campana-navidena-que-alza-la-voz-por-un-peru-que-necesita-paz","status":"publish","type":"post","link":"http:\/\/www.elcapital.pe\/?p=4575","title":{"rendered":"CONOCE LA CAMPA\u00d1A NAVIDE\u00d1A QUE ALZA LA VOZ POR UN PERU QUE NECESITA PAZ"},"content":{"rendered":"\n<p>\u25cf&nbsp;&nbsp;&nbsp;&nbsp;&nbsp;&nbsp;&nbsp;&nbsp;&nbsp;&nbsp;&nbsp;&nbsp; La nueva campa\u00f1a navide\u00f1a de San Jorge tiene como objetivo dar un mensaje de paz para los tiempos complicados que est\u00e1 viviendo el Per\u00fa.<\/p>\n\n\n\n<p>\u25cf&nbsp;&nbsp;&nbsp;&nbsp;&nbsp;&nbsp;&nbsp;&nbsp;&nbsp;&nbsp;&nbsp;&nbsp; Una iniciativa en la que participan los ni\u00f1os del coro Voces del Mantaro en Huancayo, se suma el coro de La Catedral en Trujillo y m\u00e1s de 200 ni\u00f1os del coro M\u00fasica para Crecer, del programa municipal de Lima.<\/p>\n\n\n\n<p>Ante la dif\u00edcil coyuntura que viene atravesando el pa\u00eds, San Jorge ha decidido sumar su voz en esta Navidad para compartir un mensaje de armon\u00eda con el lanzamiento de Por M\u00e1s Noches de Paz, su nueva campa\u00f1a que busca amplificar la voz de los peruanos y las peruanas para expresar la necesidad de tener paz en nuestras familias, ciudades, pueblos y barrios.<\/p>\n\n\n\n<p>Por M\u00e1s Noches de Paz tiene como objetivo dar un importante mensaje de paz para estos tiempos complicados que estamos viviendo, transformando la letra del cl\u00e1sico villancico navide\u00f1o Noche de paz, en colaboraci\u00f3n con los ni\u00f1os del coro M\u00fasica para Crecer del programa municipal de Lima.<\/p>\n\n\n\n<p>Como parte de esta iniciativa, San Jorge grab\u00f3 un primer contenido con el coro de ni\u00f1os Voces del Mantaro cantando una adaptaci\u00f3n especial del tradicional villancico. A esta acci\u00f3n se sum\u00f3 el coro de La Catedral de Trujillo, gracias a la participaci\u00f3n de la empresa GN como aliado.<\/p>\n\n\n\n<p>La campa\u00f1a que implora la paz, tambi\u00e9n se realiz\u00f3 en Lima y cont\u00f3 con la participaci\u00f3n de m\u00e1s de 200 ni\u00f1os del coro municipal M\u00fasica para Crecer, que se reunieron en el Parque Reducto N.\u00b0 2 de Miraflores.<\/p>\n\n\n\n<p>\u201cQueremos que para esta Navidad, San Jorge se centre en hacer una invocaci\u00f3n muy importante por la paz y dejar a un lado las virtudes de nuestros panetones y productos. Nos identificamos con los peruanos y las peruanas, y sobre todo, con la realidad que nos toca vivir. Hemos estado en diversas partes del pa\u00eds y lo que la gente pide es pasar fiestas con tranquilidad, entonces, como peruano pido difundir el concepto de la paz y deseando que la nueva versi\u00f3n del cl\u00e1sico villancico se convierta en un himno de esperanza, no solo de Navidad, sino durante todo el a\u00f1o\u201d, expresa Fernando Mari\u00e1tegui, gerente general de San Jorge.&nbsp;<\/p>\n\n\n\n<p>El video madre de la campa\u00f1a Por M\u00e1s Noches de Paz se publicar\u00e1 pronto a trav\u00e9s de todas las plataformas. Conoce la nueva letra y tambi\u00e9n alza la voz para tener la paz que tanto necesita el Per\u00fa.<\/p>\n\n\n\n<p>\u201cEsta es una Navidad que debe significar un reencuentro con la paz para la sociedad, nos sentimos muy orgullosos de seguir siendo parte de sus celebraciones y reafirmamos nuestro compromiso con el Per\u00fa de continuar ofreciendo productos de calidad pese al a\u00f1o desafiante y encontrar oportunidades incluso en tiempos dif\u00edciles\u201d, finaliza el vocero de San Jorge.<\/p>\n","protected":false},"excerpt":{"rendered":"<p>\u25cf&nbsp;&nbsp;&nbsp;&nbsp;&nbsp;&nbsp;&nbsp;&nbsp;&nbsp;&nbsp;&nbsp;&nbsp; La nueva campa\u00f1a navide\u00f1a de San Jorge tiene como objetivo dar un mensaje de paz para los tiempos complicados que est\u00e1 viviendo el Per\u00fa. \u25cf&nbsp;&nbsp;&nbsp;&nbsp;&nbsp;&nbsp;&nbsp;&nbsp;&nbsp;&nbsp;&nbsp;&nbsp; Una iniciativa en la que participan los ni\u00f1os del coro Voces del Mantaro en Huancayo, se suma el coro de La Catedral en Trujillo y m\u00e1s de 200 ni\u00f1os [&hellip;]<\/p>\n","protected":false},"author":1,"featured_media":4576,"comment_status":"open","ping_status":"open","sticky":false,"template":"","format":"standard","meta":{"footnotes":""},"categories":[4],"tags":[],"class_list":["post-4575","post","type-post","status-publish","format-standard","has-post-thumbnail","hentry","category-negocios"],"_links":{"self":[{"href":"http:\/\/www.elcapital.pe\/index.php?rest_route=\/wp\/v2\/posts\/4575","targetHints":{"allow":["GET"]}}],"collection":[{"href":"http:\/\/www.elcapital.pe\/index.php?rest_route=\/wp\/v2\/posts"}],"about":[{"href":"http:\/\/www.elcapital.pe\/index.php?rest_route=\/wp\/v2\/types\/post"}],"author":[{"embeddable":true,"href":"http:\/\/www.elcapital.pe\/index.php?rest_route=\/wp\/v2\/users\/1"}],"replies":[{"embeddable":true,"href":"http:\/\/www.elcapital.pe\/index.php?rest_route=%2Fwp%2Fv2%2Fcomments&post=4575"}],"version-history":[{"count":1,"href":"http:\/\/www.elcapital.pe\/index.php?rest_route=\/wp\/v2\/posts\/4575\/revisions"}],"predecessor-version":[{"id":4577,"href":"http:\/\/www.elcapital.pe\/index.php?rest_route=\/wp\/v2\/posts\/4575\/revisions\/4577"}],"wp:featuredmedia":[{"embeddable":true,"href":"http:\/\/www.elcapital.pe\/index.php?rest_route=\/wp\/v2\/media\/4576"}],"wp:attachment":[{"href":"http:\/\/www.elcapital.pe\/index.php?rest_route=%2Fwp%2Fv2%2Fmedia&parent=4575"}],"wp:term":[{"taxonomy":"category","embeddable":true,"href":"http:\/\/www.elcapital.pe\/index.php?rest_route=%2Fwp%2Fv2%2Fcategories&post=4575"},{"taxonomy":"post_tag","embeddable":true,"href":"http:\/\/www.elcapital.pe\/index.php?rest_route=%2Fwp%2Fv2%2Ftags&post=4575"}],"curies":[{"name":"wp","href":"https:\/\/api.w.org\/{rel}","templated":true}]}}