{"id":4569,"date":"2024-11-27T20:03:35","date_gmt":"2024-11-28T01:03:35","guid":{"rendered":"https:\/\/www.elcapital.pe\/?p=4569"},"modified":"2024-11-27T20:03:35","modified_gmt":"2024-11-28T01:03:35","slug":"como-reconocer-si-yo-o-alguna-mujer-esta-siendo-victima-de-violencia-de-genero","status":"publish","type":"post","link":"http:\/\/www.elcapital.pe\/?p=4569","title":{"rendered":"\u00bfCOMO RECONOCER SI YO O ALGUNA MUJER ESTA SIENDO VICTIMA DE VIOLENCIA DE GENERO?"},"content":{"rendered":"\n<p>\u2022&nbsp;&nbsp;&nbsp;&nbsp;&nbsp;&nbsp;&nbsp;&nbsp;&nbsp;&nbsp;&nbsp;&nbsp; Es importante tomar en consideraci\u00f3n diversas se\u00f1ales que ayudan a identificar si alguna mujer est\u00e1 sufriendo alg\u00fan tipo de violencia.<\/p>\n\n\n\n<p>\u2022&nbsp;&nbsp;&nbsp;&nbsp;&nbsp;&nbsp;&nbsp;&nbsp;&nbsp;&nbsp;&nbsp;&nbsp; 2% de las mujeres que enfrentan situaciones de violencia iniciaron un proceso de denuncia judicial por agresiones f\u00edsicas o psicol\u00f3gicas, seg\u00fan Avon.<\/p>\n\n\n\n<p>Los \u00faltimos d\u00edas de noviembre se ti\u00f1en de naranja, el color que simboliza la erradicaci\u00f3n de la violencia de g\u00e9nero a nivel global. Cada 25 de noviembre (25N) se conmemora el D\u00eda Internacional de la Eliminaci\u00f3n de la Violencia contra la Mujer, marcando el inicio de los 16 D\u00edas de Activismo por el Fin de la Violencia contra las Mujeres. Esta iniciativa, promovida por la Organizaci\u00f3n de las Naciones Unidas (ONU), busca crear conciencia y fomentar acciones concretas para liberar a las mujeres de los ciclos de violencia.<\/p>\n\n\n\n<p>Estas situaciones adversas, vividas \u00fanicamente por el hecho de ser mujeres, demandan un enorme esfuerzo y un largo camino por recorrer para superarlas. Este proceso, conocido como la Ruta Cr\u00edtica, comienza cuando una mujer reconoce que est\u00e1 siendo v\u00edctima de violencia de g\u00e9nero e incluye todas las acciones que realiza para liberarse de ella.<\/p>\n\n\n\n<p>Consciente de esta situaci\u00f3n que muchas mujeres enfrentan, Alexandra Oliva, gerente de Reputaci\u00f3n y Comunicaci\u00f3n Corporativa de Avon, una marca profundamente comprometida con apoyar a las mujeres, comparte las principales se\u00f1ales de violencia de g\u00e9nero e invita a identificarlas para apoyar a las mujeres que est\u00e1n comenzando su Ruta Cr\u00edtica o que ya se encuentran en ella:<\/p>\n\n\n\n<p>1.&nbsp;&nbsp;&nbsp;&nbsp;&nbsp;&nbsp;&nbsp;&nbsp;&nbsp;&nbsp;&nbsp; Lesiones f\u00edsicas recurrentes: las mujeres pueden presentar heridas visibles como golpes, quemaduras o fracturas, a menudo acompa\u00f1adas de explicaciones inconsistentes sobre su origen. Estas lesiones pueden ser indicadores de violencia f\u00edsica persistente.<\/p>\n\n\n\n<p>2.&nbsp;&nbsp;&nbsp;&nbsp;&nbsp;&nbsp;&nbsp;&nbsp;&nbsp;&nbsp;&nbsp; Cambios en la salud mental: problemas como depresi\u00f3n, ansiedad o trastornos relacionados con el consumo de alcohol pueden surgir como resultado de la violencia. Es com\u00fan que las v\u00edctimas experimenten retraimiento social, miedo constante o baja autoestima.<\/p>\n\n\n\n<p>3.&nbsp;&nbsp;&nbsp;&nbsp;&nbsp;&nbsp;&nbsp;&nbsp;&nbsp;&nbsp;&nbsp; Aislamiento social: la v\u00edctima puede reducir o romper el contacto con familiares y amigos debido al control ejercido por su agresor. Esto incluye restricciones en la comunicaci\u00f3n, salidas limitadas o vigilancia constante.<\/p>\n\n\n\n<p>4.&nbsp;&nbsp;&nbsp;&nbsp;&nbsp;&nbsp;&nbsp;&nbsp;&nbsp;&nbsp;&nbsp; Dependencia econ\u00f3mica: el agresor puede impedir que la mujer tenga acceso a sus recursos financieros, limitar sus ingresos o incluso controlar sus decisiones laborales, lo que incrementa la dependencia y dificulta salir de la situaci\u00f3n.<\/p>\n\n\n\n<p>5.&nbsp;&nbsp;&nbsp;&nbsp;&nbsp;&nbsp;&nbsp;&nbsp;&nbsp;&nbsp;&nbsp; Expresiones de miedo o inseguridad: las v\u00edctimas suelen mostrar temor hacia su pareja, evitando confrontaciones o expresando ansiedad constante por c\u00f3mo reaccionar\u00e1 el agresor ante sus acciones.<\/p>\n\n\n\n<p>\u201cEs fundamental que como sociedad trabajemos juntos para erradicar la violencia de g\u00e9nero, empezando por identificar las se\u00f1ales de alerta. Cada v\u00edctima atraviesa una Ruta Cr\u00edtica distinta y profundamente personal, lo que hace indispensable contar con un gran aliado en esta lucha: nuestras voces. Voces que denuncien con firmeza, pero tambi\u00e9n voces que sean escuchadas con empat\u00eda, formando una red solidaria contra la violencia. De eso trata Hagamos Red, nuestra campa\u00f1a de concientizaci\u00f3n para superar la violencia, con la que nos unimos a los 16 D\u00edas de Activismo de la ONU\u201d, se\u00f1ala Oliva.<\/p>\n\n\n\n<p>La importancia de este tipo de iniciativas se pone en evidencia en el informe sobre la Ruta Cr\u00edtica \u201cAvon: poner fin a la violencia hacia mujeres y ni\u00f1as\u201d, donde se se\u00f1ala que 9 de cada 10 personas en la regi\u00f3n consideran que la violencia de g\u00e9nero es un problema grave o muy grave. No obstante, solamente el 2% de las mujeres que enfrentan situaciones de violencia iniciaron un proceso de denuncia judicial por agresiones f\u00edsicas o psicol\u00f3gicas.<\/p>\n\n\n\n<p>\u00bfExisten diferentes tipos de violencia contra la mujer?<\/p>\n\n\n\n<p>No todas las situaciones de violencia se manifiestan igual, tambi\u00e9n existen agresiones sociales, a trav\u00e9s de la exclusi\u00f3n, o econ\u00f3micas, mediante din\u00e1micas financieras y laborales abusivas y discriminatorias, seg\u00fan se\u00f1ala la jefa de Sustentabilidad de Avon. \u201cSeg\u00fan el estudio \u201cComplementariedad de G\u00e9neros\u201d, desarrollado por Avon y Gentedemente, el 50% de los hombres cree que hay equidad de g\u00e9nero en su sociedad, mientras que solo 1 de cada 3 mujeres lo percibe de igual manera. Por otro lado, se indica que el 56% de las mujeres con educaci\u00f3n alta (universitario o t\u00e9cnica superior) trabajan media jornada o no tienen trabajo remunerado, mientras que esta situaci\u00f3n se replica en apenas el 39% de los hombres\u201d, comenta.<\/p>\n\n\n\n<p>Ello demuestra que la lucha por la erradicaci\u00f3n de la violencia de g\u00e9nero debe ser una constante, hasta que ninguna mujer vea menoscabado su bienestar f\u00edsico, mental o econ\u00f3mica. De esta manera, las sociedades progresar\u00e1n de una manera m\u00e1s equitativa y justa.<\/p>\n\n\n\n<p><\/p>\n","protected":false},"excerpt":{"rendered":"<p>\u2022&nbsp;&nbsp;&nbsp;&nbsp;&nbsp;&nbsp;&nbsp;&nbsp;&nbsp;&nbsp;&nbsp;&nbsp; Es importante tomar en consideraci\u00f3n diversas se\u00f1ales que ayudan a identificar si alguna mujer est\u00e1 sufriendo alg\u00fan tipo de violencia. \u2022&nbsp;&nbsp;&nbsp;&nbsp;&nbsp;&nbsp;&nbsp;&nbsp;&nbsp;&nbsp;&nbsp;&nbsp; 2% de las mujeres que enfrentan situaciones de violencia iniciaron un proceso de denuncia judicial por agresiones f\u00edsicas o psicol\u00f3gicas, seg\u00fan Avon. Los \u00faltimos d\u00edas de noviembre se ti\u00f1en de naranja, el color [&hellip;]<\/p>\n","protected":false},"author":1,"featured_media":4570,"comment_status":"open","ping_status":"open","sticky":false,"template":"","format":"standard","meta":{"footnotes":""},"categories":[4],"tags":[],"class_list":["post-4569","post","type-post","status-publish","format-standard","has-post-thumbnail","hentry","category-negocios"],"_links":{"self":[{"href":"http:\/\/www.elcapital.pe\/index.php?rest_route=\/wp\/v2\/posts\/4569","targetHints":{"allow":["GET"]}}],"collection":[{"href":"http:\/\/www.elcapital.pe\/index.php?rest_route=\/wp\/v2\/posts"}],"about":[{"href":"http:\/\/www.elcapital.pe\/index.php?rest_route=\/wp\/v2\/types\/post"}],"author":[{"embeddable":true,"href":"http:\/\/www.elcapital.pe\/index.php?rest_route=\/wp\/v2\/users\/1"}],"replies":[{"embeddable":true,"href":"http:\/\/www.elcapital.pe\/index.php?rest_route=%2Fwp%2Fv2%2Fcomments&post=4569"}],"version-history":[{"count":1,"href":"http:\/\/www.elcapital.pe\/index.php?rest_route=\/wp\/v2\/posts\/4569\/revisions"}],"predecessor-version":[{"id":4571,"href":"http:\/\/www.elcapital.pe\/index.php?rest_route=\/wp\/v2\/posts\/4569\/revisions\/4571"}],"wp:featuredmedia":[{"embeddable":true,"href":"http:\/\/www.elcapital.pe\/index.php?rest_route=\/wp\/v2\/media\/4570"}],"wp:attachment":[{"href":"http:\/\/www.elcapital.pe\/index.php?rest_route=%2Fwp%2Fv2%2Fmedia&parent=4569"}],"wp:term":[{"taxonomy":"category","embeddable":true,"href":"http:\/\/www.elcapital.pe\/index.php?rest_route=%2Fwp%2Fv2%2Fcategories&post=4569"},{"taxonomy":"post_tag","embeddable":true,"href":"http:\/\/www.elcapital.pe\/index.php?rest_route=%2Fwp%2Fv2%2Ftags&post=4569"}],"curies":[{"name":"wp","href":"https:\/\/api.w.org\/{rel}","templated":true}]}}