{"id":3547,"date":"2024-07-31T19:57:23","date_gmt":"2024-08-01T00:57:23","guid":{"rendered":"https:\/\/www.elcapital.pe\/?p=3547"},"modified":"2024-07-31T19:57:23","modified_gmt":"2024-08-01T00:57:23","slug":"gobierno-aprueba-decreto-que-declara-en-emergencia-distritos-de-arequipa-y-moquegua","status":"publish","type":"post","link":"http:\/\/www.elcapital.pe\/?p=3547","title":{"rendered":"GOBIERNO APRUEBA DECRETO QUE DECLARA EN EMERGENCIA DISTRITOS DE AREQUIPA Y MOQUEGUA"},"content":{"rendered":"\n<p>Por contaminaci\u00f3n h\u00eddrica<\/p>\n\n\n\n<p>El jefe del Gabinete Ministerial, Gustavo Adrianz\u00e9n, inform\u00f3 que el Consejo de Ministros, aprob\u00f3 el decreto supremo que declara el estado de emergencia en varios distritos de Arequipa y Moquegua por la contaminaci\u00f3n h\u00eddrica en la cuenca de Coralaque y el Valle de Tambo.<\/p>\n\n\n\n<p>En conferencia de prensa detall\u00f3 que la declaratoria ser\u00e1 por 60 d\u00edas, periodo en el que se puede realizar los estudios correspondientes.<\/p>\n\n\n\n<p>\u00abYa se est\u00e1n haciendo las evaluaciones y estudios para determinar la viabilidad o no de la solicitud de cierre definitivo de la mina de donde se presume proviene esta contaminaci\u00f3n, estas aguas \u00e1cidas\u00bb, precis\u00f3.<\/p>\n\n\n\n<p>El jefe del gabinete ministerial inform\u00f3 que el Ministerio del Ambiente y el Ministerio de Energ\u00eda y Minas tomaron acciones inmediatas frente a la contaminaci\u00f3n h\u00eddrica en la cuenca de Coralaque y el Valle de Tambo, lo cual incluy\u00f3 un viaje a la zona del problema y reuniones con los gobernadores de Moquegua y Arequipa.<\/p>\n\n\n\n<p>De igual manera, destac\u00f3 la instalaci\u00f3n de una oficina permanente del Organismo de Evaluaci\u00f3n y Fiscalizaci\u00f3n Ambiental (OEFA) en Quinistaquillas para fortalecer acciones de fiscalizaci\u00f3n ambiental en la cuenca del r\u00edo Tambo.<\/p>\n\n\n\n<p>Adem\u00e1s, el presidente del Consejo de Ministros mencion\u00f3 que tras la declaratoria de emergencia se pueden realizar acciones de ayuda humanitaria en las comunidades afectadas por la contaminaci\u00f3n.<\/p>\n\n\n\n<p>&nbsp;Uchuraccay<\/p>\n\n\n\n<p>De otro lado, Adrianz\u00e9n inform\u00f3 que en la zona del Valle de los r\u00edos Apur\u00edmac, Ene y Mantaro (VRAEM), se aprob\u00f3 levantar el estado de emergencia en tres distritos, entre ellos Uchuraccay.&nbsp; Precis\u00f3 que de 35 jurisdicciones en estado de excepci\u00f3n se baj\u00f3 a 32.<\/p>\n\n\n\n<p>Resalt\u00f3 que despu\u00e9s de a\u00f1os, los pobladores de dichas jurisdicciones pobladores recuperan todos sus derechos, luego de tenerlos restringidos.<\/p>\n\n\n\n<p>\u00abEl prop\u00f3sito del gobierno de la presidenta de Dina Boluarte es que progresivamente vayan levant\u00e1ndose estados de emergencia en el VRAEM, conforme se pueda identificar la no presencia de actividades terroristas ni tr\u00e1fico il\u00edcito de drogas\u00bb, expres\u00f3.<\/p>\n\n\n\n<p>El jefe del gabinete ministerial inform\u00f3 que el Consejo de Ministros tambi\u00e9n aprob\u00f3 un decreto supremo que autoriza una subvenci\u00f3n adicional a favor de la Fundaci\u00f3n Peruana de C\u00e1ncer a fin que pueda cubrir los gastos en que incurre para el albergue de las familias de pacientes oncol\u00f3gicos.<\/p>\n\n\n\n<p>Corredor vial<\/p>\n\n\n\n<p>Finalmente, indic\u00f3 que se aprob\u00f3 un decreto para prorrogar el estado de emergencia en San Rom\u00e1n en Puno, as\u00ed como en el corredor vial sur, que comprende la zona minera de Apur\u00edmac, Cusco y Arequipa.<\/p>\n","protected":false},"excerpt":{"rendered":"<p>Por contaminaci\u00f3n h\u00eddrica El jefe del Gabinete Ministerial, Gustavo Adrianz\u00e9n, inform\u00f3 que el Consejo de Ministros, aprob\u00f3 el decreto supremo que declara el estado de emergencia en varios distritos de Arequipa y Moquegua por la contaminaci\u00f3n h\u00eddrica en la cuenca de Coralaque y el Valle de Tambo. En conferencia de prensa detall\u00f3 que la declaratoria [&hellip;]<\/p>\n","protected":false},"author":1,"featured_media":3548,"comment_status":"open","ping_status":"open","sticky":false,"template":"","format":"standard","meta":{"footnotes":""},"categories":[2],"tags":[],"class_list":["post-3547","post","type-post","status-publish","format-standard","has-post-thumbnail","hentry","category-actualidad"],"_links":{"self":[{"href":"http:\/\/www.elcapital.pe\/index.php?rest_route=\/wp\/v2\/posts\/3547","targetHints":{"allow":["GET"]}}],"collection":[{"href":"http:\/\/www.elcapital.pe\/index.php?rest_route=\/wp\/v2\/posts"}],"about":[{"href":"http:\/\/www.elcapital.pe\/index.php?rest_route=\/wp\/v2\/types\/post"}],"author":[{"embeddable":true,"href":"http:\/\/www.elcapital.pe\/index.php?rest_route=\/wp\/v2\/users\/1"}],"replies":[{"embeddable":true,"href":"http:\/\/www.elcapital.pe\/index.php?rest_route=%2Fwp%2Fv2%2Fcomments&post=3547"}],"version-history":[{"count":1,"href":"http:\/\/www.elcapital.pe\/index.php?rest_route=\/wp\/v2\/posts\/3547\/revisions"}],"predecessor-version":[{"id":3549,"href":"http:\/\/www.elcapital.pe\/index.php?rest_route=\/wp\/v2\/posts\/3547\/revisions\/3549"}],"wp:featuredmedia":[{"embeddable":true,"href":"http:\/\/www.elcapital.pe\/index.php?rest_route=\/wp\/v2\/media\/3548"}],"wp:attachment":[{"href":"http:\/\/www.elcapital.pe\/index.php?rest_route=%2Fwp%2Fv2%2Fmedia&parent=3547"}],"wp:term":[{"taxonomy":"category","embeddable":true,"href":"http:\/\/www.elcapital.pe\/index.php?rest_route=%2Fwp%2Fv2%2Fcategories&post=3547"},{"taxonomy":"post_tag","embeddable":true,"href":"http:\/\/www.elcapital.pe\/index.php?rest_route=%2Fwp%2Fv2%2Ftags&post=3547"}],"curies":[{"name":"wp","href":"https:\/\/api.w.org\/{rel}","templated":true}]}}