{"id":3529,"date":"2024-07-30T08:26:44","date_gmt":"2024-07-30T13:26:44","guid":{"rendered":"https:\/\/www.elcapital.pe\/?p=3529"},"modified":"2024-07-30T08:26:44","modified_gmt":"2024-07-30T13:26:44","slug":"asi-respondieron-los-siete-paises-latinoamericanos-al-retiro-de-embajadores-de-venezuela","status":"publish","type":"post","link":"http:\/\/www.elcapital.pe\/?p=3529","title":{"rendered":"ASI RESPONDIERON LOS SIETE PAISES LATINOAMERICANOS AL RETIRO DE EMBAJADORES DE VENEZUELA"},"content":{"rendered":"\n<p>Desde solicitar un reconteo de votos hasta expresos temores de fraude, la comunidad internacional no tard\u00f3 en reaccionar a la cuestionada reelecci\u00f3n del presidente Nicol\u00e1s Maduro, quien contraatac\u00f3 al retirar el personal diplom\u00e1tico de Venezuela en Argentina, Chile, Costa Rica, Panam\u00e1, Per\u00fa, Rep\u00fablica Dominicana y Uruguay.<\/p>\n\n\n\n<p>Estos siete pa\u00edses latinoamericanos, junto con Ecuador y Paraguay, hab\u00edan considerado \u00abindispensable\u00bb que existieran \u00abgarant\u00edas de que los resultados electorales respetar\u00e1n a cabalidad la voluntad popular expresada por el pueblo venezolano en las urnas\u00bb, en un comunicado conjunto publicado la v\u00edspera.<\/p>\n\n\n\n<p>Tras el anuncio de la autoridad electoral venezolana que dio por ganador a Maduro con el 51% de los votos sobre el candidato opositor Edmundo Gonz\u00e1lez Urrutia (44%), representante de la carism\u00e1tica l\u00edder Mar\u00eda Corina Machado; una ola de descr\u00e9dito se esparci\u00f3 por varios pa\u00edses de Am\u00e9rica, e inclusive la ONU.<\/p>\n\n\n\n<p>En un comunicado, la canciller\u00eda venezolana consider\u00f3 que la posici\u00f3n de esos siete gobiernos \u00abatenta contra la soberan\u00eda nacional\u00bb y exigi\u00f3 el lunes, 29 de julio, que se retiraran tambi\u00e9n los diplom\u00e1ticos de esos pa\u00edses acreditados en Caracas.<\/p>\n\n\n\n<p>Los gobiernos, en distintos niveles, no tardaron en responder:<\/p>\n\n\n\n<p>Panam\u00e1<\/p>\n\n\n\n<p>El presidente de Panam\u00e1, Jos\u00e9 Ra\u00fal Mulino, anunci\u00f3 el retiro de sus diplom\u00e1ticos en Venezuela y puso \u00aben suspenso\u00bb las relaciones con Caracas.<\/p>\n\n\n\n<p>Ser\u00e1 el caso \u00abhasta tanto no se realice una revisi\u00f3n completa de las actas y el sistema inform\u00e1tico del escrutinio de votaci\u00f3n que permitan conocer la genuina voluntad popular\u00bb, dijo Mulino en conferencia de prensa.<\/p>\n\n\n\n<p>Ambos pa\u00edses no tienen embajadores, por lo que la relaci\u00f3n bilateral se mantiene con encargados de negocios.<\/p>\n\n\n\n<p>Chile<\/p>\n\n\n\n<p>\u00abEs s\u00f3lo propio de reg\u00edmenes dictatoriales\u00bb, agreg\u00f3 el canciller chileno Alberto Van Klaveren, en declaraciones a CNN Chile, al ser preguntado por la decisi\u00f3n de Maduro.<\/p>\n\n\n\n<p>\u00abNo tengo recuerdo de una medida de esas caracter\u00edsticas y, lo que revela, es el aislamiento que tiene el gobierno venezolano\u00bb, se\u00f1al\u00f3 el diplom\u00e1tico.<\/p>\n\n\n\n<p>De su lado, la ministra del Interior, Carolina Toh\u00e1, quien ejerce como vicepresidenta del pa\u00eds al estar Boric de gira en Emiratos \u00c1rabes, indic\u00f3 que los esfuerzos de Chile se concentrar\u00e1n en \u00ablograr que las elecciones que hubo hace pocas horas en Venezuela tengan un resultado transparente, validado y se respete la voluntad del pueblo venezolano\u00bb.<\/p>\n\n\n\n<p>Per\u00fa<\/p>\n\n\n\n<p>En una medida rec\u00edproca, Per\u00fa orden\u00f3 a los funcionarios venezolanos abandonar el pa\u00eds andino \u00aben un plazo no mayor a 72 horas\u00bb ante \u00ablas graves y arbitrarias decisiones tomadas hoy por el r\u00e9gimen venezolano\u00bb, inform\u00f3 en un comunicado.<\/p>\n\n\n\n<p>Argentina<\/p>\n\n\n\n<p>\u00abArgentina no ha roto v\u00ednculos con Venezuela. Si ellos lo han hecho, no nos lo han transmitido todav\u00eda\u00bb, aclar\u00f3 la canciller argentina, Diana Mondino, al canal LN+.<\/p>\n\n\n\n<p>Al ser preguntada sobre una eventual ruptura de relaciones, contest\u00f3 que \u00abser\u00eda otro disparate a los que Maduro ya nos est\u00e1 acostumbrando\u00bb.<\/p>\n\n\n\n<p>\u00abNo tiene ninguna l\u00f3gica pensar que cortando relaciones la situaci\u00f3n de ellos podr\u00eda mejorar\u00bb, dijo.<\/p>\n\n\n\n<p>En la embajada de Argentina en Caracas se encuentran refugiados desde hace semanas seis colaboradores de Machado, una situaci\u00f3n que Mondino calific\u00f3 de \u00abcompleja\u00bb pues \u00abno dan autorizaci\u00f3n o no contestan o no sabemos qu\u00e9 hacer con las personas que est\u00e1n refugiadas\u00bb.<\/p>\n\n\n\n<p>La canciller destac\u00f3 que \u00aben el caso de que nuestros diplom\u00e1ticos tuvieran que dejar la embajada, tiene la obligaci\u00f3n, el gobierno de Venezuela, de dejarles salir (a los refugiados) con nuestros diplom\u00e1ticos\u00bb.<\/p>\n\n\n\n<p>\u00abEs realmente inaudito\u00bb.<\/p>\n\n\n\n<p>Uruguay<\/p>\n\n\n\n<p>Para el gobierno de Luis Lacalle Pou, se trata de una \u00abdecisi\u00f3n intempestiva, injustificada, del r\u00e9gimen de Maduro ante una preocupaci\u00f3n leg\u00edtima planteada por Uruguay por el proceso electoral\u00bb, dijo a la AFP una fuente del Ministerio de Relaciones Exteriores uruguayo.<\/p>\n\n\n\n<p>\u00abEn las pr\u00f3ximas horas se va a estar decidiendo qu\u00e9 va a pasar con la embajadora Silvana Montes de Oca y con el personal diplom\u00e1tico que est\u00e1 en Caracas\u00bb, precis\u00f3 la fuente.<\/p>\n\n\n\n<p>Costa Rica<\/p>\n\n\n\n<p>Seg\u00fan una fuente de la canciller\u00eda costarricense, el pa\u00eds centroamericano no cuenta con ning\u00fan representante diplom\u00e1tico en Venezuela, por lo que la medida de Maduro no tiene efecto pr\u00e1ctico.<\/p>\n\n\n\n<p>La misma fuente asegura que Caracas no tiene representantes diplom\u00e1ticos, aunque hay dos funcionarios consulares trabajando en un inmueble en la capital San Jos\u00e9 con un r\u00f3tulo que reza \u00abEmbajada de Venezuela\u00bb.<\/p>\n\n\n\n<p>Costa Rica suspendi\u00f3 relaciones diplom\u00e1ticas con el gobierno de Maduro desde 2020, con el retiro de un funcionario diplom\u00e1tico costarricense y el cierre de la embajada y consulado, que se hizo efectivo a partir del 1 de octubre de ese a\u00f1o.<\/p>\n\n\n\n<p>En 2023, se reanudaron las relaciones consulares, no diplom\u00e1ticas; pese a que en este momento no hay personal ni diplom\u00e1tico ni consular en Venezuela.<\/p>\n\n\n\n<p>Costa Rica brinda atenci\u00f3n desde sus consulados en Panam\u00e1, Colombia y Rep\u00fablica Dominicana.<\/p>\n\n\n\n<p>Rep\u00fablica Dominicana<\/p>\n\n\n\n<p>El presidente dominicano, Luis Abinader, expres\u00f3 en X su \u00abprofunda preocupaci\u00f3n por el proceso electoral en Venezuela, pues la transparencia debe ser la base de su legitimidad\u00bb.<\/p>\n\n\n\n<p>El pa\u00eds caribe\u00f1o no se ha manifestado de momento sobre el retiro de personal diplom\u00e1tico anunciado por Maduro.<\/p>\n","protected":false},"excerpt":{"rendered":"<p>Desde solicitar un reconteo de votos hasta expresos temores de fraude, la comunidad internacional no tard\u00f3 en reaccionar a la cuestionada reelecci\u00f3n del presidente Nicol\u00e1s Maduro, quien contraatac\u00f3 al retirar el personal diplom\u00e1tico de Venezuela en Argentina, Chile, Costa Rica, Panam\u00e1, Per\u00fa, Rep\u00fablica Dominicana y Uruguay. Estos siete pa\u00edses latinoamericanos, junto con Ecuador y Paraguay, [&hellip;]<\/p>\n","protected":false},"author":1,"featured_media":3530,"comment_status":"open","ping_status":"open","sticky":false,"template":"","format":"standard","meta":{"footnotes":""},"categories":[2],"tags":[],"class_list":["post-3529","post","type-post","status-publish","format-standard","has-post-thumbnail","hentry","category-actualidad"],"_links":{"self":[{"href":"http:\/\/www.elcapital.pe\/index.php?rest_route=\/wp\/v2\/posts\/3529","targetHints":{"allow":["GET"]}}],"collection":[{"href":"http:\/\/www.elcapital.pe\/index.php?rest_route=\/wp\/v2\/posts"}],"about":[{"href":"http:\/\/www.elcapital.pe\/index.php?rest_route=\/wp\/v2\/types\/post"}],"author":[{"embeddable":true,"href":"http:\/\/www.elcapital.pe\/index.php?rest_route=\/wp\/v2\/users\/1"}],"replies":[{"embeddable":true,"href":"http:\/\/www.elcapital.pe\/index.php?rest_route=%2Fwp%2Fv2%2Fcomments&post=3529"}],"version-history":[{"count":1,"href":"http:\/\/www.elcapital.pe\/index.php?rest_route=\/wp\/v2\/posts\/3529\/revisions"}],"predecessor-version":[{"id":3531,"href":"http:\/\/www.elcapital.pe\/index.php?rest_route=\/wp\/v2\/posts\/3529\/revisions\/3531"}],"wp:featuredmedia":[{"embeddable":true,"href":"http:\/\/www.elcapital.pe\/index.php?rest_route=\/wp\/v2\/media\/3530"}],"wp:attachment":[{"href":"http:\/\/www.elcapital.pe\/index.php?rest_route=%2Fwp%2Fv2%2Fmedia&parent=3529"}],"wp:term":[{"taxonomy":"category","embeddable":true,"href":"http:\/\/www.elcapital.pe\/index.php?rest_route=%2Fwp%2Fv2%2Fcategories&post=3529"},{"taxonomy":"post_tag","embeddable":true,"href":"http:\/\/www.elcapital.pe\/index.php?rest_route=%2Fwp%2Fv2%2Ftags&post=3529"}],"curies":[{"name":"wp","href":"https:\/\/api.w.org\/{rel}","templated":true}]}}