{"id":3508,"date":"2024-07-27T21:31:53","date_gmt":"2024-07-28T02:31:53","guid":{"rendered":"http:\/\/www.elcapital.pe\/?p=3508"},"modified":"2024-07-27T21:31:53","modified_gmt":"2024-07-28T02:31:53","slug":"los-cuatro-protagonistas-en-la-contienda-presidencial-venezolana","status":"publish","type":"post","link":"http:\/\/www.elcapital.pe\/?p=3508","title":{"rendered":"LOS CUATRO PROTAGONISTAS EN LA CONTIENDA PRESIDENCIAL VENEZOLANA"},"content":{"rendered":"\n<p>El 28 de julio en Venezuela ser\u00e1n las elecciones presidenciales. Esta vez, con la esperanza puesta en el acuerdo firmado en 2023 sobre la promoci\u00f3n de derechos pol\u00edticos y garant\u00edas electorales para todos los venezolanos, la oposici\u00f3n tiene una oportunidad de llegar fortalecida. A continuaci\u00f3n, un repaso a las caras m\u00e1s importantes de este proceso electoral, fundamentales para entender el entramado pol\u00edtico del pa\u00eds sudamericano.<\/p>\n\n\n\n<p>Apenas unos d\u00edas antes de las elecciones presidenciales en Venezuela hay expectativa sobre lo que pasar\u00e1 en ese pa\u00eds, enmarcada en los derechos pol\u00edticos y garant\u00edas electorales del Acuerdo de Barbados, firmado en 2023, entre el oficialismo y la oposici\u00f3n, que est\u00e1 unida por primera vez en d\u00e9cadas.<\/p>\n\n\n\n<p>Al respecto, Giulio Cellini, consultor pol\u00edtico y director de Log Consultancy, le dijo a la Agencia EFE:<\/p>\n\n\n\n<p>Vista la oportunidad de que se produzca el cambio pol\u00edtico, vista la oportunidad de que la elecci\u00f3n pueda resultar exitosa para los intereses de la oposici\u00f3n, se han unido electoralmente; es una unidad electoral (&#8230;) todos coincidieron, por fin, en la ruta electoral<\/p>\n\n\n\n<p>De hecho, con la participaci\u00f3n de todos los sectores de la sociedad y campa\u00f1as masivas a lo largo del pa\u00eds, es la primera vez en d\u00e9cadas que la comunidad internacional no ha expresado \u201cpreocupaci\u00f3n\u201d por la legitimidad del proceso democr\u00e1tico en Venezuela.<\/p>\n\n\n\n<p>\u201cEstos comicios son claves porque son una oportunidad para que Venezuela regrese a la democracia\u201d, sostuvo Brian Nichols, encargado del Departamento de Estado de EE. UU. para Am\u00e9rica Latina, el mi\u00e9rcoles 24 de julio.<\/p>\n\n\n\n<p>Sin embargo, los expertos apuntan que es probable que, como es costumbre en Venezuela, ninguno de los dos bloques \u2014derecha o izquierda\u2014 reconozca f\u00e1cilmente su derrota electoral.<\/p>\n\n\n\n<p>En medio de la incertidumbre repasamos las principales caras a tener en cuenta para entender estos comicios:<\/p>\n\n\n\n<p>Nicol\u00e1s Maduro, el heredero del chavismo<\/p>\n\n\n\n<p>Es el presidente de Venezuela. Nicol\u00e1s Maduro ostenta ese t\u00edtulo desde que gan\u00f3 las elecciones por primera vez en 2013, cuando se convirti\u00f3 en el mandatario n\u00famero 48 de la historia de la Rep\u00fablica Bolivariana.<\/p>\n\n\n\n<p>Desde el primer momento en el que asumi\u00f3 la Presidencia de Venezuela, Maduro ha estado en entredicho. Tras la muerte de Hugo Ch\u00e1vez, debido a un c\u00e1ncer de colon el 5 de marzo de 2013, Maduro asumi\u00f3 inmediatamente como presidente. En esos momentos era vicepresidente, un delf\u00edn pol\u00edtico y mano derecha de la importante figura venezolana de izquierda.&nbsp;<\/p>\n\n\n\n<p>La comunidad internacional y la oposici\u00f3n denunciaron que, seg\u00fan la Constituci\u00f3n, no deb\u00eda asumir el vicepresidente como presidente, lo deb\u00eda hacer el presidente de la Asamblea Nacional, cargo ostentado por Diosdado Cabello en esos momentos.&nbsp;<\/p>\n\n\n\n<p>La discusi\u00f3n fue zanjada por el Tribunal Supremo de Justicia, que aval\u00f3 la decisi\u00f3n de Maduro a la cabeza de la presidencia, que fue ratificada por los venezolanos cuando el chavista le gan\u00f3 al opositor Henrique Capriles las elecciones presidenciales en noviembre de 2013.&nbsp;<\/p>\n\n\n\n<p>En 2018 gan\u00f3 la reelecci\u00f3n para el periodo 2019-2025 en unos comicios presidenciales definidos como \u201csin garant\u00edas\u201d por la comunidad internacional. La mayor\u00eda de las partidas de observadores internacionales se negaron a acompa\u00f1ar las elecciones por este motivo.<\/p>\n\n\n\n<p>Maduro ha militado con la izquierda desde los 12 a\u00f1os y fue proclive a la llegada de Hugo Ch\u00e1vez al poder en 1997. Siguiendo al partido de Ch\u00e1vez fue presidente de la Asamblea Nacional, ministro de Asuntos Exteriores y vicepresidente.&nbsp;<\/p>\n\n\n\n<p>En su mandato como presidente, la situaci\u00f3n econ\u00f3mica en Venezuela ha mostrado una inflaci\u00f3n alt\u00edsima y, por consiguiente, p\u00e9rdida de poder adquisitivo. Solo en 2018, la naci\u00f3n petrolera cerr\u00f3 el a\u00f1o con una tasa de 130.060%, a\u00f1o en el que se dispar\u00f3 la hiperinflaci\u00f3n.<\/p>\n\n\n\n<p>Ya sin el prefijo hiper, Venezuela cerr\u00f3 2023 con una inflaci\u00f3n de 189,8%, seg\u00fan el informe divulgado por el Banco Central (BCV) a inicios de 2024.<\/p>\n\n\n\n<p>La inestabilidad econ\u00f3mica ha desatado una de las peores crisis de refugiados del mundo relacionada con pobreza y la inseguridad, que han hecho que muchos decidan abandonar el pa\u00eds. Seg\u00fan Acnur hay 7, 7 millones de personas que han salido de Venezuela.<\/p>\n\n\n\n<p>Ha sido tildado de \u201cautoritario\u201d, \u201ccorrupto\u201d o incluso \u201cdictador\u201d&nbsp; desde que asumi\u00f3 el liderazgo del pa\u00eds por la oposici\u00f3n,&nbsp; algunos medios de comunicaci\u00f3n, la comunidad internacional y organizaciones no gubernamentales. Se le acusa de perseguir a la oposici\u00f3n y querer silenciar cualquier tipo de disidencia.<\/p>\n\n\n\n<p>Aunque siguen existiendo los venezolanos que se han mantenido fieles a Maduro por la memoria de Ch\u00e1vez, quien implement\u00f3 numerosas pol\u00edticas sociales y levant\u00f3 econ\u00f3micamente al pa\u00eds, la gesti\u00f3n de Maduro ha hecho que otros le retiren su apoyo.<\/p>\n\n\n\n<p>Jorge Rodr\u00edguez, \u00bfsucesor de Maduro?<\/p>\n\n\n\n<p>En Venezuela es conocido por ser el presidente de la Asamblea Nacional. Adem\u00e1s de eso, Jorge Rodr\u00edguez es una fuerte figura del chavismo: llev\u00f3 a cabo las negociaciones con la oposici\u00f3n sobre el Acuerdo de Barbados y es el hermano de la vicepresidenta Delcy Rodr\u00edguez.&nbsp;<\/p>\n\n\n\n<p>Su papel junto a Maduro ha hecho que varios dedos lo apunten como el hipot\u00e9tico sucesor del presidente al frente del movimiento chavista, algo que no ha sido confirmado de forma oficial.<\/p>\n\n\n\n<p>Rodr\u00edguez y su hermana, Delcy, militaron en La Liga Socialista desde peque\u00f1os. Sus v\u00ednculos con la izquierda se remontan a la infancia y les vienen dados por su padre, Jorge Antonio Rodr\u00edguez, quien fund\u00f3 La Liga Socialista; luego muri\u00f3 encarcelado y torturado por el Estado.<\/p>\n\n\n\n<p>Psiquiatra de profesi\u00f3n arranc\u00f3 su carrera pol\u00edtica oficialmente en el 2003, cuando el Tribunal Supremo de Justicia design\u00f3 al entonces especialista en salud de 38 a\u00f1os como rector del Consejo Nacional Electoral (CNE). El futuro le abrir\u00eda m\u00e1s puertas en la misma l\u00ednea entre 2008 y 2017 como alcalde de Caracas;&nbsp; y desde ese \u00faltimo a\u00f1o se convirti\u00f3 en ministro de Comunicaci\u00f3n e Informaci\u00f3n, antes de ocupar la presidencia de la Asamblea Nacional en 2021.<\/p>\n\n\n\n<p>Actualmente, sus funciones son varias y ninguna, de poca importancia. Varias fuentes, citadas por medios de comunicaci\u00f3n, aseguran que se encarga de desarticular a la oposici\u00f3n. Adem\u00e1s, tiene un destacado papel como negociador \u2013estuvo al frente de la liberaci\u00f3n de Alex Saab\u2013 y otra de sus tareas es intentar librar a Venezuela de ser condenada por cr\u00edmenes de lesa humanidad.&nbsp;<\/p>\n\n\n\n<p>Junto a su hermana es una de las figuras m\u00e1s importantes de Partido Socialista Unido de Venezuela (PSUV). Durante estas elecciones se ha encargado de desmentir diversas acusaciones contra el oficialismo, como que su partido no aceptar\u00e1 la derrota frente a la oposici\u00f3n. Por todo eso, es uno de los nombres que m\u00e1s resuena como heredero del chavismo.&nbsp;<\/p>\n\n\n\n<p>Mar\u00eda Corina Machado, la que pudo ser, pero no fue<\/p>\n\n\n\n<p>Mar\u00eda Corina Machado, pol\u00edtica de derecha, lleg\u00f3 a verse como candidata a la presidencia del pa\u00eds al ser una de las figuras m\u00e1s seguidas y populares de la oposici\u00f3n, remarcada por las encuestas. No obstante, la inhabilidad para participar en las elecciones, respaldada por el Tribunal Supremo, acab\u00f3 con su ambici\u00f3n presidencial en enero de este a\u00f1o.<\/p>\n\n\n\n<p>Sin embargo, Machado no se ha retirado del campo de batalla; actualmente sigue haciendo campa\u00f1a a lo largo y ancho de todo el pa\u00eds, ahora por su apuesta pol\u00edtica despu\u00e9s de quedar fuera de la carrera presidencial: Edmundo Gonz\u00e1lez Urrutia. No obstante, como apuntan medios como \u2018The New York Times\u2019, Machado \u201csigue siendo el coraz\u00f3n del movimiento de la oposici\u00f3n\u201d.<\/p>\n\n\n\n<p>Con un rosario colgando del pecho \u2013con clara tendencia religiosa\u2013 y casi siempre vestida de blanco, ha pedido a los venezolanos que sigan confiando y voten por su partido.<\/p>\n\n\n\n<p>Mar\u00eda, s\u00e1lvenos\u201d, es uno de los pedidos que se pueden escuchar en sus m\u00edtines.<\/p>\n\n\n\n<p>Tras la desaparici\u00f3n de la pol\u00e9mica figura de Juan Guaid\u00f3 \u2014que se autoproclamaba presidente sin haber ganado leg\u00edtimamente las elecciones venezolanas\u2014, la derecha opositora venezolana qued\u00f3 desarticulada. Machado, quien ha conseguido unirla de nuevo, es la hija mayor de una importante familia de empresarios sider\u00fargicos, estudi\u00f3 en un colegio privado y cat\u00f3lico en Caracas, y m\u00e1s tarde en un internado en Wellesley, en Estados Unidos.<\/p>\n\n\n\n<p>Su historia como detractora del chavismo empieza en 2002 cuando trabajaba en la empresa familiar Sivensa e impuls\u00f3 un movimiento para derrocar al presidente Hugo Ch\u00e1vez a trav\u00e9s de la organizaci\u00f3n de defensa de los derechos humanos S\u00famate, que ten\u00eda claras tendencias pol\u00edticas e ideol\u00f3gicas.&nbsp;&nbsp;<\/p>\n\n\n\n<p>Metida en pol\u00edtica desde temprana edad, es diputada independiente opositora y de derecha en la Asamblea Nacional desde el 2011. Tambi\u00e9n fue una de las caras m\u00e1s visibles de la oposici\u00f3n durante las manifestaciones de 2014 contra el Gobierno de Maduro.<\/p>\n\n\n\n<p>Fiel protectora del libre mercado y de las privatizaciones \u2013ha defendido ampliamente la privatizaci\u00f3n de la petrolera nacional PDVSA\u2013, tambi\u00e9n ha declarado su odio por la izquierda abiertamente y lleg\u00f3 a instar a los pa\u00edses occidentales a intervenir por la fuerza en Venezuela.<\/p>\n\n\n\n<p>\u201cLo que hoy mantiene a Maduro son fuerzas fundamentalmente extranjeras que est\u00e1n ocupando Venezuela. Por eso las democracias occidentales tienen que entender que un r\u00e9gimen criminal solo saldr\u00e1 del poder ante la amenaza cre\u00edble, inminente y severa del uso de la fuerza\u201d, dijo Machado en una entrevista con la cadena \u2018BBC\u2019 en 2019.<\/p>\n\n\n\n<p>Cuando le preguntaron si estaba dispuesta a pagar el precio de una intervenci\u00f3n militar extranjera, respondi\u00f3:<\/p>\n\n\n\n<p>Lo que es una ocupaci\u00f3n internacional, extranjera y paramilitar es lo que hay hoy en Venezuela<\/p>\n\n\n\n<p>Ahora queda por ver cu\u00e1l ser\u00e1 su posici\u00f3n en el hipot\u00e9tico Gobierno de Edmundo Gonz\u00e1lez.<\/p>\n\n\n\n<p>Edmundo Gonz\u00e1lez Urrutia, la esperanza de la oposici\u00f3n<\/p>\n\n\n\n<p>Nadie lo vio venir. Edmundo Gonz\u00e1lez Urrutia era la tercera opci\u00f3n de la Plataforma Unitaria Democr\u00e1tica (PUD) por detr\u00e1s de Mar\u00eda Corina Machado y Corina Yoris, pero tras la inhabilitaci\u00f3n de la primera y el bloqueo de la inscripci\u00f3n de la segunda tuvo que concurrir como candidato presidencial de la oposici\u00f3n. Ni \u00e9l mismo lo vio venir y esto dijo tras su nominaci\u00f3n:<\/p>\n\n\n\n<p>No esperaba ser el candidato presidencial, ya que jam\u00e1s hab\u00eda competido por un cargo de elecci\u00f3n popular<\/p>\n\n\n\n<p>El diplom\u00e1tico de profesi\u00f3n, de 74 a\u00f1os \u2014motivo por el que ha sido criticado por el chavismo\u2014, estudi\u00f3 en la Universidad Central de Venezuela (UCV), donde se gradu\u00f3 como licenciado en Estudios Internacionales en 1970 y, m\u00e1s tarde, inici\u00f3 su carrera como diplom\u00e1tico.<\/p>\n\n\n\n<p>Fue embajador de Venezuela en Argelia entre 1991 y 1993; luego embajador en Argentina, donde termin\u00f3 su labor en 2002, ya con Hugo Ch\u00e1vez en el Gobierno, a quien acompa\u00f1\u00f3 en 1999 en uno de sus primeros viajes como presidente.&nbsp;&nbsp;<\/p>\n\n\n\n<p>Sin haber militado pol\u00edticamente en su vida, Gonz\u00e1lez se define a s\u00ed mismo como un pol\u00edtico de centro. Se caracteriza por ser menos agresivo en sus formas de hacer campa\u00f1a que Machado.<\/p>\n\n\n\n<p>Con un hablar pausado, impropio del estilo pol\u00edtico venezolano, ha conseguido aumentar su popularidad desde que acept\u00f3 postularse como candidato de la oposici\u00f3n en abril de este a\u00f1o.&nbsp;<\/p>\n\n\n\n<p>\u00abAcepto el inmenso honor y la responsabilidad de ser el candidato de todos los que quieren un cambio por la v\u00eda electoral\u00bb, dijo.&nbsp;<\/p>\n\n\n\n<p>A pesar de no contar con un programa electoral claro, ha prometido mejorar la situaci\u00f3n social de Venezuela. Es la esperanza de la oposici\u00f3n y tambi\u00e9n la promesa de cambio para la poblaci\u00f3n.<\/p>\n\n\n\n<p>\u00abHoy quiero hablarles especialmente a los millones de venezolanos que han tenido que abandonar su patria en busca de condiciones de desarrollo personal y profesional. Eso va a cambiar. Haremos que Venezuela vuelva a ser una tierra de gracia donde cada uno de ustedes encuentre condiciones para desarrollarse y crecer profesionalmente\u00bb, dijo Gonz\u00e1lez durante un mitin en Caracas el 20 de julio.<\/p>\n\n\n\n<p>Queda por ver si su popularidad es suficiente para vencer a Maduro y al legado del chavismo. De conseguirlo se ver\u00e1 tambi\u00e9n si puede hacer cumplir todas las promesas de cambio de su campa\u00f1a.<\/p>\n\n\n\n<p>EFE<\/p>\n","protected":false},"excerpt":{"rendered":"<p>El 28 de julio en Venezuela ser\u00e1n las elecciones presidenciales. Esta vez, con la esperanza puesta en el acuerdo firmado en 2023 sobre la promoci\u00f3n de derechos pol\u00edticos y garant\u00edas electorales para todos los venezolanos, la oposici\u00f3n tiene una oportunidad de llegar fortalecida. A continuaci\u00f3n, un repaso a las caras m\u00e1s importantes de este proceso [&hellip;]<\/p>\n","protected":false},"author":1,"featured_media":3509,"comment_status":"open","ping_status":"open","sticky":false,"template":"","format":"standard","meta":{"footnotes":""},"categories":[2],"tags":[],"class_list":["post-3508","post","type-post","status-publish","format-standard","has-post-thumbnail","hentry","category-actualidad"],"_links":{"self":[{"href":"http:\/\/www.elcapital.pe\/index.php?rest_route=\/wp\/v2\/posts\/3508","targetHints":{"allow":["GET"]}}],"collection":[{"href":"http:\/\/www.elcapital.pe\/index.php?rest_route=\/wp\/v2\/posts"}],"about":[{"href":"http:\/\/www.elcapital.pe\/index.php?rest_route=\/wp\/v2\/types\/post"}],"author":[{"embeddable":true,"href":"http:\/\/www.elcapital.pe\/index.php?rest_route=\/wp\/v2\/users\/1"}],"replies":[{"embeddable":true,"href":"http:\/\/www.elcapital.pe\/index.php?rest_route=%2Fwp%2Fv2%2Fcomments&post=3508"}],"version-history":[{"count":1,"href":"http:\/\/www.elcapital.pe\/index.php?rest_route=\/wp\/v2\/posts\/3508\/revisions"}],"predecessor-version":[{"id":3510,"href":"http:\/\/www.elcapital.pe\/index.php?rest_route=\/wp\/v2\/posts\/3508\/revisions\/3510"}],"wp:featuredmedia":[{"embeddable":true,"href":"http:\/\/www.elcapital.pe\/index.php?rest_route=\/wp\/v2\/media\/3509"}],"wp:attachment":[{"href":"http:\/\/www.elcapital.pe\/index.php?rest_route=%2Fwp%2Fv2%2Fmedia&parent=3508"}],"wp:term":[{"taxonomy":"category","embeddable":true,"href":"http:\/\/www.elcapital.pe\/index.php?rest_route=%2Fwp%2Fv2%2Fcategories&post=3508"},{"taxonomy":"post_tag","embeddable":true,"href":"http:\/\/www.elcapital.pe\/index.php?rest_route=%2Fwp%2Fv2%2Ftags&post=3508"}],"curies":[{"name":"wp","href":"https:\/\/api.w.org\/{rel}","templated":true}]}}