{"id":3495,"date":"2024-07-26T09:22:16","date_gmt":"2024-07-26T14:22:16","guid":{"rendered":"https:\/\/www.elcapital.pe\/?p=3495"},"modified":"2024-07-26T09:22:16","modified_gmt":"2024-07-26T14:22:16","slug":"lideres-de-izquierda-toman-distancia-de-maduro-en-visperas-de-las-presidenciales-en-venezuela","status":"publish","type":"post","link":"http:\/\/www.elcapital.pe\/?p=3495","title":{"rendered":"LIDERES DE IZQUIERDA TOMAN DISTANCIA DE MADURO EN VISPERAS DE LAS PRESIDENCIALES EN VENEZUELA"},"content":{"rendered":"\n<p>El expresidente argentino Alberto Fern\u00e1ndez y el Tribunal Electoral Federal de Brasil informaron el mi\u00e9rcoles que no formar\u00e1n parte del equipo que actuar\u00e1 como observador en las elecciones presidenciales de Venezuela del domingo, alimentando las preocupaciones sobre la imparcialidad de los comicios. El lunes, el presidente de Brasil, Luiz In\u00e1cio Lula da Silva, critic\u00f3 la ret\u00f3rica de campa\u00f1a de Maduro, quien afirm\u00f3 que habr\u00eda \u201cun ba\u00f1o de sangre\u201d en el pa\u00eds si la oposici\u00f3n ganaba en la elecci\u00f3n, unas declaraciones que el chavismo asegura fueron sacadas de contexto. Por otro lado, Fern\u00e1ndez, que gobern\u00f3 Argentina entre 2019 y 2023 y hab\u00eda sido invitado por el organismo electoral venezolano como observador, revel\u00f3 en X que el Gobierno de Maduro le pidi\u00f3 no asistir, tras haber coincidido con Lula en comentarios que instaban a respetar los resultados electorales. El mandatario chileno, Gabriel Boric, tambi\u00e9n dijo que la soberan\u00eda popular \u201cdebe ser respetada\u201d.<\/p>\n\n\n\n<p>Las tensiones entre el presidente Nicol\u00e1s Maduro y l\u00edderes de la izquierda en el continente solo aumentan a escasos d\u00edas de los comicios presidenciales del domingo. La presi\u00f3n sobre el mandatario, que busca un tercer mandato y permanece abajo en la mayor\u00eda de los sondeos, solo crece, incluso por parte de aliados, como el presidente de Brasil, Luiz In\u00e1cio Lula da Silva, el expresidente argentino, Alberto Fern\u00e1ndez; o el mandatario colombiano, Gustavo Petro.<\/p>\n\n\n\n<p>Este mi\u00e9rcoles, el expresidente argentino Alberto Fern\u00e1ndez y el Tribunal Electoral Federal (TEF) de Brasil informaron su retirada del equipo que actuar\u00eda como observadores en las elecciones presidenciales de Venezuela del domingo, alimentando las preocupaciones sobre la imparcialidad de los comicios. Caracas tambi\u00e9n retir\u00f3 la invitaci\u00f3n a observadores de la Uni\u00f3n Europea en protesta por declaraciones de funcionarios de la Comisi\u00f3n Europea sobre los comicios y luego de que el bloque aplicara sanciones contra funcionarios del Gobierno venezolano.<\/p>\n\n\n\n<p>La medida del TEF de Brasil fue tomada luego de que el presidente Maduro afirmara que las elecciones en Brasil no son auditadas. Las declaraciones fueron hechas durante un mitin celebrado el martes 23. Seg\u00fan Maduro, Venezuela tiene \u00abla mejor auditor\u00eda del mundo\u00bb y que \u00aben Brasil no se audita ninguna papeleta\u00bb.<\/p>\n\n\n\n<p>Ante las falsas declaraciones en contra de las urnas electr\u00f3nicas de Brasil, que, contrario a lo que afirman las autoridades venezolanas, son auditables y seguras, el Tribunal Superior Electoral no enviar\u00e1 t\u00e9cnicos para responder a una invitaci\u00f3n hecha por la Comisi\u00f3n Nacional Electoral de ese pa\u00eds para monitorear la elecci\u00f3n del pr\u00f3ximo domingo<\/p>\n\n\n\n<p>\u2014Comunicado del Tribunal Electoral Federal de Brasil.<\/p>\n\n\n\n<p>Maduro est\u00e1 en el poder desde 2013, cuando asumi\u00f3 la Presidencia tras la muerte de Hugo Ch\u00e1vez. La contienda del domingo lo enfrenta con el candidato opositor Edmundo Gonz\u00e1lez Urrutia, que lidera las principales encuestas de intenci\u00f3n de voto y que entr\u00f3 en la contienda de manera inesperada, luego de que el Tribunal Supremo venezolano prohibiera a la principal figura, Mar\u00eda Corina Machado, inscribir su candidatura.<\/p>\n\n\n\n<p>Un ejemplo reciente del distanciamiento entre Maduro y tradicionales aliados de su gobierno se dio el lunes, cuando Lula da Silva emiti\u00f3 algunas de las cr\u00edticas m\u00e1s duras contra Maduro desde que asumi\u00f3 nuevamente las riendas de Brasil. Lula afirm\u00f3, en respuesta a un v\u00eddeo de Maduro en campa\u00f1a en el que vaticinaba un \u201cba\u00f1o de sangre y una guerra fratricida\u201d si no sal\u00eda victorioso en los comicios del domingo, que Maduro deb\u00eda respetar los resultados.<\/p>\n\n\n\n<p>\u00abEl destino de Venezuela, en el siglo XXI, depende de nuestra victoria el 28 de julio. Si no quieren que Venezuela caiga en un ba\u00f1o de sangre, en una guerra civil fratricida, producto de los fascistas, garanticemos el m\u00e1s grande \u00e9xito, la m\u00e1s grande victoria de la historia electoral de nuestro pueblo\u00bb, dijo Maduro el pasado martes 16 de julio durante un mitin electoral en Caracas .<\/p>\n\n\n\n<p>El mensaje se viraliz\u00f3 en las redes sociales y ha causado revuelo entre quienes se\u00f1alan a Maduro de amenazar con un ba\u00f1o de sangre y el chavismo, que asegura que las palabras del presidente fueron descontextualizadas. El fiscal general de Venezuela, Tarek William Saab, asegur\u00f3 que \u00abse instrumentaliz\u00f3\u00bb la narrativa de Maduro \u00abpara tratar de da\u00f1ar lo que dijo el jefe de Estado\u00bb en una entrevista con CNN.<\/p>\n\n\n\n<p>Lula se dice \u00abasustado\u00bb; Maduro insin\u00faa que es la \u00abderecha\u00bb la que traer\u00eda un \u00abba\u00f1o de sangre\u00bb<\/p>\n\n\n\n<p>Varios l\u00edderes latinoamericanos han condenado las declaraciones y marcado distancia, comenzando por Lula da Silva. \u201cMaduro sabe que la \u00fanica posibilidad de que Venezuela vuelva a la normalidad es que haya un proceso electoral respetado por todos\u201d, dijo a periodistas en la residencia presidencial de Brasilia. \u201c\u00c9l tiene que respetar el proceso democr\u00e1tico\u201d, agreg\u00f3 Lula da Silva.<\/p>\n\n\n\n<p>\u00abLos procesos democr\u00e1ticos requieren que quienes pierden las elecciones acepten los resultados pac\u00edficamente\u00bb, afirm\u00f3 Lula e insisti\u00f3 en la necesidad de observadores internacionales para garantizar la transparencia del proceso electoral.<\/p>\n\n\n\n<p>\u00abMe asustaron las declaraciones de Maduro de que si pierde las elecciones habr\u00e1 un ba\u00f1o de sangre; quien pierde las elecciones toma un ba\u00f1o de votos, no de sangre\u00bb, afirm\u00f3 Lula, quien a\u00f1adi\u00f3 que \u00abMaduro tiene que aprender: cuando ganas, te quedas; cuando pierdes, te vas. Y te preparas para disputar otra elecci\u00f3n\u00bb.<\/p>\n\n\n\n<p>Por su parte, Maduro respondi\u00f3, insinuando que ser\u00eda la \u00abderecha\u00bb quien pondr\u00eda en riesgo al pa\u00eds. \u00abYo dije que si (&#8230;) la derecha extremista, bolsonarista, seguidores de Milei y de Hitler, llegaran al poder pol\u00edtico en Venezuela, vendr\u00eda un ba\u00f1o de sangre. El que se asust\u00f3, que se tome una manzanilla, porque este pueblo de Venezuela est\u00e1 curado de espantos y sabe lo que estoy diciendo\u00bb.<\/p>\n\n\n\n<p>Caracas retir\u00f3 invitaci\u00f3n del CNE al expresidente argentino Alberto Fern\u00e1ndez<\/p>\n\n\n\n<p>El expresidente argentino, Alberto Fern\u00e1ndez, tambi\u00e9n inform\u00f3 que el gobierno venezolano le pidi\u00f3 no viajar a Venezuela para cumplir con su rol de observador electoral. Fern\u00e1ndez public\u00f3 en la red social X (antes Twitter) un mensaje en el que informaba que el Consejo Nacional Electoral (CNE) venezolano le hab\u00eda invitado en una carta el pasado 12 de julio a participar como veedor del proceso.<\/p>\n\n\n\n<p>La raz\u00f3n que se me dio es que, a juicio de aquel gobierno, declaraciones p\u00fablicas realizadas por m\u00ed ante un medio nacional causaban molestias y generaban dudas sobre mi imparcialidad. Entendieron que la coincidencia con lo que hab\u00eda expresado un d\u00eda antes el presidente de Brasil, Luiz In\u00e1cio Lula da Silva, generaba una suerte de desestabilizaci\u00f3n del proceso electoral.<\/p>\n\n\n\n<p>\u2014Alberto Fern\u00e1ndez, expresidente de Argentina.<\/p>\n\n\n\n<p>\u00abEn el d\u00eda de ayer, el gobierno nacional venezolano me transmiti\u00f3 su voluntad de que no viajara y desistiera de cumplir con la tarea que me hab\u00eda sido encomendada por el Consejo Nacional Electoral\u00bb, escribi\u00f3 Fern\u00e1ndez, que fue presidente de Argentina de 2019 a 2023. La raz\u00f3n, explic\u00f3, se debi\u00f3 a las molestias que causaron sus declaraciones, en las que respald\u00f3 al expresidente brasile\u00f1o, Lula da Silva.<\/p>\n\n\n\n<p>\u00abDebo aclarar que no comprendo tal malestar. Solo dije que en una democracia, cuando el pueblo emite su sufragio, &#8216;el que gana, gana y el que pierde, pierde&#8217; y si el oficialismo fuera eventualmente derrotado deb\u00eda aceptar el veredicto popular. Otro tanto deber\u00eda hacer la oposici\u00f3n en el caso de que el resultado le fuera adverso\u00bb, expres\u00f3 Fern\u00e1ndez.<\/p>\n\n\n\n<p>Cr\u00edticas de Petro y Boric se suman a los cuestionamientos a Maduro<\/p>\n\n\n\n<p>El presidente de Colombia, Gustavo Petro, tambi\u00e9n ha asumido posiciones cr\u00edticas a Caracas. Petro cuestion\u00f3 duramente durante el mes de abril la inhabilitaci\u00f3n de Mar\u00eda Corina Machado como candidata a la Presidencia de Venezuela, una medida que calific\u00f3 como un \u00abgolpe antidemocr\u00e1tico\u00bb.<\/p>\n\n\n\n<p>Adem\u00e1s, expres\u00f3 su preocupaci\u00f3n por la afectaci\u00f3n de los derechos pol\u00edticos, haciendo un paralelismo con su propia experiencia de inhabilitaci\u00f3n cuando era alcalde de Bogot\u00e1, y advirti\u00f3 de que las sanciones administrativas, como la aplicada a Machado, son una violaci\u00f3n de los derechos pol\u00edticos. El mandatario enfatiz\u00f3 la importancia de proteger estos derechos en toda su plenitud, tanto en Venezuela como en Colombia.<\/p>\n\n\n\n<p>\u00abEl derecho a elegir no es solo individual. Es de la sociedad y hoy esta discusi\u00f3n se evidencia muy bien en los hechos de Venezuela a la se\u00f1ora Mar\u00eda Corina (Machado) y otros previamente: se les inhabilit\u00f3 para participar de campa\u00f1as electorales por autoridades administrativas\u00bb, manifest\u00f3.<\/p>\n\n\n\n<p>El presidente de Chile, Gabriel Boric, por su parte, respald\u00f3 las declaraciones de Lula: \u00abNo se puede amenazar bajo ning\u00fan punto de vista con ba\u00f1os de sangre. Lo que reciben los mandatarios y los candidatos son ba\u00f1os de votos y esos ba\u00f1os de votos representan la soberan\u00eda popular, que debe ser respetada\u00bb, enfatiz\u00f3.<\/p>\n\n\n\n<p>La administraci\u00f3n de Boric tambi\u00e9n expres\u00f3 preocupaciones sobre las condiciones para elecciones libres y justas en Venezuela. El ministro de Relaciones Exteriores de Chile, Alberto van Klaveren, afirm\u00f3 que actualmente no se cumplen las condiciones para una elecci\u00f3n libre, destacando la importancia de los principios democr\u00e1ticos y los derechos humanos en los procesos electorales.<\/p>\n\n\n\n<p>Las declaraciones de Boric son tambi\u00e9n las m\u00e1s recientes en una saga de desencuentros con el gobierno de Maduro, especialmente tras un incidente en abril, que provoc\u00f3 que Boric llamara a consultas a su embajador en Caracas despu\u00e9s de que el Gobierno de Maduro negara la existencia de la banda criminal Tren de Aragua.<\/p>\n\n\n\n<p>El presidente de Chile calific\u00f3 de \u201cgrave insulto\u201d las afirmaciones del canciller Yv\u00e1n Gil y afirma que \u201cla negaci\u00f3n no sirve y no es tolerable\u201d. Gil afirm\u00f3 que el Tren de Aragua era \u201cuna ficci\u00f3n medi\u00e1tica internacional\u201d y que exist\u00edan v\u00eddeos de personas \u201ccon acento chileno y peruano\u201d que afirman ser parte de la organizaci\u00f3n.<\/p>\n\n\n\n<p>EFE, REUTERS<\/p>\n","protected":false},"excerpt":{"rendered":"<p>El expresidente argentino Alberto Fern\u00e1ndez y el Tribunal Electoral Federal de Brasil informaron el mi\u00e9rcoles que no formar\u00e1n parte del equipo que actuar\u00e1 como observador en las elecciones presidenciales de Venezuela del domingo, alimentando las preocupaciones sobre la imparcialidad de los comicios. El lunes, el presidente de Brasil, Luiz In\u00e1cio Lula da Silva, critic\u00f3 la [&hellip;]<\/p>\n","protected":false},"author":1,"featured_media":3496,"comment_status":"open","ping_status":"open","sticky":false,"template":"","format":"standard","meta":{"footnotes":""},"categories":[2],"tags":[],"class_list":["post-3495","post","type-post","status-publish","format-standard","has-post-thumbnail","hentry","category-actualidad"],"_links":{"self":[{"href":"http:\/\/www.elcapital.pe\/index.php?rest_route=\/wp\/v2\/posts\/3495","targetHints":{"allow":["GET"]}}],"collection":[{"href":"http:\/\/www.elcapital.pe\/index.php?rest_route=\/wp\/v2\/posts"}],"about":[{"href":"http:\/\/www.elcapital.pe\/index.php?rest_route=\/wp\/v2\/types\/post"}],"author":[{"embeddable":true,"href":"http:\/\/www.elcapital.pe\/index.php?rest_route=\/wp\/v2\/users\/1"}],"replies":[{"embeddable":true,"href":"http:\/\/www.elcapital.pe\/index.php?rest_route=%2Fwp%2Fv2%2Fcomments&post=3495"}],"version-history":[{"count":1,"href":"http:\/\/www.elcapital.pe\/index.php?rest_route=\/wp\/v2\/posts\/3495\/revisions"}],"predecessor-version":[{"id":3497,"href":"http:\/\/www.elcapital.pe\/index.php?rest_route=\/wp\/v2\/posts\/3495\/revisions\/3497"}],"wp:featuredmedia":[{"embeddable":true,"href":"http:\/\/www.elcapital.pe\/index.php?rest_route=\/wp\/v2\/media\/3496"}],"wp:attachment":[{"href":"http:\/\/www.elcapital.pe\/index.php?rest_route=%2Fwp%2Fv2%2Fmedia&parent=3495"}],"wp:term":[{"taxonomy":"category","embeddable":true,"href":"http:\/\/www.elcapital.pe\/index.php?rest_route=%2Fwp%2Fv2%2Fcategories&post=3495"},{"taxonomy":"post_tag","embeddable":true,"href":"http:\/\/www.elcapital.pe\/index.php?rest_route=%2Fwp%2Fv2%2Ftags&post=3495"}],"curies":[{"name":"wp","href":"https:\/\/api.w.org\/{rel}","templated":true}]}}