{"id":3489,"date":"2024-07-26T08:50:44","date_gmt":"2024-07-26T13:50:44","guid":{"rendered":"https:\/\/www.elcapital.pe\/?p=3489"},"modified":"2024-07-26T08:50:44","modified_gmt":"2024-07-26T13:50:44","slug":"francia-sufre-un-sabotaje-organizado-contra-sus-lineas-de-tren-de-alta-velocidad","status":"publish","type":"post","link":"http:\/\/www.elcapital.pe\/?p=3489","title":{"rendered":"FRANCIA SUFRE UN SABOTAJE ORGANIZADO CONTRA SUS LINEAS DE TREN DE ALTA VELOCIDAD"},"content":{"rendered":"\n<p>Francia sufri\u00f3 este viernes un ataque organizado contra la red de trenes de alta velocidad en torno a Par\u00eds, que ha creado graves problemas en el tr\u00e1fico y que tiene lugar el d\u00eda de la ceremonia de inauguraci\u00f3n de los Juegos Ol\u00edmpicos.<\/p>\n\n\n\n<p>La presidenta de la regi\u00f3n de Par\u00eds, Val\u00e9rie P\u00e9cresse, denunci\u00f3 \u00abun intento de desestabilizaci\u00f3n de Francia\u00bb en un d\u00eda clave para el pa\u00eds, como es la ceremonia de inauguraci\u00f3n de los JJ.OO.<\/p>\n\n\n\n<p>Los ataques consistieron en incendios provocados de forma coordinada en conductos de cables de alimentaci\u00f3n de la se\u00f1alizaci\u00f3n y de comunicaciones.<\/p>\n\n\n\n<p>La empresa nacional francesa de ferrocarril (SNCF) comunic\u00f3 \u00abun ataque masivo\u00bb destinado a paralizar su red de trenes de alta velocidad (TGV) y que afecta a tres de las cuatro l\u00edneas de Par\u00eds, con aproximadamente 800.000 viajeros afectados en los pr\u00f3ximos d\u00edas.<\/p>\n\n\n\n<p>Los problemas de circulaci\u00f3n, van a extenderse al menos durante todo el fin de semana y se producen, no solo en el d\u00eda de la ceremonia de inauguraci\u00f3n de los Juegos Ol\u00edmpicos de Par\u00eds, sino tambi\u00e9n en unos d\u00edas especiales para la salida y entrada de vacaciones.<\/p>\n\n\n\n<p>Las l\u00edneas afectadas, con retrasos y suspensiones, son las de los ejes norte (que incluyen tambi\u00e9n los TGV a Londres, Bruselas, \u00c1msterdam y Alemania), oeste (Breta\u00f1a, Burdeos) y este (Estrasburgo, Fr\u00e1ncfort).<\/p>\n\n\n\n<p>Las estaciones del Norte, del Este y de Montparnasse, han quedado especialmente afectadas, con miles viajeros atascados desde la ma\u00f1ana.<\/p>\n\n\n\n<p>El cuarto eje de TGV de Par\u00eds, el sureste (Lyon, Marsella), se salv\u00f3 porque un intento de sabotaje contra la l\u00ednea \u00abfue frustrado\u00bb,&nbsp; detall\u00f3 la SNCF.<\/p>\n\n\n\n<p>P\u00e9cresse explic\u00f3 que en esa cuarta l\u00ednea los vigilantes pusieron en fuga a los saboteadores.<\/p>\n\n\n\n<p>La presidenta regional detall\u00f3 que hay 250.000 viajeros afectados solo en el d\u00eda de hoy, por lo que pidi\u00f3 no acudir a las estaciones ferroviarias a nos ser que reciban mensajes de la SNCF.<\/p>\n\n\n\n<p>La elecci\u00f3n de los puntos donde tuvieron lugar los incendios hace&nbsp; pensar que los autores, adem\u00e1s de coordinados, tienen conocimientos t\u00e9cnicos.<\/p>\n\n\n\n<p>El ministro de Transportes, Patrice Vergriete, calific\u00f3 los hechos como \u00abun acto criminal escandaloso\u00bb y resalt\u00f3 la \u00abcoordinaci\u00f3n\u00bb de los incendios, que fueron aproximadamente \u00aba la misma hora\u00bb, en torno a las 04.00 de hoy (02.00 GMT), con artefectos incendiarios y con autores que huyeron en camionetas.<\/p>\n\n\n\n<p>El presidente de SNCF, Jean Pierre Farandou, consider\u00f3 los sabotajes como \u00abun ataque a Francia y a los franceses\u00bb, en una comparecencia conjunta a la prensa junto con el ministro.<\/p>\n\n\n\n<p>Farandou detall\u00f3 que el trabajo de reparaci\u00f3n es muy delicado, ya que los incendios afectaron a canalizaciones con hasta 500 cables el\u00e9ctricos y de fibra \u00f3ptica.<\/p>\n\n\n\n<p>\u00abHay que reparar cable por cable, es un trabajo casi de orfebrer\u00eda\u00bb, explic\u00f3 un alto responsable de la empresa en esa comparecencia.<\/p>\n\n\n\n<p>El prefecto de Par\u00eds, Laurent Nunez, anunci\u00f3&nbsp; por su parte el env\u00edlo de refuerzos policiales a las principales estaciones de la capital para garantizar la seguridad de los pasajeros y de las instalaciones.<\/p>\n\n\n\n<p>EFE<\/p>\n","protected":false},"excerpt":{"rendered":"<p>Francia sufri\u00f3 este viernes un ataque organizado contra la red de trenes de alta velocidad en torno a Par\u00eds, que ha creado graves problemas en el tr\u00e1fico y que tiene lugar el d\u00eda de la ceremonia de inauguraci\u00f3n de los Juegos Ol\u00edmpicos. La presidenta de la regi\u00f3n de Par\u00eds, Val\u00e9rie P\u00e9cresse, denunci\u00f3 \u00abun intento de [&hellip;]<\/p>\n","protected":false},"author":1,"featured_media":3490,"comment_status":"open","ping_status":"open","sticky":false,"template":"","format":"standard","meta":{"footnotes":""},"categories":[2],"tags":[],"class_list":["post-3489","post","type-post","status-publish","format-standard","has-post-thumbnail","hentry","category-actualidad"],"_links":{"self":[{"href":"http:\/\/www.elcapital.pe\/index.php?rest_route=\/wp\/v2\/posts\/3489","targetHints":{"allow":["GET"]}}],"collection":[{"href":"http:\/\/www.elcapital.pe\/index.php?rest_route=\/wp\/v2\/posts"}],"about":[{"href":"http:\/\/www.elcapital.pe\/index.php?rest_route=\/wp\/v2\/types\/post"}],"author":[{"embeddable":true,"href":"http:\/\/www.elcapital.pe\/index.php?rest_route=\/wp\/v2\/users\/1"}],"replies":[{"embeddable":true,"href":"http:\/\/www.elcapital.pe\/index.php?rest_route=%2Fwp%2Fv2%2Fcomments&post=3489"}],"version-history":[{"count":1,"href":"http:\/\/www.elcapital.pe\/index.php?rest_route=\/wp\/v2\/posts\/3489\/revisions"}],"predecessor-version":[{"id":3491,"href":"http:\/\/www.elcapital.pe\/index.php?rest_route=\/wp\/v2\/posts\/3489\/revisions\/3491"}],"wp:featuredmedia":[{"embeddable":true,"href":"http:\/\/www.elcapital.pe\/index.php?rest_route=\/wp\/v2\/media\/3490"}],"wp:attachment":[{"href":"http:\/\/www.elcapital.pe\/index.php?rest_route=%2Fwp%2Fv2%2Fmedia&parent=3489"}],"wp:term":[{"taxonomy":"category","embeddable":true,"href":"http:\/\/www.elcapital.pe\/index.php?rest_route=%2Fwp%2Fv2%2Fcategories&post=3489"},{"taxonomy":"post_tag","embeddable":true,"href":"http:\/\/www.elcapital.pe\/index.php?rest_route=%2Fwp%2Fv2%2Ftags&post=3489"}],"curies":[{"name":"wp","href":"https:\/\/api.w.org\/{rel}","templated":true}]}}