{"id":3474,"date":"2024-07-24T20:15:03","date_gmt":"2024-07-25T01:15:03","guid":{"rendered":"https:\/\/www.elcapital.pe\/?p=3474"},"modified":"2024-07-24T20:15:03","modified_gmt":"2024-07-25T01:15:03","slug":"de-gaza-a-beijing-que-politica-exterior-propondra-kamala-harris","status":"publish","type":"post","link":"http:\/\/www.elcapital.pe\/?p=3474","title":{"rendered":"DE GAZA A BEIJING: \u00bfQUE  POLITICA EXTERIOR PROPONDRA KAMALA HARRIS?"},"content":{"rendered":"\n<p>Kamala Harris tiene todas las posibilidades de reemplazar a Joe Biden en la carrera presidencial de noviembre. \u00bfMarcar\u00e1 este cambio de candidato dem\u00f3crata un giro en materia de pol\u00edtica exterior? La vicepresidenta no tiene la experiencia de su mentor, considerado un experto en diplomacia, y mantiene ciertas diferencias con \u00e9l, especialmente en el tema palestino. Harris brill\u00f3 por su ausencia durante el discurso del primer ministro israel\u00ed en el Congreso estadounidense.<\/p>\n\n\n\n<p>El primer ministro israel\u00ed, Benjamin Netanyahu, se dirigi\u00f3 este mi\u00e9rcoles 24 de julio a una sesi\u00f3n conjunta del Congreso estadounidense durante su primera visita al extranjero desde el ataque de Ham\u00e1s del 7 de octubre. Una alocuci\u00f3n que estuvo marcada por una importante ausencia: la de la vicepresidenta estadounidense, Kamala Harris, tambi\u00e9n presidenta del Senado, quien no estuvo en su lugar habitual en la tribuna.<\/p>\n\n\n\n<p>Seg\u00fan el protocolo, le correspond\u00eda a ella presidir la sesi\u00f3n. Pero fue Benjamin Cardin, un senador de Maryland firmemente pro-israel\u00ed, quien ocup\u00f3 su asiento, junto al presidente de la C\u00e1mara de Representantes, Mike Johnson, para el cuarto discurso de Netanyahu ante el Congreso del pa\u00eds.<\/p>\n\n\n\n<p>A pesar de la importancia del evento, la vicepresidenta estuvo en Indian\u00e1polis, para asistir a la convenci\u00f3n nacional de la sororidad Zeta Phi Beta, una de las organizaciones universitarias m\u00e1s antiguas del pa\u00eds para estudiantes afroamericanas. Y mientras Harris est\u00e1 a punto de ser investida como candidata dem\u00f3crata para la elecci\u00f3n presidencial, su ausencia plante\u00f3 muchas preguntas.<\/p>\n\n\n\n<p>Tratando de minimizar el impacto de la decisi\u00f3n de Harris, su equipo indic\u00f3 que este viaje de campa\u00f1a estaba previsto mucho antes de la retirada de Joe Biden de la carrera presidencial y asegur\u00f3 que la vicepresidenta se reunir\u00eda por separado con el primer ministro israel\u00ed.<\/p>\n\n\n\n<p>\u00abSu viaje a Indian\u00e1polis el 24 de julio no debe interpretarse como un cambio en su posici\u00f3n respecto a Israel\u00bb, declar\u00f3 uno de sus asesores a la prensa y subray\u00f3 el \u00abcompromiso inquebrantable\u00bb de Harris con la seguridad de Israel.<\/p>\n\n\n\n<p>Ahora que el presidente Biden, un gran aliado de Israel, est\u00e1 fuera de la carrera por la Casa Blanca, la postura de Harris sobre la guerra en Gaza \u2014un tema que divide profundamente a los votantes estadounidenses\u2014 est\u00e1 en el centro de la atenci\u00f3n.<\/p>\n\n\n\n<p>Novata en diplomacia<\/p>\n\n\n\n<p>La pol\u00edtica exterior no es el punto fuerte de quien aspira a convertirse en la primera presidenta de Estados Unidos. Y es una cuesti\u00f3n particularmente delicada para los pa\u00edses aliados, que observan de cerca los compromisos estadounidenses en materia de seguridad, especialmente despu\u00e9s de que Donald Trump eligiera al senador J.D. Vance, abiertamente aislacionista, como candidato a la vicepresidencia.<\/p>\n\n\n\n<p>Harris se gradu\u00f3 de facultad de derecho, fue fiscal general y senadora de California, la actual vicepresidenta ha dedicado su carrera a tratar cuestiones de pol\u00edtica interna. Su llegada a la Vicepresidencia en 2021 no se enmarca en la tradici\u00f3n pol\u00edtica estadounidense, que quiere que el vicepresidente compense la inexperiencia del presidente reci\u00e9n electo en materia de pol\u00edtica exterior.<\/p>\n\n\n\n<p>Cuando Biden fue elegido presidente en 2020, Harris se convirti\u00f3 en la vicepresidenta de un pol\u00edtico que hab\u00eda acumulado 36 a\u00f1os en el Senado estadounidense y ocho en la Casa Blanca.<\/p>\n\n\n\n<p>Despu\u00e9s de casi cuatro a\u00f1os en el cargo, Harris ahora est\u00e1 \u00abal tanto\u00bb de las cuestiones de pol\u00edtica exterior, analiza Steven Ekovich, experto en pol\u00edtica estadounidense y profesor en la Universidad Americana de Par\u00eds, porque \u00ablos vicepresidentes asisten a las reuniones y sesiones informativas del Consejo de Seguridad Nacional de Estados Unidos\u00bb.<\/p>\n\n\n\n<p>Seg\u00fan Ekovich, lo m\u00e1s seguro es que Harris mantenga -de ser finalmente nombrada candidata dem\u00f3crata- la misma l\u00ednea que su predecesor en materia de pol\u00edtica exterior. \u00abProbablemente, mantendr\u00e1 la misma direcci\u00f3n y el mismo equipo, al menos en el corto plazo. No creo que cambie las cosas de inmediato\u00bb, analiza. \u00abCreo que llevar\u00e1 a cabo una campa\u00f1a de continuidad\u00bb.<\/p>\n\n\n\n<p>Pero las apuestas siguen abiertas, precisa el experto: \u00abEstamos en &#8216;terra incognita&#8217;, ya que no sabemos mucho sobre su orientaci\u00f3n en materia de pol\u00edtica exterior\u00bb.<\/p>\n\n\n\n<p>\u00abMucha m\u00e1s empat\u00eda\u00bb por los palestinos<\/p>\n\n\n\n<p>Si Biden ha apoyado firmemente la guerra de Israel en la Franja de Gaza desde los ataques del 7 de octubre y ha mantenido la ayuda militar estadounidense a pesar de las tensiones con el primer ministro Benjamin Netanyahu, su vicepresidenta ha tenido una postura m\u00e1s matizada.<\/p>\n\n\n\n<p>Harris apoya una soluci\u00f3n de dos Estados y el derecho de Israel a defenderse desde su elecci\u00f3n al Senado estadounidense en 2017, y ha tenido cuidado de no contradecir la posici\u00f3n presidencial en el tema desde su acceso a la Vicepresidencia. Sin embargo, se ha distinguido en varias ocasiones condenando con firmeza el n\u00famero de v\u00edctimas palestinas y las acciones del Estado israel\u00ed.<\/p>\n\n\n\n<p>A principios de marzo, emiti\u00f3 los comentarios m\u00e1s fuertes de parte de un funcionario de la Administraci\u00f3n estadounidense hasta ese momento sobre la guerra en Gaza: pidi\u00f3 un alto el fuego para poner fin al \u00abinmenso sufrimiento\u00bb de los gazat\u00edes y critic\u00f3 a Israel por la insuficiencia en la entrega de ayuda humanitaria.<\/p>\n\n\n\n<p>\u00abLa gente en Gaza est\u00e1 muriendo de hambre. Las condiciones son inhumanas y nuestra humanidad com\u00fan nos obliga a actuar\u00bb, declar\u00f3 entonces Harris. \u00abEl Gobierno israel\u00ed debe hacer m\u00e1s para aumentar considerablemente la ayuda humanitaria. Sin excusas\u00bb, inst\u00f3.<\/p>\n\n\n\n<p>Un mes despu\u00e9s, la vicepresidenta de Estados Unidos volvi\u00f3 a pedir a Israel que \u00abhiciera m\u00e1s para proteger a los trabajadores humanitarios\u00bb despu\u00e9s de la muerte de siete miembros del personal de la ONG estadounidense World Central Kitchen, incluido un ciudadano estadounidense, asesinados en un ataque del Ej\u00e9rcito israel\u00ed contra su convoy humanitario.<\/p>\n\n\n\n<p>En una entrevista con el &#8216;Wall Street Journal&#8217;, Jim Zogby, fundador del Instituto \u00c1rabe Americano, una organizaci\u00f3n estadounidense de investigaci\u00f3n pol\u00edtica sobre la comunidad \u00e1rabe-estadounidense, confi\u00f3 que hab\u00eda tenido una conversaci\u00f3n telef\u00f3nica con Harris en octubre y que hab\u00eda demostrado \u00abmucha m\u00e1s empat\u00eda\u00bb por los palestinos que Biden y otros asesores de la Casa Blanca.<\/p>\n\n\n\n<p>La futura candidata dem\u00f3crata podr\u00eda, por lo tanto, adoptar una postura un poco m\u00e1s matizada que la llevada a cabo hasta ahora por Biden, continuando con el apoyo a Israel pero dando m\u00e1s espacio a las preocupaciones palestinas.<\/p>\n\n\n\n<p>Un tema crucial en los estados clave<\/p>\n\n\n\n<p>A pesar de los acontecimientos que han marcado la campa\u00f1a \u2014el intento de asesinato contra Trump y la retirada de Biden\u2014 la guerra en Gaza sigue siendo un tema crucial en la elecci\u00f3n presidencial.<\/p>\n\n\n\n<p>Las encuestas de opini\u00f3n de los \u00faltimos meses muestran que los j\u00f3venes estadounidenses son cada vez m\u00e1s propalestinos y los dem\u00f3cratas est\u00e1n profundamente divididos sobre este tema. Decenas de parlamentarios del ala izquierdista del partido buscaron boicotear el discurso de Netanyahu en el Congreso. Ese fue el caso del &#8216;Squad&#8217;, un grupo informal de j\u00f3venes parlamentarios progresistas \u2014compuesto por Alexandria Ocasio-Cortez de Nueva York, Ilhan Omar de Minnesota, Ayanna Pressley de Massachusetts y Rashida Tlaib de Michigan\u2014 y un apoyo de peso para la candidatura de Harris a la Presidencia.<\/p>\n\n\n\n<p>La pol\u00edtica de la Administraci\u00f3n Biden hacia Israel ha provocado la ira de una parte de los votantes dem\u00f3cratas y pone en peligro las posibilidades de la izquierda, especialmente en algunos estados clave.<\/p>\n\n\n\n<p>Seg\u00fan Ekovich, la ausencia de Harris en el discurso de Netanyahu env\u00eda un mensaje \u00abelectoral\u00bb a \u00abalgunos estados clave como Michigan, donde se encuentra Detroit\u00bb, con su gran poblaci\u00f3n de origen \u00e1rabe y negra, o \u00aben Pensilvania, donde est\u00e1 Filadelfia, que tiene una gran poblaci\u00f3n negra. Hay una especie de alergia a la postura muy pro-israel\u00ed de Biden en estos lugares\u00bb.<\/p>\n\n\n\n<p>Pero para el polit\u00f3logo, aunque la ausencia de Harris en el discurso de Netanyahu en el Congreso pudo interpretarse como un s\u00edmbolo, el &#8216;establishment&#8217; dem\u00f3crata est\u00e1 claramente detr\u00e1s de la futura candidata del partido y es poco probable que modifique radicalmente la pol\u00edtica estadounidense sobre la cuesti\u00f3n israel\u00ed-palestina.<\/p>\n\n\n\n<p>Continuidad en materia de Ucrania y de la OTAN<\/p>\n\n\n\n<p>Harris tambi\u00e9n deber\u00eda continuar con una pol\u00edtica de continuidad en otros temas importantes, analiza Ekovich, como la guerra en Ucrania y los compromisos estadounidenses con la OTAN.<\/p>\n\n\n\n<p>La vicepresidenta estadounidense ha tenido varias reuniones con el presidente ucraniano Volod\u00edmir Zelenski en cumbres internacionales y especialmente en la Conferencia de Seguridad de M\u00fanich este a\u00f1o, donde represent\u00f3 a Biden por tercer a\u00f1o consecutivo.<\/p>\n\n\n\n<p>En su \u00faltimo encuentro en junio, en la Cumbre por la Paz en Ucrania en Suiza, Harris prometi\u00f3 una ayuda significativa de 1,5 mil millones de d\u00f3lares para el sector energ\u00e9tico ucraniano, adem\u00e1s de 379 millones de d\u00f3lares en ayuda humanitaria.<\/p>\n\n\n\n<p>\u00abHa sido puesta a prueba, para ser franco\u00bb, declar\u00f3 el dem\u00f3crata Adam Smith al sitio de noticias &#8216;Politico&#8217;, para quien estas ocasiones han sido una oportunidad para demostrar su \u00abimpresionante conocimiento\u00bb y sus \u00abhabilidades\u00bb sobre la pol\u00edtica estadounidense en Europa y la OTAN.<\/p>\n\n\n\n<p>Una posici\u00f3n a\u00fan incierta sobre China<\/p>\n\n\n\n<p>Sin embargo, su posici\u00f3n respecto a China, la otra gran cuesti\u00f3n de la pol\u00edtica exterior estadounidense, a\u00fan est\u00e1 por determinarse.<\/p>\n\n\n\n<p>Harris ha tomado una postura relativamente dura sobre Beijing, apoyando la l\u00ednea general del Gobierno de Biden en defensa de los intereses estadounidenses en el mar del Sur de China y criticando abiertamente las violaciones de derechos humanos en Xinjiang.<\/p>\n\n\n\n<p>Pero, hasta ahora, ha estado menos involucrada en el tema que otros miembros de la Administraci\u00f3n y a\u00fan no ha detallado completamente sus propias opiniones y estrategias.<\/p>\n\n\n\n<p>Por lo tanto, aunque la pol\u00edtica exterior de Harris puede parecer en gran medida una continuaci\u00f3n de la de Biden, especialmente en \u00e1reas como Ucrania y la OTAN, hay varios aspectos,<\/p>\n\n\n\n<p>particularmente en relaci\u00f3n con Israel y China, que pueden llevar a enfoques ligeramente diferentes y matizados.<\/p>\n\n\n\n<p>Am\u00e9rica Latina: el espinoso tema de la inmigraci\u00f3n<\/p>\n\n\n\n<p>Otro tema clave de la campa\u00f1a en el que Harris tendr\u00e1 que convencer: la inmigraci\u00f3n irregular procedente de Am\u00e9rica Latina, un asunto que Trump retoma constantemente y del cual ella estaba encargada.<\/p>\n\n\n\n<p>En esta cuesti\u00f3n, la futura candidata dem\u00f3crata parte con una desventaja. Al confiar a Harris la responsabilidad del tema de la inmigraci\u00f3n irregular, Biden eligi\u00f3 delegarle un asunto particularmente espinoso. Desde el inicio de su mandato, Harris ha sido objeto de cr\u00edticas frente a una ola migratoria sin precedentes.<\/p>\n\n\n\n<p>Respetando escrupulosamente las directrices de la Casa Blanca, la vicepresidenta cometi\u00f3 varios errores durante visitas a la frontera con M\u00e9xico y en pa\u00edses de Am\u00e9rica Latina. \u00abNo vengan\u00bb, repiti\u00f3 durante su visita a Guatemala en 2021, como mensaje a los migrantes de pa\u00edses de Am\u00e9rica Central y del Sur que intentaban cruzar ilegalmente la frontera. Harris fue entonces acusada de laxismo por los legisladores del Partido Republicano y de insensibilidad por varios legisladores dem\u00f3cratas que criticaron duramente sus declaraciones.<\/p>\n\n\n\n<p>Los expertos coinciden en que la tarea era casi imposible: \u00abHered\u00f3 el tema de la inmigraci\u00f3n, y por supuesto, no lo resolvi\u00f3, porque nadie pod\u00eda hacerlo\u00bb, analiza el polit\u00f3logo Ekovich. A pesar de sus dificultades en el tema, Harris apoy\u00f3 en febrero un acuerdo bipartidista en el Senado y la Casa Blanca para reforzar la lucha contra la inmigraci\u00f3n en la frontera mexicana. Una iniciativa bloqueada en la C\u00e1mara de Representantes por los republicanos.<\/p>\n\n\n\n<p>Su gesti\u00f3n en este tema ser\u00e1 un punto de ataque para Trump, quien ha hecho de los \u00abinmigrantes ilegales\u00bb un eje central de su campa\u00f1a. Sin embargo, para Ekovich, esta t\u00e1ctica del candidato republicano podr\u00eda volverse en su contra. \u00abSi los republicanos, Trump y Vance, la atacan en este punto, Harris podr\u00e1 responder que se propuso un proyecto de ley, y que fueron los republicanos quienes lo bloquearon\u00bb.<\/p>\n","protected":false},"excerpt":{"rendered":"<p>Kamala Harris tiene todas las posibilidades de reemplazar a Joe Biden en la carrera presidencial de noviembre. \u00bfMarcar\u00e1 este cambio de candidato dem\u00f3crata un giro en materia de pol\u00edtica exterior? La vicepresidenta no tiene la experiencia de su mentor, considerado un experto en diplomacia, y mantiene ciertas diferencias con \u00e9l, especialmente en el tema palestino. [&hellip;]<\/p>\n","protected":false},"author":1,"featured_media":3475,"comment_status":"open","ping_status":"open","sticky":false,"template":"","format":"standard","meta":{"footnotes":""},"categories":[2],"tags":[],"class_list":["post-3474","post","type-post","status-publish","format-standard","has-post-thumbnail","hentry","category-actualidad"],"_links":{"self":[{"href":"http:\/\/www.elcapital.pe\/index.php?rest_route=\/wp\/v2\/posts\/3474","targetHints":{"allow":["GET"]}}],"collection":[{"href":"http:\/\/www.elcapital.pe\/index.php?rest_route=\/wp\/v2\/posts"}],"about":[{"href":"http:\/\/www.elcapital.pe\/index.php?rest_route=\/wp\/v2\/types\/post"}],"author":[{"embeddable":true,"href":"http:\/\/www.elcapital.pe\/index.php?rest_route=\/wp\/v2\/users\/1"}],"replies":[{"embeddable":true,"href":"http:\/\/www.elcapital.pe\/index.php?rest_route=%2Fwp%2Fv2%2Fcomments&post=3474"}],"version-history":[{"count":1,"href":"http:\/\/www.elcapital.pe\/index.php?rest_route=\/wp\/v2\/posts\/3474\/revisions"}],"predecessor-version":[{"id":3476,"href":"http:\/\/www.elcapital.pe\/index.php?rest_route=\/wp\/v2\/posts\/3474\/revisions\/3476"}],"wp:featuredmedia":[{"embeddable":true,"href":"http:\/\/www.elcapital.pe\/index.php?rest_route=\/wp\/v2\/media\/3475"}],"wp:attachment":[{"href":"http:\/\/www.elcapital.pe\/index.php?rest_route=%2Fwp%2Fv2%2Fmedia&parent=3474"}],"wp:term":[{"taxonomy":"category","embeddable":true,"href":"http:\/\/www.elcapital.pe\/index.php?rest_route=%2Fwp%2Fv2%2Fcategories&post=3474"},{"taxonomy":"post_tag","embeddable":true,"href":"http:\/\/www.elcapital.pe\/index.php?rest_route=%2Fwp%2Fv2%2Ftags&post=3474"}],"curies":[{"name":"wp","href":"https:\/\/api.w.org\/{rel}","templated":true}]}}