{"id":3462,"date":"2024-07-24T08:41:36","date_gmt":"2024-07-24T13:41:36","guid":{"rendered":"https:\/\/www.elcapital.pe\/?p=3462"},"modified":"2024-07-24T08:41:36","modified_gmt":"2024-07-24T13:41:36","slug":"miles-de-personas-se-manifestaron-en-contra-del-turismo-de-masas-en-mallorca","status":"publish","type":"post","link":"http:\/\/www.elcapital.pe\/?p=3462","title":{"rendered":"MILES DE PERSONAS SE MANIFESTARON EN CONTRA DEL TURISMO DE MASAS EN MALLORCA"},"content":{"rendered":"\n<p>Las calles de Palma de Mallorca se llenaron de manifestantes, quienes se pronuncian en contra del turismo de masas y exigen mayores controles gubernamentales. Alegan aumentos en los precios inmobiliarios y playas atestadas, entre otros problemas que aquejan a la isla. Esta protesta se suma a otras que se han presentado este a\u00f1o en Barcelona, M\u00e1laga y las Islas Canarias por la misma raz\u00f3n.<\/p>\n\n\n\n<p>Miles de mallorquines se pronunciaron en las calles con pancartas improvisadas para pedir un alto al turismo de masas el domingo 21 de julio.<\/p>\n\n\n\n<p>Los carteles de los manifestantes de la capital mallorquina dec\u00edan: \u00abNo al turismo de masas\u00bb,&nbsp; \u00abbasta de aviones privados\u00bb, \u00abMallorca no est\u00e1 en venta\u00bb, \u00abSOS residentes: Stop turismo\u00bb, \u00abDigital nomads go home\u00bb y \u00abNo es turismofobia, son cifras: 1.232.014 habitantes, 18 millones de turistas\u00bb.<\/p>\n\n\n\n<p>Pere Joan Femenia, de Menys Turisme, Mas Vida (Menos Turismo, M\u00e1s Vida), grupo que organiz\u00f3 la protesta, dijo a Reuters que los manifestantes abogan por menos turistas en la isla y afirm\u00f3:<\/p>\n\n\n\n<p>El turismo de masas est\u00e1 dificultando la vida de la poblaci\u00f3n local, que no puede permitirse vivir en su propia isla porque los apartamentos tur\u00edsticos hacen subir los precios. Los turistas llenan las playas y sobrecargan los servicios p\u00fablicos en verano<\/p>\n\n\n\n<p>Unos 20.000 manifestantes participaron en la protesta, seg\u00fan la Polic\u00eda.<\/p>\n\n\n\n<p>Demandas de una poblaci\u00f3n sobrepasada por el turismo&nbsp;<\/p>\n\n\n\n<p>Uno de los principales pedidos de los activistas es que se restrinja la compra de vivienda \u00fanicamente para los residentes permanentes de la isla.<\/p>\n\n\n\n<p>Con respecto alza de los precios de la vivienda en las islas, Femenia declar\u00f3:<\/p>\n\n\n\n<p>Queremos cortar el turismo de masas y prohibir a los no residentes comprar casas que s\u00f3lo se usan unos meses al a\u00f1o o para especular<\/p>\n\n\n\n<p>Por su parte, Olga Miralles, residente en Mallorca dese hace m\u00e1s de 25 a\u00f1os, declar\u00f3 a RFI que: \u00abLos manifestantes que estamos aqu\u00ed no estamos en contra del turismo. Protestamos contra el turismo de masas. El alojamiento para la poblaci\u00f3n local se ha vuelto pr\u00e1cticamente inasequible. Tenemos incluso problemas con las restricciones de agua porque no hay agua suficiente para todos\u00bb<\/p>\n\n\n\n<p>Las protestas fueron citadas por 80 organizaciones y grupos sociales que exigen que se impongan l\u00edmites desde el Gobierno en las Baleares, cuyas principales islas son Mallorca, Menorca e Ibiza y en las que el turismo genera el 45% del producto interior bruto, seg\u00fan datos de Exceltur, organizaci\u00f3n del sector.<\/p>\n\n\n\n<p>Alto al turismo masivo: una voz que se oye en toda Espa\u00f1a<\/p>\n\n\n\n<p>Las manifestaciones en las Islas Baleares se unen a otras protestas que se han realizado en el \u00faltimo a\u00f1o en varios de los puertos tur\u00edsticos de Espa\u00f1a.<\/p>\n\n\n\n<p>El pasado 9 de julio, manifestantes en Barcelona, una de las ciudades m\u00e1s visitadas del pa\u00eds, decidieron rociar a turistas con pistolas de agua como parte de una manifestaci\u00f3n simb\u00f3lica contra el turismo de masas.<\/p>\n\n\n\n<p>Otras colectivos han alzado su voz en ciudades como M\u00e1laga o Tenerife pidiendo restricciones en el n\u00famero de personas que puede ingresar a las playas y limitaciones en la compra de vivienda en el centro de las urbes.<\/p>\n\n\n\n<p>Si bien en los \u00faltimos a\u00f1os algunos gobiernos locales espa\u00f1oles han impuesto limitantes en el n\u00famero de plazas hoteleras y en restringir el n\u00famero de barcos cruceros que pueden atracar en un puerto por d\u00eda, las comunidades no se muestran para nada satisfechas con los resultados de estas pol\u00edticas.<\/p>\n\n\n\n<p>Para los pr\u00f3ximos meses se esperan nuevas movilizaciones en las Islas Baleares. Los colectivos Canviem el Rumb Eivissa y Formentera han anunciado una manifestaci\u00f3n en la mayor de las Islas Piti\u00fcsses, en donde se encuentra Ibiza, para el D\u00eda del Turista, el 27 de septiembre.<\/p>\n\n\n\n<p>Adem\u00e1s, aseguran estar en conversaciones con Mallorca y Menorca para que se hagan protestas de forma simult\u00e1nea.<\/p>\n\n\n\n<p>El a\u00f1o pasado, el n\u00famero de turistas internacionales que visitaron las Islas Baleares creci\u00f3 en m\u00e1s de un mill\u00f3n con respecto a 2022. La regi\u00f3n recibi\u00f3 alrededor de 14,4 millones de turistas residentes en el extranjero en 2023.<\/p>\n\n\n\n<p>Reuters, EFE, RFI<\/p>\n","protected":false},"excerpt":{"rendered":"<p>Las calles de Palma de Mallorca se llenaron de manifestantes, quienes se pronuncian en contra del turismo de masas y exigen mayores controles gubernamentales. Alegan aumentos en los precios inmobiliarios y playas atestadas, entre otros problemas que aquejan a la isla. Esta protesta se suma a otras que se han presentado este a\u00f1o en Barcelona, [&hellip;]<\/p>\n","protected":false},"author":1,"featured_media":3463,"comment_status":"open","ping_status":"open","sticky":false,"template":"","format":"standard","meta":{"footnotes":""},"categories":[8],"tags":[],"class_list":["post-3462","post","type-post","status-publish","format-standard","has-post-thumbnail","hentry","category-turismo"],"_links":{"self":[{"href":"http:\/\/www.elcapital.pe\/index.php?rest_route=\/wp\/v2\/posts\/3462","targetHints":{"allow":["GET"]}}],"collection":[{"href":"http:\/\/www.elcapital.pe\/index.php?rest_route=\/wp\/v2\/posts"}],"about":[{"href":"http:\/\/www.elcapital.pe\/index.php?rest_route=\/wp\/v2\/types\/post"}],"author":[{"embeddable":true,"href":"http:\/\/www.elcapital.pe\/index.php?rest_route=\/wp\/v2\/users\/1"}],"replies":[{"embeddable":true,"href":"http:\/\/www.elcapital.pe\/index.php?rest_route=%2Fwp%2Fv2%2Fcomments&post=3462"}],"version-history":[{"count":1,"href":"http:\/\/www.elcapital.pe\/index.php?rest_route=\/wp\/v2\/posts\/3462\/revisions"}],"predecessor-version":[{"id":3464,"href":"http:\/\/www.elcapital.pe\/index.php?rest_route=\/wp\/v2\/posts\/3462\/revisions\/3464"}],"wp:featuredmedia":[{"embeddable":true,"href":"http:\/\/www.elcapital.pe\/index.php?rest_route=\/wp\/v2\/media\/3463"}],"wp:attachment":[{"href":"http:\/\/www.elcapital.pe\/index.php?rest_route=%2Fwp%2Fv2%2Fmedia&parent=3462"}],"wp:term":[{"taxonomy":"category","embeddable":true,"href":"http:\/\/www.elcapital.pe\/index.php?rest_route=%2Fwp%2Fv2%2Fcategories&post=3462"},{"taxonomy":"post_tag","embeddable":true,"href":"http:\/\/www.elcapital.pe\/index.php?rest_route=%2Fwp%2Fv2%2Ftags&post=3462"}],"curies":[{"name":"wp","href":"https:\/\/api.w.org\/{rel}","templated":true}]}}