{"id":3432,"date":"2024-07-20T08:25:31","date_gmt":"2024-07-20T13:25:31","guid":{"rendered":"https:\/\/www.elcapital.pe\/?p=3432"},"modified":"2024-07-20T08:25:31","modified_gmt":"2024-07-20T13:25:31","slug":"los-democratas-contra-la-candidatura-de-biden-aumentan-y-los-fondos-de-campana-estarian-en-vilo","status":"publish","type":"post","link":"http:\/\/www.elcapital.pe\/?p=3432","title":{"rendered":"LOS DEMOCRATAS CONTRA LA CANDIDATURA DE BIDEN AUMENTAN Y LOS FONDOS DE CAMPA\u00d1A ESTARIAN EN VILO"},"content":{"rendered":"\n<p>Las presiones desde el seno dem\u00f3crata contra la candidatura del actual presidente estadounidense, Joe Biden, para las elecciones de noviembre aumentan d\u00eda a d\u00eda, con m\u00e1s de 30 legisladores progresistas habiendo expresado p\u00fablicamente sus deseos de que el mandatario de un paso al costado. Adem\u00e1s, algunas fuentes apuntan que los pr\u00f3ximos eventos de recaudaci\u00f3n de fondos para la campa\u00f1a de Biden han sido congelados.<\/p>\n\n\n\n<p>La candidatura de Biden cada d\u00eda se ve m\u00e1s difusa. Desde su desastrosa aparici\u00f3n en el debate contra Donald Trump el pasado 27 de junio, semana tras semana, aumenta el n\u00famero de voces dem\u00f3cratas que, no solo dudan de las capacidades del presidente por comandar al pa\u00eds otros cuatro a\u00f1os, tambi\u00e9n le piden expl\u00edcitamente que deje su lugar en la carrera presidencial a otra figura del partido.<\/p>\n\n\n\n<p>Para este 19 de julio, ya son 34 congresistas y senadores dem\u00f3cratas que han vocalizado p\u00fablicamente su inconformidad con la candidatura de Joe Biden, mientras otras tantas figuras importantes, como el expresidente Barack Obama o la antigua l\u00edder de la mayor\u00eda dem\u00f3crata en la C\u00e1mara, Nancy Pelosi, lo habr\u00edan hecho en privado, seg\u00fan reportes de la prensa estadounidense.<\/p>\n\n\n\n<p>Los \u00faltimos dem\u00f3cratas que se han expresado en contra de la nominaci\u00f3n a Joe Biden son: Sherrod Brown, senador de Ohio; Martin Heinrich, senador de Nuevo M\u00e9xico; Mark Pocan, representante de Wisconsin; Marc Veasey, representante de Texas; Greg Landsman, representante de Ohio; Jes\u00fas G. Garc\u00eda, representante de Illinois; Sean Casten, representante de Illinois; Gabe Vasquez, representante de Nuevo M\u00e9xico; Morgan McGarvey, representante de Kentucky; Betty McCollum, representante de Minnesota y Jared Huffman, representante de California.<\/p>\n\n\n\n<p>\u00abAunque la decisi\u00f3n de retirarse de la campa\u00f1a es s\u00f3lo del presidente Biden, creo que lo mejor para nuestro pa\u00eds es que se haga a un lado\u00bb, menciono Heinrich en un comunicado el 19 de julio.<\/p>\n\n\n\n<p>Las capacidades cognitivas y la edad de Biden (81 a\u00f1os), han sido el centro de debate dentro de las entra\u00f1as dem\u00f3cratas, que ponen en duda la legitimidad del actual presidente para conseguir la victoria el pr\u00f3ximo noviembre frente a un Donald Trump potenciado y con todo el respaldo republicano.<\/p>\n\n\n\n<p>Las recaudaciones de fondos para Biden se postergar\u00edan<\/p>\n\n\n\n<p>Las dudas en torno a la continuidad de Joe Biden en la carrera presidencial han traspasado a las arcas de su campa\u00f1a. Seg\u00fan fuentes an\u00f3nimas citadas por la agencia Reuters, los pr\u00f3ximos eventos de recaudaci\u00f3n de fondos para la campa\u00f1a del presidente estadounidense est\u00e1n en pausa, ante las dudas de si continuar\u00e1 con sus aspiraciones para los comicios de noviembre.<\/p>\n\n\n\n<p>Biden estaba presupuestado a aparecer en actos para recaudar fondos en las ciudades de Denver, Austin, y California, pero, seg\u00fan lo compartido por Reuters, los planes ahora est\u00e1n congelados. El presidente result\u00f3 positivo en una prueba de Covid-19 el pasado 17 de julio, por lo que su enfermedad tambi\u00e9n ser\u00eda una excusa para paralizar sus eventos pr\u00f3ximos.<\/p>\n\n\n\n<p>Sin embargo, el equipo del presidente ha salido a desmentir las informaciones que apuntaban a la cancelaci\u00f3n de dichos eventos. El portavoz de la campa\u00f1a Biden, Kevin Mu\u00f1oz, subray\u00f3 que \u00ablas fuentes de Reuters\u00bb eran incorrectas, a\u00f1adiendo que su equipo estar\u00eda de hecho buscando intensificar la agenda del presidente en eventos similares.<\/p>\n\n\n\n<p>Pero las dudas sobre el futuro de la candidatura del presidente para su reelecci\u00f3n son innegables. \u00abHay muchos donantes que han dicho que no pondr\u00e1n ni un c\u00e9ntimo m\u00e1s en esta carrera. La pregunta es si Biden sigue en la carrera, \u00bfvolver\u00e1n?\u00bb, sentenci\u00f3 un financiero de la campa\u00f1a de la Costa Este, de acuerdo a Reuters.<\/p>\n\n\n\n<p>Joe Biden se ha mantenido firme en su postura de que no abandonar\u00e1 la candidatura, pero son cada d\u00eda m\u00e1s voces las que le piden que lo haga, y que sea lo m\u00e1s pronto posible, con el objetivo de que su partido pueda elegir otro candidato para la Convenci\u00f3n Nacional Dem\u00f3crata el pr\u00f3ximo 19 de agosto.<\/p>\n\n\n\n<p>Reuters<\/p>\n","protected":false},"excerpt":{"rendered":"<p>Las presiones desde el seno dem\u00f3crata contra la candidatura del actual presidente estadounidense, Joe Biden, para las elecciones de noviembre aumentan d\u00eda a d\u00eda, con m\u00e1s de 30 legisladores progresistas habiendo expresado p\u00fablicamente sus deseos de que el mandatario de un paso al costado. Adem\u00e1s, algunas fuentes apuntan que los pr\u00f3ximos eventos de recaudaci\u00f3n de [&hellip;]<\/p>\n","protected":false},"author":1,"featured_media":3433,"comment_status":"open","ping_status":"open","sticky":false,"template":"","format":"standard","meta":{"footnotes":""},"categories":[2],"tags":[],"class_list":["post-3432","post","type-post","status-publish","format-standard","has-post-thumbnail","hentry","category-actualidad"],"_links":{"self":[{"href":"http:\/\/www.elcapital.pe\/index.php?rest_route=\/wp\/v2\/posts\/3432","targetHints":{"allow":["GET"]}}],"collection":[{"href":"http:\/\/www.elcapital.pe\/index.php?rest_route=\/wp\/v2\/posts"}],"about":[{"href":"http:\/\/www.elcapital.pe\/index.php?rest_route=\/wp\/v2\/types\/post"}],"author":[{"embeddable":true,"href":"http:\/\/www.elcapital.pe\/index.php?rest_route=\/wp\/v2\/users\/1"}],"replies":[{"embeddable":true,"href":"http:\/\/www.elcapital.pe\/index.php?rest_route=%2Fwp%2Fv2%2Fcomments&post=3432"}],"version-history":[{"count":1,"href":"http:\/\/www.elcapital.pe\/index.php?rest_route=\/wp\/v2\/posts\/3432\/revisions"}],"predecessor-version":[{"id":3434,"href":"http:\/\/www.elcapital.pe\/index.php?rest_route=\/wp\/v2\/posts\/3432\/revisions\/3434"}],"wp:featuredmedia":[{"embeddable":true,"href":"http:\/\/www.elcapital.pe\/index.php?rest_route=\/wp\/v2\/media\/3433"}],"wp:attachment":[{"href":"http:\/\/www.elcapital.pe\/index.php?rest_route=%2Fwp%2Fv2%2Fmedia&parent=3432"}],"wp:term":[{"taxonomy":"category","embeddable":true,"href":"http:\/\/www.elcapital.pe\/index.php?rest_route=%2Fwp%2Fv2%2Fcategories&post=3432"},{"taxonomy":"post_tag","embeddable":true,"href":"http:\/\/www.elcapital.pe\/index.php?rest_route=%2Fwp%2Fv2%2Ftags&post=3432"}],"curies":[{"name":"wp","href":"https:\/\/api.w.org\/{rel}","templated":true}]}}