{"id":3407,"date":"2024-07-18T19:46:49","date_gmt":"2024-07-19T00:46:49","guid":{"rendered":"https:\/\/www.elcapital.pe\/?p=3407"},"modified":"2024-07-18T19:46:49","modified_gmt":"2024-07-19T00:46:49","slug":"adexus-peru-anuncia-oficialmente-su-nueva-identidad-corporativa-bvs-peru","status":"publish","type":"post","link":"http:\/\/www.elcapital.pe\/?p=3407","title":{"rendered":"ADEXUS PERU ANUNCIA OFICIALMENTE SU NUEVA IDENTIDAD CORPORATIVA: BVS PERU"},"content":{"rendered":"\n<p>Este cambio forma parte de la estrategia de crecimiento proyectada hacia nuevos mercados. En Per\u00fa, la marca tiene una gran expectativa como hub de Latinoam\u00e9rica.<\/p>\n\n\n\n<p>Adexus Per\u00fa, referente en soluciones tecnol\u00f3gicas en nuestro pa\u00eds, fue adquirida en 2022 por BVS Technologies, empresa argentina de soluciones inform\u00e1ticas que tiene una destacada proyecci\u00f3n en Latinoam\u00e9rica. Luego de casi dos a\u00f1os, la compa\u00f1\u00eda anuncia oficialmente el cambio de su identidad corporativa: desde ahora, pasa a llamarse BVS Per\u00fa.<\/p>\n\n\n\n<p>&nbsp;Bajo el concepto de campa\u00f1a \u201cM\u00e1s que un Cambio, Una Evoluci\u00f3n\u201d, la marca viene trabajando de manera comprometida en su proceso de integraci\u00f3n regional basada en la generaci\u00f3n de sinergia, potenciar el talento y expandir sus capacidades, lo que les permitir\u00e1 consolidarse como hub de operaciones en la regi\u00f3n.<\/p>\n\n\n\n<p>\u201cEste paso importante no solo implica el uso de una nueva identidad corporativa sino una serie de transformaciones en nuestra compa\u00f1\u00eda, como contar con nuevas oficinas dise\u00f1adas para compartir el conocimiento y fomentar el trabajo colaborativo. Nuestras capacidades t\u00e9cnicas se han visto potenciadas, as\u00ed como el fortalecimiento de nuestro respaldo financiero. Esto significa para BVS Per\u00fa impulsar un futuro lleno de oportunidades\u201d, destac\u00f3 Mar\u00eda Jes\u00fas Urdanivia, Country Director de BVS Per\u00fa.<\/p>\n\n\n\n<p>Por su parte, Facundo Favelukes, presidente &amp; CEO de BVS se\u00f1ala \u201ccomo parte de nuestra visi\u00f3n estrat\u00e9gica tenemos planes para duplicar nuestros resultados en los pr\u00f3ximos tres a\u00f1os. La integraci\u00f3n de BVS Per\u00fa a nuestra operaci\u00f3n regional es, sin duda, parte fundamental de este plan de expansi\u00f3n y crecimiento\u201d.<\/p>\n\n\n\n<p>Con la inauguraci\u00f3n de sus nuevas oficinas, con un concepto customer face, el potenciamiento de sus capacidades y un robustecido portafolio de soluciones que fortalecen los servicios gestionados y la ciberseguridad, la compa\u00f1\u00eda impulsa su crecimiento.<\/p>\n","protected":false},"excerpt":{"rendered":"<p>Este cambio forma parte de la estrategia de crecimiento proyectada hacia nuevos mercados. En Per\u00fa, la marca tiene una gran expectativa como hub de Latinoam\u00e9rica. Adexus Per\u00fa, referente en soluciones tecnol\u00f3gicas en nuestro pa\u00eds, fue adquirida en 2022 por BVS Technologies, empresa argentina de soluciones inform\u00e1ticas que tiene una destacada proyecci\u00f3n en Latinoam\u00e9rica. Luego de [&hellip;]<\/p>\n","protected":false},"author":1,"featured_media":3408,"comment_status":"open","ping_status":"open","sticky":false,"template":"","format":"standard","meta":{"footnotes":""},"categories":[4],"tags":[],"class_list":["post-3407","post","type-post","status-publish","format-standard","has-post-thumbnail","hentry","category-negocios"],"_links":{"self":[{"href":"http:\/\/www.elcapital.pe\/index.php?rest_route=\/wp\/v2\/posts\/3407","targetHints":{"allow":["GET"]}}],"collection":[{"href":"http:\/\/www.elcapital.pe\/index.php?rest_route=\/wp\/v2\/posts"}],"about":[{"href":"http:\/\/www.elcapital.pe\/index.php?rest_route=\/wp\/v2\/types\/post"}],"author":[{"embeddable":true,"href":"http:\/\/www.elcapital.pe\/index.php?rest_route=\/wp\/v2\/users\/1"}],"replies":[{"embeddable":true,"href":"http:\/\/www.elcapital.pe\/index.php?rest_route=%2Fwp%2Fv2%2Fcomments&post=3407"}],"version-history":[{"count":1,"href":"http:\/\/www.elcapital.pe\/index.php?rest_route=\/wp\/v2\/posts\/3407\/revisions"}],"predecessor-version":[{"id":3409,"href":"http:\/\/www.elcapital.pe\/index.php?rest_route=\/wp\/v2\/posts\/3407\/revisions\/3409"}],"wp:featuredmedia":[{"embeddable":true,"href":"http:\/\/www.elcapital.pe\/index.php?rest_route=\/wp\/v2\/media\/3408"}],"wp:attachment":[{"href":"http:\/\/www.elcapital.pe\/index.php?rest_route=%2Fwp%2Fv2%2Fmedia&parent=3407"}],"wp:term":[{"taxonomy":"category","embeddable":true,"href":"http:\/\/www.elcapital.pe\/index.php?rest_route=%2Fwp%2Fv2%2Fcategories&post=3407"},{"taxonomy":"post_tag","embeddable":true,"href":"http:\/\/www.elcapital.pe\/index.php?rest_route=%2Fwp%2Fv2%2Ftags&post=3407"}],"curies":[{"name":"wp","href":"https:\/\/api.w.org\/{rel}","templated":true}]}}