{"id":3401,"date":"2024-07-18T08:15:34","date_gmt":"2024-07-18T13:15:34","guid":{"rendered":"https:\/\/www.elcapital.pe\/?p=3401"},"modified":"2024-07-18T08:15:34","modified_gmt":"2024-07-18T13:15:34","slug":"zelenski-busca-permiso-para-ataques-de-largo-alcance-con-armas-occidentales-contra-rusia","status":"publish","type":"post","link":"http:\/\/www.elcapital.pe\/?p=3401","title":{"rendered":"ZELENSKI BUSCA PERMISO PARA ATAQUES DE LARGO ALCANCE CON ARMAS OCCIDENTALES CONTRA RUSIA"},"content":{"rendered":"\n<p>El presidente de Ucrania aprovecha la cumbre de la Comunidad Pol\u00edtica Europea (CPE) para solicitar que se permitan ataques de largo alcance con armas occidentales contra Rusia y anuncia que espera lograr nuevos acuerdos de seguridad. Y mientras el secretario general de la OTAN, Jens Stoltenberg, afirm\u00f3 que el mando de la Alianza, que se encargar\u00e1 de coordinar el suministro de equipos militares y de entrenamiento, estar\u00e1 operativo desde septiembre en el pa\u00eds invadido; Rusia declar\u00f3 que adoptar\u00e1 medidas para garantizar su seguridad ante una concentraci\u00f3n de buques de la OTAN en el mar Negro.<\/p>\n\n\n\n<p>Volod\u00edmir Zelenski, presidente de Ucrania, aprovech\u00f3 su participaci\u00f3n en la cumbre de la Comunidad Pol\u00edtica Europea (CPE) \u2014que se celebra este jueves 18 de julio en Reino Unido\u2014 para pedir a sus aliados que permitan los ataques de largo alcance con armas occidentales sobre Rusia, en particular sobre aer\u00f3dromos militares.<\/p>\n\n\n\n<p>En su discurso en esta reuni\u00f3n de la comunidad pol\u00edtica europea, que re\u00fane a 50 l\u00edderes, dijo:<\/p>\n\n\n\n<p>Cuantas menos restricciones tengamos, m\u00e1s buscar\u00e1 Rusia la paz<\/p>\n\n\n\n<p>Hizo \u00e9nfasis en que la decisi\u00f3n de los aliados de permitir ataques, solamente a lo largo de la frontera de Rusia despu\u00e9s de que \u00e9sta abriera un nuevo frente en la regi\u00f3n de Kharkiv, no ha provocado ninguna escalada.<\/p>\n\n\n\n<p>Tambi\u00e9n, a su llegada a la cumbre, anunci\u00f3 reuniones bilaterales con la idea de firmar \u201cnuevos acuerdos de seguridad\u201d.<\/p>\n\n\n\n<p>En su cuenta en la red social X detall\u00f3 que se reunir\u00e1 con el rey Carlos III, con el primer ministro brit\u00e1nico, Keir Starmer, y con ejecutivos de compa\u00f1\u00edas de defensa.<\/p>\n\n\n\n<p>Adelant\u00f3 que para \u201cexpandir las capacidades de defensa ucranianas\u00bb firmar\u00e1 un acuerdo intergubernamental que apoye el complejo militar e industrial de su pa\u00eds.<\/p>\n\n\n\n<p>De acuerdo con la agenda del Gobierno brit\u00e1nico, la guerra en Ucrania es uno de los principales ejes de la reuni\u00f3n de hoy en el Palacio de Blenheim, en Woodstock, lugar de nacimiento de Winston Churchill.<\/p>\n\n\n\n<p>Por lo que Zelenski invoc\u00f3 el esp\u00edritu de valent\u00eda del antiguo primer ministro brit\u00e1nico Winston Churchill y resalt\u00f3 que Vlad\u00edmir Putin \u00abha fracasado\u00bb en conseguir la divisi\u00f3n de Europa.<\/p>\n\n\n\n<p>Unidad de la OTAN lista en Ucrania desde septiembre<\/p>\n\n\n\n<p>El secretario general de la OTAN, Jens Stoltenberg, anunci\u00f3 este jueves que el mando de la Alianza, que se encargar\u00e1 de coordinar el suministro de equipos militares y de entrenamiento a Ucrania operar\u00e1 desde septiembre de este a\u00f1o:<\/p>\n\n\n\n<p>(Los aliados de la OTAN) hemos acordado establecer un mando para coordinar y proporcionar asistencia de seguridad y entrenamiento para Ucrania y estoy contento de que hoy puedo anunciar que el mando estar\u00e1 operativo en septiembre\u00bb<\/p>\n\n\n\n<p>Esta es la consecuencia de una decisi\u00f3n tomada la semana pasada en la cumbre de la OTAN en Washington.<\/p>\n\n\n\n<p>La unidad de la OTAN de asistencia de seguridad y entrenamiento para Ucrania (NSATU, por sus siglas en ingl\u00e9s) operar\u00e1 en los Estados aliados, apoyar\u00e1 la autodefensa de Ucrania de acuerdo con la Carta de la ONU y, seg\u00fan el derecho internacional, no convertir\u00e1 a la OTAN en parte en el conflicto sino que respaldar\u00e1 la transformaci\u00f3n de las fuerzas de Ucrania y permitir\u00e1 su mayor integraci\u00f3n con la Alianza.<\/p>\n\n\n\n<p>Tendr\u00e1 una plantilla de 700 personas en Alemania con un general de tres estrellas como comandante.<\/p>\n\n\n\n<p>Stoltenberg tambi\u00e9n expuso: \u00abHemos visto un patr\u00f3n de acciones rusas hostiles contra aliados de la OTAN, con ciberataques, sabotajes, desinformaci\u00f3n, durante los \u00faltimos meses, y los aliados est\u00e1n tomando medidas contra esas acciones hostiles individual y colectivamente, compartiendo m\u00e1s informaci\u00f3n de inteligencia, con mayor concienciaci\u00f3n, aumentando la protecci\u00f3n de nuestras infraestructuras cr\u00edticas, incluidas las submarinas\u00bb.<\/p>\n\n\n\n<p>Por lo que record\u00f3 que la OTAN estableci\u00f3 en el Reino Unido un nuevo centro para proteger infraestructuras cr\u00edticas e individualmente tambi\u00e9n se han puesto en marcha procesos judiciales.<\/p>\n\n\n\n<p>Otro de los asistentes es el primer ministro h\u00fangaro, Viktor Orb\u00e1n, que se ha posicionado p\u00fablicamente en favor de que Kiev abra negociaciones con Mosc\u00fa para buscar un arreglo al conflicto, algo a lo que Zelenski se opone.<\/p>\n\n\n\n<p>Rusia dice que adoptar\u00e1 medidas ante buques de la OTAN en el mar Negro<\/p>\n\n\n\n<p>Este mismo jueves, 18 de julio, Rusia declar\u00f3 que adoptar\u00e1 medidas para garantizar su seguridad ante una concentraci\u00f3n de buques de la OTAN en el mar Negro, teniendo en la mira la nueva estrategia mar\u00edtima de Ucrania, que contempla la presencia permanente de la Alianza en sus aguas.<\/p>\n\n\n\n<p>\u00abLa presencia concentrada de buques de la OTAN&nbsp; \u2014y tenemos en cuenta a Bulgaria y Ruman\u00eda, Estados ribere\u00f1os miembros de la Alianza\u2014 plantea amenazas adicionales para Rusia, especialmente en la situaci\u00f3n actual\u00bb, dijo el portavoz del Kremlin, Dmitri Peskov, en su rueda de prensa diaria.<\/p>\n\n\n\n<p>Aludi\u00f3, en particular, a la \u00abimplicaci\u00f3n directa de los pa\u00edses de la OTAN en el conflicto en torno a Ucrania\u00bb y subray\u00f3:<\/p>\n\n\n\n<p>Desde luego, Rusia adoptar\u00e1 todas las medidas necesarias para garantizar su propia seguridad<\/p>\n\n\n\n<p>El r\u00e9gimen de estancia en las aguas del mar Negro para los buques de Estados no ribere\u00f1os est\u00e1 regulado por la Convenci\u00f3n de Montreux, cuya aplicaci\u00f3n es responsabilidad de Turqu\u00eda, record\u00f3.<\/p>\n\n\n\n<p>EFE y Reuters<\/p>\n","protected":false},"excerpt":{"rendered":"<p>El presidente de Ucrania aprovecha la cumbre de la Comunidad Pol\u00edtica Europea (CPE) para solicitar que se permitan ataques de largo alcance con armas occidentales contra Rusia y anuncia que espera lograr nuevos acuerdos de seguridad. Y mientras el secretario general de la OTAN, Jens Stoltenberg, afirm\u00f3 que el mando de la Alianza, que se [&hellip;]<\/p>\n","protected":false},"author":1,"featured_media":3402,"comment_status":"open","ping_status":"open","sticky":false,"template":"","format":"standard","meta":{"footnotes":""},"categories":[2],"tags":[],"class_list":["post-3401","post","type-post","status-publish","format-standard","has-post-thumbnail","hentry","category-actualidad"],"_links":{"self":[{"href":"http:\/\/www.elcapital.pe\/index.php?rest_route=\/wp\/v2\/posts\/3401","targetHints":{"allow":["GET"]}}],"collection":[{"href":"http:\/\/www.elcapital.pe\/index.php?rest_route=\/wp\/v2\/posts"}],"about":[{"href":"http:\/\/www.elcapital.pe\/index.php?rest_route=\/wp\/v2\/types\/post"}],"author":[{"embeddable":true,"href":"http:\/\/www.elcapital.pe\/index.php?rest_route=\/wp\/v2\/users\/1"}],"replies":[{"embeddable":true,"href":"http:\/\/www.elcapital.pe\/index.php?rest_route=%2Fwp%2Fv2%2Fcomments&post=3401"}],"version-history":[{"count":1,"href":"http:\/\/www.elcapital.pe\/index.php?rest_route=\/wp\/v2\/posts\/3401\/revisions"}],"predecessor-version":[{"id":3403,"href":"http:\/\/www.elcapital.pe\/index.php?rest_route=\/wp\/v2\/posts\/3401\/revisions\/3403"}],"wp:featuredmedia":[{"embeddable":true,"href":"http:\/\/www.elcapital.pe\/index.php?rest_route=\/wp\/v2\/media\/3402"}],"wp:attachment":[{"href":"http:\/\/www.elcapital.pe\/index.php?rest_route=%2Fwp%2Fv2%2Fmedia&parent=3401"}],"wp:term":[{"taxonomy":"category","embeddable":true,"href":"http:\/\/www.elcapital.pe\/index.php?rest_route=%2Fwp%2Fv2%2Fcategories&post=3401"},{"taxonomy":"post_tag","embeddable":true,"href":"http:\/\/www.elcapital.pe\/index.php?rest_route=%2Fwp%2Fv2%2Ftags&post=3401"}],"curies":[{"name":"wp","href":"https:\/\/api.w.org\/{rel}","templated":true}]}}