{"id":3398,"date":"2024-07-18T08:00:21","date_gmt":"2024-07-18T13:00:21","guid":{"rendered":"https:\/\/www.elcapital.pe\/?p=3398"},"modified":"2024-07-18T08:00:21","modified_gmt":"2024-07-18T13:00:21","slug":"ursula-von-der-leyen-es-reelegida-como-presidenta-de-la-comision-europea","status":"publish","type":"post","link":"http:\/\/www.elcapital.pe\/?p=3398","title":{"rendered":"URSULA VON DER LEYEN ES REELEGIDA COMO PRESIDENTA DE LA COMISION EUROPEA\u00a0"},"content":{"rendered":"\n<p>La presidenta de la Comisi\u00f3n Europea, Ursula von der Leyen, obtuvo este jueves la confianza del Parlamento Europeo para repetir en el cargo durante cinco a\u00f1os m\u00e1s, gracias al apoyo de 401 eurodiputados en un hemiciclo de 720 esca\u00f1os.<\/p>\n\n\n\n<p>Los 401 votos a favor le sit\u00faan a 41 por encima de la mayor\u00eda que necesitaba para ser confirmada, que finalmente se fij\u00f3 en 360 por la ausencia del eurodiputado de la formaci\u00f3n Junts Toni Com\u00edn. 284 eurodiputados votaron en contra, 15 se abstuvieron y siete emitieron votos nulos.<\/p>\n\n\n\n<p>La alemana, presente en el hemiciclo, estuvo durante varios minutos tras el voto recibiendo calurosos abrazos y felicitaciones de aliados y rivales pol\u00edticos por igual.<\/p>\n\n\n\n<p>Aunque el voto era secreto y la disciplina de partido inexistente, los populares, socialdem\u00f3cratas, liberales y verdes indicaron con antelaci\u00f3n que hab\u00edan dado a sus eurodiputados la instrucci\u00f3n de votar a favor.<\/p>\n\n\n\n<p>Por contra, los Patriotas por Europa, la Izquierda y la Europa de las Naciones Soberanas, los tres en los extremos ideol\u00f3gicos del arco europarlamentario, votaron en contra.<\/p>\n\n\n\n<p>Los Conservadores y Reformistas, por su parte, dieron libertad plena de voto a sus eurodiputados, aunque dijeron que esperaban que una amplia mayor\u00eda de los suyos votara en contra. Fuentes del partido dijeron tras el voto que los Hermanos de Italia de la primera ministra italiana, Giorgia Meloni, habr\u00edan votado en contra.<\/p>\n\n\n\n<p>La presidenta tiene ahora el resto del verano para componer su equipo de comisarios y la cartera que le dar\u00e1 a cada uno, una selecci\u00f3n que previsiblemente presentar\u00e1 durante el mes de septiembre.<\/p>\n","protected":false},"excerpt":{"rendered":"<p>La presidenta de la Comisi\u00f3n Europea, Ursula von der Leyen, obtuvo este jueves la confianza del Parlamento Europeo para repetir en el cargo durante cinco a\u00f1os m\u00e1s, gracias al apoyo de 401 eurodiputados en un hemiciclo de 720 esca\u00f1os. Los 401 votos a favor le sit\u00faan a 41 por encima de la mayor\u00eda que necesitaba [&hellip;]<\/p>\n","protected":false},"author":1,"featured_media":3399,"comment_status":"open","ping_status":"open","sticky":false,"template":"","format":"standard","meta":{"footnotes":""},"categories":[2],"tags":[],"class_list":["post-3398","post","type-post","status-publish","format-standard","has-post-thumbnail","hentry","category-actualidad"],"_links":{"self":[{"href":"http:\/\/www.elcapital.pe\/index.php?rest_route=\/wp\/v2\/posts\/3398","targetHints":{"allow":["GET"]}}],"collection":[{"href":"http:\/\/www.elcapital.pe\/index.php?rest_route=\/wp\/v2\/posts"}],"about":[{"href":"http:\/\/www.elcapital.pe\/index.php?rest_route=\/wp\/v2\/types\/post"}],"author":[{"embeddable":true,"href":"http:\/\/www.elcapital.pe\/index.php?rest_route=\/wp\/v2\/users\/1"}],"replies":[{"embeddable":true,"href":"http:\/\/www.elcapital.pe\/index.php?rest_route=%2Fwp%2Fv2%2Fcomments&post=3398"}],"version-history":[{"count":1,"href":"http:\/\/www.elcapital.pe\/index.php?rest_route=\/wp\/v2\/posts\/3398\/revisions"}],"predecessor-version":[{"id":3400,"href":"http:\/\/www.elcapital.pe\/index.php?rest_route=\/wp\/v2\/posts\/3398\/revisions\/3400"}],"wp:featuredmedia":[{"embeddable":true,"href":"http:\/\/www.elcapital.pe\/index.php?rest_route=\/wp\/v2\/media\/3399"}],"wp:attachment":[{"href":"http:\/\/www.elcapital.pe\/index.php?rest_route=%2Fwp%2Fv2%2Fmedia&parent=3398"}],"wp:term":[{"taxonomy":"category","embeddable":true,"href":"http:\/\/www.elcapital.pe\/index.php?rest_route=%2Fwp%2Fv2%2Fcategories&post=3398"},{"taxonomy":"post_tag","embeddable":true,"href":"http:\/\/www.elcapital.pe\/index.php?rest_route=%2Fwp%2Fv2%2Ftags&post=3398"}],"curies":[{"name":"wp","href":"https:\/\/api.w.org\/{rel}","templated":true}]}}