{"id":3374,"date":"2024-07-17T09:24:47","date_gmt":"2024-07-17T14:24:47","guid":{"rendered":"https:\/\/www.elcapital.pe\/?p=3374"},"modified":"2024-07-17T09:24:47","modified_gmt":"2024-07-17T14:24:47","slug":"el-cierre-del-darien-una-medida-efectiva-ante-el-creciente-flujo-migratorio","status":"publish","type":"post","link":"http:\/\/www.elcapital.pe\/?p=3374","title":{"rendered":"EL CIERRE DEL DARIEN: \u00bfUNA MEDIDA EFECTIVA ANTE EL CRECIENTE FLUJO MIGRATORIO?"},"content":{"rendered":"\n<p>Panam\u00e1 ha cerrado en el \u00faltimo mes m\u00e1s de cinco pasos fronterizos en la selva del Dari\u00e9n, una zona que limita con Colombia. Las autoridades paname\u00f1as lo han hecho desde que el nuevo presidente, Jos\u00e9 Ra\u00fal Mulino, dio la orden el d\u00eda de su posesi\u00f3n, el pasado 1 de julio. No obstante, la decisi\u00f3n ha generado cr\u00edticas de organizaciones humanitarias y del Gobierno colombiano. \u00bfQu\u00e9 tan efectivas son estas medidas para contener el flujo migratorio irregular? Lo analizamos en El Debate.<\/p>\n\n\n\n<p>Las medidas para contener la migraci\u00f3n por el Dari\u00e9n -frontera natural entre Colombia y Panam\u00e1-, detall\u00f3 el Servicio Nacional de Fronteras paname\u00f1o, se basan en bloquear \u00abpasos no autorizados que utilizan los migrantes irregulares, que se identifican como los pasos por la Costa Pac\u00edfica y Costa Caribe (&#8230;) as\u00ed como los pasos terrestres que dan acceso al sector del Hito de Chucurti, este \u00faltimo fue bloqueado con barreras perimetrales que impiden el paso de los migrantes\u00bb.<\/p>\n\n\n\n<p>El cierre de esas trochas o caminos rurales se da en medio de un gran flujo de migrantes por esa selva del Dari\u00e9n, por la que este a\u00f1o han cruzado m\u00e1s de 195.000 personas, la mayor\u00eda venezolanos, mientras que en 2023 fueron m\u00e1s de 520.000, una cifra in\u00e9dita, seg\u00fan datos oficiales de Panam\u00e1<\/p>\n\n\n\n<p>Mulino prometi\u00f3, adem\u00e1s, repatriar a los migrantes irregulares y firm\u00f3 un convenio con Estados Unidos para que el pa\u00eds norteamericano cubra los gastos de esa expulsi\u00f3n de los migrantes que entraron de manera ilegal por el Dari\u00e9n. A cambio, Panam\u00e1 se comprometi\u00f3 a cumplir con los pactos internacionales sobre derecho migratorio.<\/p>\n\n\n\n<p>Mientras el Gobierno paname\u00f1o defiende que estas medidas son para la propia seguridad de los migrantes, en Colombia han rechazado las decisiones, pues sostienen que no responde de fondo al aumento hist\u00f3rico de migrantes que se exponen a los peligros de la selva.<\/p>\n\n\n\n<p>Para hablar del tema, contamos con:<\/p>\n\n\n\n<p>-Roger Mojica, director de Migraci\u00f3n Panam\u00e1, que ha sido subdirector del Servicio Nacional de Fronteras y ha trabajado en el Ministerio de Seguridad P\u00fablica.<\/p>\n","protected":false},"excerpt":{"rendered":"<p>Panam\u00e1 ha cerrado en el \u00faltimo mes m\u00e1s de cinco pasos fronterizos en la selva del Dari\u00e9n, una zona que limita con Colombia. Las autoridades paname\u00f1as lo han hecho desde que el nuevo presidente, Jos\u00e9 Ra\u00fal Mulino, dio la orden el d\u00eda de su posesi\u00f3n, el pasado 1 de julio. No obstante, la decisi\u00f3n ha [&hellip;]<\/p>\n","protected":false},"author":1,"featured_media":3375,"comment_status":"open","ping_status":"open","sticky":false,"template":"","format":"standard","meta":{"footnotes":""},"categories":[2],"tags":[],"class_list":["post-3374","post","type-post","status-publish","format-standard","has-post-thumbnail","hentry","category-actualidad"],"_links":{"self":[{"href":"http:\/\/www.elcapital.pe\/index.php?rest_route=\/wp\/v2\/posts\/3374","targetHints":{"allow":["GET"]}}],"collection":[{"href":"http:\/\/www.elcapital.pe\/index.php?rest_route=\/wp\/v2\/posts"}],"about":[{"href":"http:\/\/www.elcapital.pe\/index.php?rest_route=\/wp\/v2\/types\/post"}],"author":[{"embeddable":true,"href":"http:\/\/www.elcapital.pe\/index.php?rest_route=\/wp\/v2\/users\/1"}],"replies":[{"embeddable":true,"href":"http:\/\/www.elcapital.pe\/index.php?rest_route=%2Fwp%2Fv2%2Fcomments&post=3374"}],"version-history":[{"count":1,"href":"http:\/\/www.elcapital.pe\/index.php?rest_route=\/wp\/v2\/posts\/3374\/revisions"}],"predecessor-version":[{"id":3376,"href":"http:\/\/www.elcapital.pe\/index.php?rest_route=\/wp\/v2\/posts\/3374\/revisions\/3376"}],"wp:featuredmedia":[{"embeddable":true,"href":"http:\/\/www.elcapital.pe\/index.php?rest_route=\/wp\/v2\/media\/3375"}],"wp:attachment":[{"href":"http:\/\/www.elcapital.pe\/index.php?rest_route=%2Fwp%2Fv2%2Fmedia&parent=3374"}],"wp:term":[{"taxonomy":"category","embeddable":true,"href":"http:\/\/www.elcapital.pe\/index.php?rest_route=%2Fwp%2Fv2%2Fcategories&post=3374"},{"taxonomy":"post_tag","embeddable":true,"href":"http:\/\/www.elcapital.pe\/index.php?rest_route=%2Fwp%2Fv2%2Ftags&post=3374"}],"curies":[{"name":"wp","href":"https:\/\/api.w.org\/{rel}","templated":true}]}}