{"id":3369,"date":"2024-07-17T09:01:47","date_gmt":"2024-07-17T14:01:47","guid":{"rendered":"https:\/\/www.elcapital.pe\/?p=3369"},"modified":"2024-07-17T09:01:47","modified_gmt":"2024-07-17T14:01:47","slug":"mef-economia-peruana-creceria-mas-de-3-1-en-el-2024","status":"publish","type":"post","link":"http:\/\/www.elcapital.pe\/?p=3369","title":{"rendered":"MEF: ECONOMIA PERUANA CRECERIA MAS DE 3.1% EN EL 2024"},"content":{"rendered":"\n<p>El ministro de Econom\u00eda y Finanzas, Jos\u00e9 Arista, se\u00f1al\u00f3 hoy que la actividad econ\u00f3mica del Per\u00fa podr\u00eda crecer m\u00e1s de 3.1% en el presente a\u00f1o.<\/p>\n\n\n\n<p>\u201cNuestra proyecci\u00f3n es alrededor del 3.1% y ah\u00ed coincidimos con el Banco Central de Reserva, pero, particularmente a la interna, tenemos la confianza de que este crecimiento ser\u00e1 algunos puntos m\u00e1s\u201d, indic\u00f3 en TV Per\u00fa.<\/p>\n\n\n\n<p>&#8211; CCL: econom\u00eda peruana se consolida por sectores manufactura y construcci\u00f3n<\/p>\n","protected":false},"excerpt":{"rendered":"<p>El ministro de Econom\u00eda y Finanzas, Jos\u00e9 Arista, se\u00f1al\u00f3 hoy que la actividad econ\u00f3mica del Per\u00fa podr\u00eda crecer m\u00e1s de 3.1% en el presente a\u00f1o. \u201cNuestra proyecci\u00f3n es alrededor del 3.1% y ah\u00ed coincidimos con el Banco Central de Reserva, pero, particularmente a la interna, tenemos la confianza de que este crecimiento ser\u00e1 algunos puntos [&hellip;]<\/p>\n","protected":false},"author":1,"featured_media":3351,"comment_status":"open","ping_status":"open","sticky":false,"template":"","format":"standard","meta":{"footnotes":""},"categories":[3],"tags":[],"class_list":["post-3369","post","type-post","status-publish","format-standard","has-post-thumbnail","hentry","category-economia"],"_links":{"self":[{"href":"http:\/\/www.elcapital.pe\/index.php?rest_route=\/wp\/v2\/posts\/3369","targetHints":{"allow":["GET"]}}],"collection":[{"href":"http:\/\/www.elcapital.pe\/index.php?rest_route=\/wp\/v2\/posts"}],"about":[{"href":"http:\/\/www.elcapital.pe\/index.php?rest_route=\/wp\/v2\/types\/post"}],"author":[{"embeddable":true,"href":"http:\/\/www.elcapital.pe\/index.php?rest_route=\/wp\/v2\/users\/1"}],"replies":[{"embeddable":true,"href":"http:\/\/www.elcapital.pe\/index.php?rest_route=%2Fwp%2Fv2%2Fcomments&post=3369"}],"version-history":[{"count":1,"href":"http:\/\/www.elcapital.pe\/index.php?rest_route=\/wp\/v2\/posts\/3369\/revisions"}],"predecessor-version":[{"id":3370,"href":"http:\/\/www.elcapital.pe\/index.php?rest_route=\/wp\/v2\/posts\/3369\/revisions\/3370"}],"wp:featuredmedia":[{"embeddable":true,"href":"http:\/\/www.elcapital.pe\/index.php?rest_route=\/wp\/v2\/media\/3351"}],"wp:attachment":[{"href":"http:\/\/www.elcapital.pe\/index.php?rest_route=%2Fwp%2Fv2%2Fmedia&parent=3369"}],"wp:term":[{"taxonomy":"category","embeddable":true,"href":"http:\/\/www.elcapital.pe\/index.php?rest_route=%2Fwp%2Fv2%2Fcategories&post=3369"},{"taxonomy":"post_tag","embeddable":true,"href":"http:\/\/www.elcapital.pe\/index.php?rest_route=%2Fwp%2Fv2%2Ftags&post=3369"}],"curies":[{"name":"wp","href":"https:\/\/api.w.org\/{rel}","templated":true}]}}