{"id":3364,"date":"2024-07-16T08:30:47","date_gmt":"2024-07-16T13:30:47","guid":{"rendered":"https:\/\/www.elcapital.pe\/?p=3364"},"modified":"2024-07-16T08:30:47","modified_gmt":"2024-07-16T13:30:47","slug":"la-busqueda-de-influencia-de-la-ultraderecha-marcara-la-primera-reunion-del-nuevo-parlamento-europeo","status":"publish","type":"post","link":"http:\/\/www.elcapital.pe\/?p=3364","title":{"rendered":"LA BUSQUEDA DE INFLUENCIA DE LA ULTRADERECHA MARCARA LA PRIMERA REUNION DEL NUEVO PARLAMENTO EUROPEO"},"content":{"rendered":"\n<p>Le lleg\u00f3 el momento al Parlamento Europeo de reunirse por primera vez desde las elecciones en junio, primero que todo para decidir el destino de los l\u00edderes de la Uni\u00f3n Europea. Este martes, 16 de julio, 720 legisladores inician su mandato de cinco a\u00f1os, con un continente en tensi\u00f3n y una extrema derecha reforzada.<\/p>\n\n\n\n<p>Los reci\u00e9n elegidos legisladores tienen en sus manos el destino de los l\u00edderes de la Uni\u00f3n Europea y esta vez entra en escena una extrema derecha reforzada, que exige m\u00e1s influencia en la asamblea.<\/p>\n\n\n\n<p>Para esta primera reuni\u00f3n, luego de las elecciones de junio \u2014debido al apretado calendario de votaciones\u2014 fue aplazado el discurso del primer ministro h\u00fangaro, Viktor Orban, quien este mes asumi\u00f3 la presidencia rotativa de la Uni\u00f3n Europea y ha indignado a sus hom\u00f3logos de la UE con sus visitas a Rusia y China.<\/p>\n\n\n\n<p>El martes, 16 de julio, Orban en un carta les propuso a los dirigentes de la UE reabrir las comunicaciones diplom\u00e1ticas con Rusia y mantener conversaciones pol\u00edticas de alto nivel con China para la pr\u00f3xima conferencia de paz.<\/p>\n\n\n\n<p>\u00bfQu\u00e9 pasar\u00e1 con la actual presidenta de la Comisi\u00f3n Europea, Ursula von der Leyen? es una de las preguntas claves en este momento en el que la guerra toca las puertas de Europa, la econom\u00eda est\u00e1 estancada y existe una creciente incertidumbre global.<\/p>\n\n\n\n<p>Sin embargo la primera acci\u00f3n de los eurodiputados ser\u00e1 elegir por votaci\u00f3n al presidente del Parlamento, con sede en Estrasburgo (Francia). Se espera que la actual presidenta, la conservadora maltesa Roberta Metsola, de 45 a\u00f1os, obtenga otro mandato de dos a\u00f1os y medio.<\/p>\n\n\n\n<p>El jueves ser\u00e1 el d\u00eda en el que decidir\u00e1n si conceden a von der Leyen otros cinco a\u00f1os al frente de la Comisi\u00f3n.<\/p>\n\n\n\n<p>Hay que recordar que los l\u00edderes de la UE lograron un re\u00f1ido acuerdo sobre su candidatura a finales de junio. Desde entonces, von der Leyen ha buscado ganarse a los legisladores de los principales grupos pol\u00edticos, lo que no ha sido f\u00e1cil porque la pol\u00edglota alemana gan\u00f3 por s\u00f3lo nueve votos en 2019.<\/p>\n\n\n\n<p>Elizabeth Kuiper, directora asociada del think tank European Policy Centre, lo describe de esta manera:<\/p>\n\n\n\n<p>Ella necesita caminar por una l\u00ednea fina para obtener el apoyo de diferentes grupos en el Parlamento Europeo<\/p>\n\n\n\n<p>Satisfacer las demandas de todos es la parte m\u00e1s complicada para von der Leyen, por ejemplo con respecto a las emisiones de carbono. Por un lado est\u00e1n los eurodiputados que no quieren que la Uni\u00f3n Europea se desv\u00ede de su objetivo de reducir las emisiones de carbono para hacer frente al cambio clim\u00e1tico, pero tambi\u00e9n tiene que atender a quienes buscan que se reduzca el n\u00famero de nuevas normativas medioambientales.<\/p>\n\n\n\n<p>\u00bfY la extrema derecha qu\u00e9?<\/p>\n\n\n\n<p>El analista Kuiper afirm\u00f3 que el rechazo de algunos eurodiputados a cooperar con la extrema derecha y el destino de von der Leyen \u00abest\u00e1n estrechamente relacionados, ya que varios grupos han manifestado su oposici\u00f3n a apoyar a la derecha radical\u00bb.<\/p>\n\n\n\n<p>La coalici\u00f3n legislativa centrista formada por el conservador Partido Popular Europeo (PPE), los socialistas, los dem\u00f3cratas y los liberales sigue siendo la m\u00e1s numerosa en el Parlamento Europeo, pero la extrema derecha obtuvo importantes avances en las elecciones de junio en el bloque de los 27.<\/p>\n\n\n\n<p>Aunque las cifras aparentemente respaldan a Von der Leyen, en la votaci\u00f3n secreta no se puede confiar. Con 188 esca\u00f1os su grupo pol\u00edtico PPE es el mayor en el Parlamento y, si se suman sus socios de coalici\u00f3n, podr\u00eda alcanzar el umbral de 361 votos. Sin embargo, varios eurodiputados han dicho que votar\u00e1n contra ella.<\/p>\n\n\n\n<p>Dos grupos de extrema derecha con mayor n\u00famero de esca\u00f1os hacen que el nuevo Parlamento tenga una composici\u00f3n pol\u00edtica m\u00e1s compleja que nunca y as\u00ed deben escoger a 14 vicepresidentes.<\/p>\n\n\n\n<p>Los Conservadores y Reformistas Europeos, dominados por el partido posfascista Hermanos por Italia, de la primera ministra italiana Giorgia Meloni, \u2013 que ya tienen un vicepresidente\u2013 quieren dos.<\/p>\n\n\n\n<p>En esa competencia por tener dos vicepresidentes tambi\u00e9n entra la tercera facci\u00f3n m\u00e1s grande del Parlamento, un nuevo grupo conocido como Patriotas por Europa, creado por Orban y que incluye a la Agrupaci\u00f3n Nacional Francesa.<\/p>\n\n\n\n<p>Este grupo incluye a figuras controvertidas como el general italiano Roberto Vannacci, autor de un libro con comentarios hom\u00f3fobos, mis\u00f3ginos y contrarios a los inmigrantes. Por lo que los Patriotas de extrema derecha son una l\u00ednea roja para la coalici\u00f3n centrista.<\/p>\n\n\n\n<p>\u00abNo queremos que estos eurodiputados representen a la instituci\u00f3n\u00bb, dijo Pedro L\u00f3pez de Pablo, portavoz del PPE, a\u00f1adiendo que hab\u00eda conversaciones para impedir que \u00abla extrema derecha y los amigos de Putin\u00bb accedan a puestos destacados.<\/p>\n\n\n\n<p>As\u00ed que los eurodiputados patriotas tambi\u00e9n podr\u00edan ser excluidos de las principales comisiones parlamentarias la pr\u00f3xima semana.<\/p>\n\n\n\n<p>El portavoz de Patriotas, Alonso de Mendoza, argument\u00f3 que el \u00abcord\u00f3n sanitario\u00bb empleado por los partidos pol\u00edticos mayoritarios para bloquear a la extrema derecha era \u00abantidemocr\u00e1tico\u00bb.<\/p>\n\n\n\n<p>AFP y Reuters<\/p>\n","protected":false},"excerpt":{"rendered":"<p>Le lleg\u00f3 el momento al Parlamento Europeo de reunirse por primera vez desde las elecciones en junio, primero que todo para decidir el destino de los l\u00edderes de la Uni\u00f3n Europea. Este martes, 16 de julio, 720 legisladores inician su mandato de cinco a\u00f1os, con un continente en tensi\u00f3n y una extrema derecha reforzada. Los [&hellip;]<\/p>\n","protected":false},"author":1,"featured_media":3365,"comment_status":"open","ping_status":"open","sticky":false,"template":"","format":"standard","meta":{"footnotes":""},"categories":[2],"tags":[],"class_list":["post-3364","post","type-post","status-publish","format-standard","has-post-thumbnail","hentry","category-actualidad"],"_links":{"self":[{"href":"http:\/\/www.elcapital.pe\/index.php?rest_route=\/wp\/v2\/posts\/3364","targetHints":{"allow":["GET"]}}],"collection":[{"href":"http:\/\/www.elcapital.pe\/index.php?rest_route=\/wp\/v2\/posts"}],"about":[{"href":"http:\/\/www.elcapital.pe\/index.php?rest_route=\/wp\/v2\/types\/post"}],"author":[{"embeddable":true,"href":"http:\/\/www.elcapital.pe\/index.php?rest_route=\/wp\/v2\/users\/1"}],"replies":[{"embeddable":true,"href":"http:\/\/www.elcapital.pe\/index.php?rest_route=%2Fwp%2Fv2%2Fcomments&post=3364"}],"version-history":[{"count":1,"href":"http:\/\/www.elcapital.pe\/index.php?rest_route=\/wp\/v2\/posts\/3364\/revisions"}],"predecessor-version":[{"id":3366,"href":"http:\/\/www.elcapital.pe\/index.php?rest_route=\/wp\/v2\/posts\/3364\/revisions\/3366"}],"wp:featuredmedia":[{"embeddable":true,"href":"http:\/\/www.elcapital.pe\/index.php?rest_route=\/wp\/v2\/media\/3365"}],"wp:attachment":[{"href":"http:\/\/www.elcapital.pe\/index.php?rest_route=%2Fwp%2Fv2%2Fmedia&parent=3364"}],"wp:term":[{"taxonomy":"category","embeddable":true,"href":"http:\/\/www.elcapital.pe\/index.php?rest_route=%2Fwp%2Fv2%2Fcategories&post=3364"},{"taxonomy":"post_tag","embeddable":true,"href":"http:\/\/www.elcapital.pe\/index.php?rest_route=%2Fwp%2Fv2%2Ftags&post=3364"}],"curies":[{"name":"wp","href":"https:\/\/api.w.org\/{rel}","templated":true}]}}