{"id":3338,"date":"2024-07-14T08:59:24","date_gmt":"2024-07-14T13:59:24","guid":{"rendered":"https:\/\/www.elcapital.pe\/?p=3338"},"modified":"2024-07-14T08:59:24","modified_gmt":"2024-07-14T13:59:24","slug":"argentina-declara-a-hamas-como-organizacion-terrorista-internacional","status":"publish","type":"post","link":"http:\/\/www.elcapital.pe\/?p=3338","title":{"rendered":"ARGENTINA DECLARA A HAMAS COMO \u201cORGANIZACI\u00d3N TERRORISTA INTERNACIONAL\u201d"},"content":{"rendered":"\n<p>En un comunicado que se conoci\u00f3 a la media noche del viernes, 12 de julio, el despacho del Poder Ejecutivo de Argentina asegur\u00f3 que \u00abEl grupo Ham\u00e1s ha sido declarado por nuestro Estado como organizaci\u00f3n terrorista internacional\u00bb.&nbsp; El documento explica que el presidente Javier Milei \u00abtiene el compromiso de reconocer a los terroristas por lo que son\u00bb y que \u00abHam\u00e1s ya se ha adjudicado la responsabilidad de las atrocidades cometidas durante el ataque del 7 de octubre de 2023 al sur de Israel\u00bb. Ham\u00e1s exige que el presidente argentino se retracte.<\/p>\n\n\n\n<p>Argentina, que alberga la mayor comunidad jud\u00eda de Am\u00e9rica Latina, ahora se alinea con Estados Unidos, la Uni\u00f3n Europea, Canad\u00e1 y Reino Unido, que tambi\u00e9n reconocen a Ham\u00e1s como un grupo terrorista.<\/p>\n\n\n\n<p>Con casi 300.000 personas que profesan la religi\u00f3n jud\u00eda, seg\u00fan un estudio del Joint Distribution Committee -respaldado por c\u00e1lculos demogr\u00e1ficos oficiales-, el Gobierno de Argentina muestra oficialmente su apoyo a Israel, un aliado que, junto con Estados Unidos, hace parte de los socios m\u00e1s importantes para el presidente libertario Javier Milei.<\/p>\n\n\n\n<p>El viernes 12 de julio qued\u00f3 estipulado en el Repet, el Registro P\u00fablico de Personas y Entidades Vinculadas a Actos de Terrorismo y su Financiamiento, que Ham\u00e1s, el movimiento de resistencia isl\u00e1mico, ahora hace parte de la lista.<\/p>\n\n\n\n<p>\u00abHam\u00e1s se ha adjudicado la responsabilidad por las atrocidades cometidas durante el ataque perpetrado a Israel el pasado 7 de octubre&#8230; que se suman a un extenso historial de atentados terroristas en su nombre\u00bb, argument\u00f3 el comunicado de la Oficina del Presidente.<\/p>\n\n\n\n<p>Seg\u00fan informes oficiales de Israel, el ataque de Ham\u00e1s del 7 de octubre de 2023, dej\u00f3 1.200 muertos y 250 secuestrados.<\/p>\n\n\n\n<p>Dicho ataque -donde fueron asesinados la mayor cantidad de jud\u00edos desde el Holocausto- desencaden\u00f3 una persecuci\u00f3n a muerte por parte de Israel contra el grupo islamista en la Franja de Gaza, que ya lleva m\u00e1s de nueve meses y ha dejado m\u00e1s de 38.000 muertos en el enclave, seg\u00fan el conteo del ministerio de Sanidad de Gaza.<\/p>\n\n\n\n<p>Israel, que ha recrudecido la guerra bajo el objetivo de \u201celiminar por completo a Ham\u00e1s\u201d ha solicitado la liberaci\u00f3n de un centenar de rehenes, que cree est\u00e1n todav\u00eda secuestrados por Ham\u00e1s, entre ellos, dos menores de 5 a\u00f1os y una veintena de mujeres. Ya se ha confirmado que 43, de la cifra original, est\u00e1n muertos, de acuerdo con el Gobierno del primer ministro Benjamin Netanyahu.<\/p>\n\n\n\n<p>Una historia de terrorismo que marca a la comunidad jud\u00eda en Argentina<\/p>\n\n\n\n<p>La comunidad jud\u00eda en Argentina fue v\u00edctima de un primer atentado en la embajada de Israel, en 1992, en el que murieron 29 personas y cientos resultaron heridas.<\/p>\n\n\n\n<p>Este anuncio del Gobierno argentino llega a tan solo seis d\u00edas de cumplirse 30 a\u00f1os del segundo atentado terrorista contra la misma comunidad pero en el edificio de la Asociaci\u00f3n Mutua Israelita Argentina (AMIA) en la capital Buenos Aires, que dej\u00f3 85 muertos y m\u00e1s de 300 personas heridas, el 18 de julio de 1994, y todav\u00eda quedan heridas sin sanar como la del 18 de enero de 2015, cuando fue hallado muerto el fiscal que llevaba el caso, Alberto Nisman.<\/p>\n\n\n\n<p>\u00abEn los \u00faltimos a\u00f1os se ha revelado un v\u00ednculo con la Rep\u00fablica Isl\u00e1mica de Ir\u00e1n, cuya dirigencia fue encontrada responsable por los atentados contra la Embajada de Israel en Buenos Aires y contra la AMIA por la C\u00e1mara de Casaci\u00f3n Penal el pasado 11 de abril\u00bb, agreg\u00f3 el comunicado de la Presidencia de este viernes.<\/p>\n\n\n\n<p>Al final del texto presidencial, se lee que el Gobierno de Milei pretende alinear a Argentina a \u201ca la civilizaci\u00f3n occidental, respetuosa de los derechos individuales y sus instituciones\u00bb, por lo que \u00abresulta inadmisible que aquellos que atenten en su contra no sean declarados como lo que son: terroristas\u00bb.<\/p>\n\n\n\n<p>Ham\u00e1s, m\u00e1xima entidad que gobierna Gaza, se declara un grupo nacionalista e islamista cuyo objetivo es el establecimiento de un Estado palestino fundamentalista isl\u00e1mico en la regi\u00f3n hist\u00f3rica de los territorios habitados por palestinos.<\/p>\n\n\n\n<p>Dentro de sus mayores objetivos est\u00e1 sacar a Israel de los territorios ocupados por palestinos, pues acusa a ese pa\u00eds de ser una potencia ocupante.<\/p>\n\n\n\n<p>El movimiento extremista tiene un ala militar, que se ha atribuido la responsabilidad de decenas de operaciones contra Israel y ha prometido devolverles a los palestinos la legitimidad de su identidad, tierra y cultura en Oriente Medio.<\/p>\n\n\n\n<p>La respuesta de Ham\u00e1s<\/p>\n\n\n\n<p>Ham\u00e1s acus\u00f3 este s\u00e1bado, 13 de julio, al Gobierno de Argentina, liderado por Javier Milei, de tener un \u00absesgo flagrante\u00bb&nbsp; y de justificar los \u00abcr\u00edmenes de genocidio\u00bb de Israel en al Franja de Gaza.<\/p>\n\n\n\n<p>\u00abConsideramos que esta decisi\u00f3n injusta es err\u00f3nea y parcial a favor de la ocupaci\u00f3n nazi, que se encuentra ante la Corte Internacional de Justicia por cometer el crimen de genocidio contra nuestro pueblo palestino\u00bb, se\u00f1al\u00f3 Ham\u00e1s.<\/p>\n\n\n\n<p>El grupo islamista exigi\u00f3 al Gobierno argentino que se retracte y \u00abse abstenga de alinearse con la narrativa criminal de la ocupaci\u00f3n sionista y se ponga del lado de la justicia y el derecho de los pueblos a la libertad y la autodeterminaci\u00f3n\u00bb.<\/p>\n\n\n\n<p>EFE<\/p>\n","protected":false},"excerpt":{"rendered":"<p>En un comunicado que se conoci\u00f3 a la media noche del viernes, 12 de julio, el despacho del Poder Ejecutivo de Argentina asegur\u00f3 que \u00abEl grupo Ham\u00e1s ha sido declarado por nuestro Estado como organizaci\u00f3n terrorista internacional\u00bb.&nbsp; El documento explica que el presidente Javier Milei \u00abtiene el compromiso de reconocer a los terroristas por lo [&hellip;]<\/p>\n","protected":false},"author":1,"featured_media":3339,"comment_status":"open","ping_status":"open","sticky":false,"template":"","format":"standard","meta":{"footnotes":""},"categories":[2],"tags":[],"class_list":["post-3338","post","type-post","status-publish","format-standard","has-post-thumbnail","hentry","category-actualidad"],"_links":{"self":[{"href":"http:\/\/www.elcapital.pe\/index.php?rest_route=\/wp\/v2\/posts\/3338","targetHints":{"allow":["GET"]}}],"collection":[{"href":"http:\/\/www.elcapital.pe\/index.php?rest_route=\/wp\/v2\/posts"}],"about":[{"href":"http:\/\/www.elcapital.pe\/index.php?rest_route=\/wp\/v2\/types\/post"}],"author":[{"embeddable":true,"href":"http:\/\/www.elcapital.pe\/index.php?rest_route=\/wp\/v2\/users\/1"}],"replies":[{"embeddable":true,"href":"http:\/\/www.elcapital.pe\/index.php?rest_route=%2Fwp%2Fv2%2Fcomments&post=3338"}],"version-history":[{"count":1,"href":"http:\/\/www.elcapital.pe\/index.php?rest_route=\/wp\/v2\/posts\/3338\/revisions"}],"predecessor-version":[{"id":3340,"href":"http:\/\/www.elcapital.pe\/index.php?rest_route=\/wp\/v2\/posts\/3338\/revisions\/3340"}],"wp:featuredmedia":[{"embeddable":true,"href":"http:\/\/www.elcapital.pe\/index.php?rest_route=\/wp\/v2\/media\/3339"}],"wp:attachment":[{"href":"http:\/\/www.elcapital.pe\/index.php?rest_route=%2Fwp%2Fv2%2Fmedia&parent=3338"}],"wp:term":[{"taxonomy":"category","embeddable":true,"href":"http:\/\/www.elcapital.pe\/index.php?rest_route=%2Fwp%2Fv2%2Fcategories&post=3338"},{"taxonomy":"post_tag","embeddable":true,"href":"http:\/\/www.elcapital.pe\/index.php?rest_route=%2Fwp%2Fv2%2Ftags&post=3338"}],"curies":[{"name":"wp","href":"https:\/\/api.w.org\/{rel}","templated":true}]}}