{"id":3332,"date":"2024-07-14T08:36:06","date_gmt":"2024-07-14T13:36:06","guid":{"rendered":"https:\/\/www.elcapital.pe\/?p=3332"},"modified":"2024-07-14T08:36:06","modified_gmt":"2024-07-14T13:36:06","slug":"vuelta-a-la-guerra-fria-rusia-respondera-a-los-misiles-de-ee-uu-en-europa-apuntando-los-suyos-a-la-ue","status":"publish","type":"post","link":"http:\/\/www.elcapital.pe\/?p=3332","title":{"rendered":"VUELTA \u201cA LA GUERRA FRIA\u201d: RUSIA RESPONDERA A LOS MISILES DE EE.UU. EN EUROPA APUNTANDO LOS SUYOS A LA UE \u00a0"},"content":{"rendered":"\n<p>Rusia responder\u00e1 al emplazamiento de misiles de largo alcance estadounidenses en Europa eligiendo instalaciones en la UE como objetivo de sus misiles, afirm\u00f3 este s\u00e1bado 13 de julio el portavoz del Kremlin, Dmitri Peskov. El pasado jueves, el Kremlin ya hab\u00eda condenado&nbsp; esa decisi\u00f3n de Estados Unidos y denunci\u00f3 una vuelta hacia \u00abla Guerra Fr\u00eda\u00bb, en medio del conflicto entre Rusia y Ucrania.<\/p>\n\n\n\n<p>\u201cUna situaci\u00f3n parad\u00f3jica\u201d heredada de \u00e9pocas anteriores, esas fueron las palabras de Dimitri Peskov, portavoz del Kremlin, este 13 de julio respecto al anuncio del env\u00edo de misiles de largo alcance estadounidenses a Alemania.<\/p>\n\n\n\n<p>\u00abEE. UU. emplazaba este tipo de misiles, de diversas clases, de diverso alcance, pero tradicionalmente apuntando a nuestro pa\u00eds. Nosotros, a su vez, eleg\u00edamos objetivos europeos para los nuestros\u00bb, explic\u00f3 el vocero ruso, recordando fragmentos de la hist\u00f3rica enemistad de su pa\u00eds con Estados Unidos.<\/p>\n\n\n\n<p>En di\u00e1logo con el canal ruso Rossiya 1, Peskov respondi\u00f3 \u201cas\u00ed ser\u00e1\u201d a la pregunta de si Mosc\u00fa responder\u00e1 a esta iniciativa apuntando con sus misiles a Europa.<\/p>\n\n\n\n<p>Para el alto funcionario del Kremlin, Europa no est\u00e1 pasando por su mejor momento. De hecho, asegur\u00f3 que el Viejo Continente \u201cse est\u00e1 deshaciendo por sus costuras\u201d. Y por ello, seg\u00fan Peskov, \u201ces inevitable que la historia se repita\u00bb.<\/p>\n\n\n\n<p>El Kremlin ya hab\u00eda condenado el jueves 11 de julio la decisi\u00f3n de Estados Unidos de desplegar puntualmente misiles de largo alcance en Alemania y denunci\u00f3 una vuelta hacia \u00abla Guerra Fr\u00eda\u00bb.<\/p>\n\n\n\n<p>\u00abAlemania, Estados Unidos, Francia y el Reino Unido est\u00e1n directamente implicados en el conflicto en torno a Ucrania. Reaparecen todas las caracter\u00edsticas de la Guerra Fr\u00eda, con un enfrentamiento, una confrontaci\u00f3n directa\u00bb, declar\u00f3 ese d\u00eda Peskov.<\/p>\n\n\n\n<p>\u00abTodo esto se est\u00e1 llevando a cabo para garantizar nuestra derrota estrat\u00e9gica en el campo de batalla\u00bb, asegur\u00f3 el vocero.<\/p>\n\n\n\n<p>\u00bfPor qu\u00e9 se escalaron las tensiones entre Rusia y Occidente?<\/p>\n\n\n\n<p>El 10 de julio, Estados Unidos y Alemania anunciaron -en el marco de la cumbre de la Organizaci\u00f3n del Tratado del Atl\u00e1ntico Norte (OTAN)\u2013 que Washington comenzar\u00e1 a desplegar capacidades de fuego de largo alcance en territorio alem\u00e1n en 2026; como parte del compromiso del pa\u00eds norteamericano con la Alianza y la defensa europea.<\/p>\n\n\n\n<p>Los despliegues, que ser\u00e1n por ahora \u201cepis\u00f3dicos\u201d, son una preparaci\u00f3n para un estacionamiento a largo plazo que incluir\u00e1 misiles de crucero SM-6, Tomahawk y armas hipers\u00f3nicas con mayor alcance que las que hay en la actualidad en Europa.&nbsp;<\/p>\n\n\n\n<p>A su vez, la OTAN tambi\u00e9n dio la noticia de que una nueva base a\u00e9rea de defensa estadounidense en el norte de Polonia estaba lista. Esta estaci\u00f3n fue dise\u00f1ada para detectar e interceptar ataques con misiles bal\u00edsticos como parte de un escudo antimisiles m\u00e1s amplio de la Alianza.<\/p>\n\n\n\n<p>Olaf Scholz, canciller de Alemania, aplaudi\u00f3 la decisi\u00f3n de Estados Unidos y la defini\u00f3 como \u201calgo de disuasi\u00f3n y de garant\u00eda de la paz, y es una decisi\u00f3n necesaria e importante en el momento adecuado\u201d.<\/p>\n\n\n\n<p>As\u00ed pues, como es costumbre, las acciones estadounidenses tuvieron efecto en Rusia.<\/p>\n\n\n\n<p>Mosc\u00fa tom\u00f3 el env\u00edo militar de Washington a Alemania como un claro mensaje en su contra. Cuando se le pregunt\u00f3 a Peskov en una rueda de prensa sobre los resultados de la cumbre de la OTAN de este a\u00f1o, \u00e9l respondi\u00f3: \u201cLa alianza del Atl\u00e1ntico Norte ha confirmado una vez m\u00e1s su esencia de forma muy clara. Es una alianza creada en una \u00e9poca de confrontaci\u00f3n con el objetivo de mantener la confrontaci\u00f3n\u201d.<\/p>\n\n\n\n<p>EFE y Reuters<\/p>\n","protected":false},"excerpt":{"rendered":"<p>Rusia responder\u00e1 al emplazamiento de misiles de largo alcance estadounidenses en Europa eligiendo instalaciones en la UE como objetivo de sus misiles, afirm\u00f3 este s\u00e1bado 13 de julio el portavoz del Kremlin, Dmitri Peskov. El pasado jueves, el Kremlin ya hab\u00eda condenado&nbsp; esa decisi\u00f3n de Estados Unidos y denunci\u00f3 una vuelta hacia \u00abla Guerra Fr\u00eda\u00bb, [&hellip;]<\/p>\n","protected":false},"author":1,"featured_media":3333,"comment_status":"open","ping_status":"open","sticky":false,"template":"","format":"standard","meta":{"footnotes":""},"categories":[2],"tags":[],"class_list":["post-3332","post","type-post","status-publish","format-standard","has-post-thumbnail","hentry","category-actualidad"],"_links":{"self":[{"href":"http:\/\/www.elcapital.pe\/index.php?rest_route=\/wp\/v2\/posts\/3332","targetHints":{"allow":["GET"]}}],"collection":[{"href":"http:\/\/www.elcapital.pe\/index.php?rest_route=\/wp\/v2\/posts"}],"about":[{"href":"http:\/\/www.elcapital.pe\/index.php?rest_route=\/wp\/v2\/types\/post"}],"author":[{"embeddable":true,"href":"http:\/\/www.elcapital.pe\/index.php?rest_route=\/wp\/v2\/users\/1"}],"replies":[{"embeddable":true,"href":"http:\/\/www.elcapital.pe\/index.php?rest_route=%2Fwp%2Fv2%2Fcomments&post=3332"}],"version-history":[{"count":1,"href":"http:\/\/www.elcapital.pe\/index.php?rest_route=\/wp\/v2\/posts\/3332\/revisions"}],"predecessor-version":[{"id":3334,"href":"http:\/\/www.elcapital.pe\/index.php?rest_route=\/wp\/v2\/posts\/3332\/revisions\/3334"}],"wp:featuredmedia":[{"embeddable":true,"href":"http:\/\/www.elcapital.pe\/index.php?rest_route=\/wp\/v2\/media\/3333"}],"wp:attachment":[{"href":"http:\/\/www.elcapital.pe\/index.php?rest_route=%2Fwp%2Fv2%2Fmedia&parent=3332"}],"wp:term":[{"taxonomy":"category","embeddable":true,"href":"http:\/\/www.elcapital.pe\/index.php?rest_route=%2Fwp%2Fv2%2Fcategories&post=3332"},{"taxonomy":"post_tag","embeddable":true,"href":"http:\/\/www.elcapital.pe\/index.php?rest_route=%2Fwp%2Fv2%2Ftags&post=3332"}],"curies":[{"name":"wp","href":"https:\/\/api.w.org\/{rel}","templated":true}]}}