{"id":3329,"date":"2024-07-14T08:25:51","date_gmt":"2024-07-14T13:25:51","guid":{"rendered":"https:\/\/www.elcapital.pe\/?p=3329"},"modified":"2024-07-14T08:25:51","modified_gmt":"2024-07-14T13:25:51","slug":"trump-resulta-herido-pero-esta-a-salvo-tras-recibir-unos-disparos-durante-un-mitin-que-dejo-dos-muertos","status":"publish","type":"post","link":"http:\/\/www.elcapital.pe\/?p=3329","title":{"rendered":"TRUMP RESULTA HERIDO PERO ESTA \u201cA SALVO\u201d, TRAS RECIBIR UNOS DISPAROS DURANTE UN MITIN QUE DEJO DOS MUERTOS"},"content":{"rendered":"\n<p>El aspirante republicano a la Casa Blanca y expresidente de EE.UU. Donald Trump (2017- 2021) result\u00f3 herido este s\u00e1bado 13 de julio en un ataque a tiros durante un mitin en Butler, Pensilvania. Tras ser evacuado y llevado a un hospital, el exmandatario confirm\u00f3 en la red Truth Social que una bala le alcanz\u00f3 la oreja derecha y agradeci\u00f3 al Servicio Secreto por haberlo puesto a salvo. Previamente, un portavoz del Servicio Secreto y fuentes de su campa\u00f1a informaron que Trump \u00abse encuentra a salvo\u00bb. Un fiscal local asegur\u00f3 a diversos medios que la balacera dej\u00f3 al menos dos muertos, entre ellos el presunto atacante, en un hecho que est\u00e1 siendo tratado como un intento de asesinato.<\/p>\n\n\n\n<p>Este s\u00e1bado 13 de julio se produjo un tiroteo durante un mitin del expresidente estadounidense Donald Trump, quien fue evacuado del lugar tras resultar herido.<\/p>\n\n\n\n<p>Minutos despu\u00e9s de ser evacuado, el Servicio Secreto asegur\u00f3 que estaba a salvo.<\/p>\n\n\n\n<p>\u00abDonald Trump est\u00e1 a salvo y se han implementado medidas de protecci\u00f3n a su alrededor despu\u00e9s de un incidente en un mitin de campa\u00f1a del expresidente estadounidense el s\u00e1bado en Pensilvania, indic\u00f3 el Servicio Secreto.<\/p>\n\n\n\n<p>\u00abEsta es ahora una investigaci\u00f3n activa del Servicio Secreto y se publicar\u00e1 m\u00e1s informaci\u00f3n cuando est\u00e9 disponible\u00bb, afirm\u00f3 el Servicio Secreto en una publicaci\u00f3n en X.<\/p>\n\n\n\n<p>La campa\u00f1a del expresidente tambi\u00e9n asegur\u00f3 que \u00e9l est\u00e1 bien.<\/p>\n\n\n\n<p>\u00abEl presidente Trump agradece a las fuerzas del orden y a los servicios de emergencia por su r\u00e1pida actuaci\u00f3n durante este acto atroz. Est\u00e1 bien y lo est\u00e1n examinando en un centro m\u00e9dico local. Pronto habr\u00e1 m\u00e1s detalles;\u00bb dijo el portavoz del exmandatario, Steven Cheung.<\/p>\n\n\n\n<p>Trump confirma que result\u00f3 herido y dice que es un hecho \u00abincre\u00edble\u00bb<\/p>\n\n\n\n<p>El mismo s\u00e1bado, tras ser evacuado y atendido m\u00e9dicamente, Trump confirm\u00f3 que una bala le alcanz\u00f3 en la oreja derecha y dijo que es \u00abincre\u00edble\u00bb que algo as\u00ed pueda haber ocurrido en el pa\u00eds.<\/p>\n\n\n\n<p>\u00abMe dispararon con una bala que atraves\u00f3 la parte superior de la oreja derecha. Supe inmediatamente que algo andaba mal porque escuch\u00e9 un zumbido, disparos e inmediatamente sent\u00ed la bala atravesando la piel. Sangr\u00e9 mucho y me di cuenta de lo que estaba pasando\u00bb, relat\u00f3.<\/p>\n\n\n\n<p>Trump agreg\u00f3 que, por ahora, \u00abno se sabe nada\u00bb sobre la identidad ni el m\u00f3vil del agresor. \u00abEs incre\u00edble que un acto as\u00ed pueda ocurrir en nuestro pa\u00eds\u00bb, agreg\u00f3.<\/p>\n\n\n\n<p>El magnate de Nueva York, de 78 a\u00f1os, agradeci\u00f3 al Servicio Secreto y al resto de fuerzas del orden p\u00fablico por su \u00abr\u00e1pida repuesta\u00bb lament\u00f3 la muerte de uno de los asistentes, as\u00ed como el estado de otra que result\u00f3 gravemente herida y fue trasladada a un hospital<\/p>\n\n\n\n<p>Dos muertos, uno de ellos el supuesto atacante<\/p>\n\n\n\n<p>Seg\u00fan Richard Goldinger, fiscal de distrito del condado de Butler, el presunto tirador y un asistente del evento murieron despu\u00e9s del incidente en el mitin de Trump de este s\u00e1bado.<\/p>\n\n\n\n<p>De acuerdo a informaci\u00f3n conocida por el medio estadounidense CNN, tres fuentes policiales confirman que el presunto tirador estaba afuera del lugar donde se llevaba a cabo el evento de Trump. De las fuentes, dos de ellas afirman que el individuo estaba en un tejado.<\/p>\n\n\n\n<p>Al mismo tiempo, otras fuentes policiales se han referido al tirador como un francotirador, seg\u00fan CNN.<\/p>\n\n\n\n<p>Al respecto, Goldinger ha dicho que su detective le dijo que el tirador estaba en un edificio adyacente a la propiedad del evento.<\/p>\n\n\n\n<p>Se investiga como intento de asesinato<\/p>\n\n\n\n<p>Aunque no hay m\u00e1s detalles, las Fuerzas de seguridad informaron a los medios que el tiroteo en el mitin est\u00e1 siendo investigado como un intento de asesinato.<\/p>\n\n\n\n<p>Este tipo de ataques son investigados por el Bur\u00f3 Federal de Investigaci\u00f3n (FBI) con la asistencia del Servicio Secreto, encargado de la seguridad del presidente, expresidentes y candidatos presidenciales.<\/p>\n\n\n\n<p>\u00bfQu\u00e9 sucedi\u00f3?<\/p>\n\n\n\n<p>De acuerdo con las fuentes consultadas por Reuters, se escucharon m\u00faltiples disparos en el mitin poco despu\u00e9s de que Trump comenzara su discurso.<\/p>\n\n\n\n<p>Los guardaespaldas protegieron a Trump mientras este se agach\u00f3 para descender del podio y agentes armados tomaron posiciones al frente del escenario.<\/p>\n\n\n\n<p>Trump levant\u00f3 repetidamente el pu\u00f1o hacia la multitud y grit\u00f3 mientras era escoltado hasta un veh\u00edculo por el Servicio Secreto de Estados Unidos.<\/p>\n\n\n\n<p>Un video mostr\u00f3 al magnate con sangre en la oreja derecha y en el lado derecho de la cara.<\/p>\n\n\n\n<p>Tras el hecho, la gente abandon\u00f3 el lugar, quedaron sillas ca\u00eddas y cinta policial amarilla alrededor del escenario. Un helic\u00f3ptero sobrevol\u00f3 el lugar y agentes recorrieron el \u00e1rea.<\/p>\n\n\n\n<p>\u00abNo hay lugar para esta violencia en EE. UU.\u00bb, advierte Biden<\/p>\n\n\n\n<p>El presidente de Estados Unidos, Joe Biden, recibi\u00f3 una informaci\u00f3n inicial sobre el incidente, seg\u00fan la Casa Blanca. Y, dos horas despu\u00e9s del hecho, emiti\u00f3 un mensaje en el que conden\u00f3 tiroteo en el mitin de su rival republicano, Donald Trump, y dijo alegrarse de que est\u00e9 \u00abbien\u00bb tras haber sido evacuado con \u00e9xito.<\/p>\n\n\n\n<p>Trump y Biden afrontan una re\u00f1ida revancha electoral y la mayor\u00eda de las encuestas de opini\u00f3n, incluidas las de Reuters\/Ipsos, muestran que ambos est\u00e1n igualados.<\/p>\n\n\n\n<p>\u00abMe han informado sobre el tiroteo ocurrido en el mitin de Donald Trump en Pensilvania. Me alegra saber que est\u00e1 a salvo y que se encuentra bien. Estoy rezando por \u00e9l y por su familia y por todos los que estaban en el mitin, mientras esperamos m\u00e1s informaci\u00f3n. Jill y yo estamos agradecidos al Servicio Secreto por haberlo puesto a salvo. No hay lugar para este tipo de violencia en Estados Unidos. Debemos unirnos como una sola naci\u00f3n para condenarla\u00bb<\/p>\n\n\n\n<p>Posteriormente, Biden dio un mensaje en televisi\u00f3n, en el que pidi\u00f3 el fin de la violencia pol\u00edtica y se\u00f1al\u00f3 \u200b\u200bque el expresidente parec\u00eda estar bien.<\/p>\n\n\n\n<p>\u00abNo hay lugar en Estados Unidos para este tipo de violencia. Es repugnante\u00bb, declar\u00f3 Biden, a\u00f1adiendo que ha sido informado exhaustivamente sobre el asunto y que tiene previsto hablar con Trump. \u00abTodo el mundo debe condenar\u00bb este hecho, puntualiz\u00f3.<\/p>\n\n\n\n<p>Biden llam\u00f3 en la noche a Trump, aunque no trascendi\u00f3 el contenido de la conversaci\u00f3n..<\/p>\n\n\n\n<p>\u00abEsta noche, el presidente Biden habl\u00f3 con el expresidente Trump. El presidente tambi\u00e9n habl\u00f3 con el gobernador de Pensilvania, Josh Shapiro, y el alcalde de Butler, Bob Dandoy\u00bb, indic\u00f3 un funcionario de la Casa Blanca.<\/p>\n\n\n\n<p>Otro dem\u00f3crata que lament\u00f3 lo ocurrido este s\u00e1bado fue el expresidente Barack Obama.<\/p>\n\n\n\n<p>El exmandatario asegur\u00f3: \u00abtodos deber\u00edamos sentirnos aliviados de que el expresidente Trump no haya resultado gravemente herido y aprovechar este momento para renovar nuestro compromiso con la civilidad y el respeto en nuestra pol\u00edtica\u201d.<\/p>\n\n\n\n<p>En paralelo, Obama dijo que en la democracia estadounidense \u201cno hay lugar para la violencia pol\u00edtica\u201d.<\/p>\n\n\n\n<p>EFE, Reuters y AP<\/p>\n","protected":false},"excerpt":{"rendered":"<p>El aspirante republicano a la Casa Blanca y expresidente de EE.UU. Donald Trump (2017- 2021) result\u00f3 herido este s\u00e1bado 13 de julio en un ataque a tiros durante un mitin en Butler, Pensilvania. Tras ser evacuado y llevado a un hospital, el exmandatario confirm\u00f3 en la red Truth Social que una bala le alcanz\u00f3 la [&hellip;]<\/p>\n","protected":false},"author":1,"featured_media":3330,"comment_status":"open","ping_status":"open","sticky":false,"template":"","format":"standard","meta":{"footnotes":""},"categories":[2],"tags":[],"class_list":["post-3329","post","type-post","status-publish","format-standard","has-post-thumbnail","hentry","category-actualidad"],"_links":{"self":[{"href":"http:\/\/www.elcapital.pe\/index.php?rest_route=\/wp\/v2\/posts\/3329","targetHints":{"allow":["GET"]}}],"collection":[{"href":"http:\/\/www.elcapital.pe\/index.php?rest_route=\/wp\/v2\/posts"}],"about":[{"href":"http:\/\/www.elcapital.pe\/index.php?rest_route=\/wp\/v2\/types\/post"}],"author":[{"embeddable":true,"href":"http:\/\/www.elcapital.pe\/index.php?rest_route=\/wp\/v2\/users\/1"}],"replies":[{"embeddable":true,"href":"http:\/\/www.elcapital.pe\/index.php?rest_route=%2Fwp%2Fv2%2Fcomments&post=3329"}],"version-history":[{"count":1,"href":"http:\/\/www.elcapital.pe\/index.php?rest_route=\/wp\/v2\/posts\/3329\/revisions"}],"predecessor-version":[{"id":3331,"href":"http:\/\/www.elcapital.pe\/index.php?rest_route=\/wp\/v2\/posts\/3329\/revisions\/3331"}],"wp:featuredmedia":[{"embeddable":true,"href":"http:\/\/www.elcapital.pe\/index.php?rest_route=\/wp\/v2\/media\/3330"}],"wp:attachment":[{"href":"http:\/\/www.elcapital.pe\/index.php?rest_route=%2Fwp%2Fv2%2Fmedia&parent=3329"}],"wp:term":[{"taxonomy":"category","embeddable":true,"href":"http:\/\/www.elcapital.pe\/index.php?rest_route=%2Fwp%2Fv2%2Fcategories&post=3329"},{"taxonomy":"post_tag","embeddable":true,"href":"http:\/\/www.elcapital.pe\/index.php?rest_route=%2Fwp%2Fv2%2Ftags&post=3329"}],"curies":[{"name":"wp","href":"https:\/\/api.w.org\/{rel}","templated":true}]}}