{"id":3317,"date":"2024-07-13T07:57:26","date_gmt":"2024-07-13T12:57:26","guid":{"rendered":"https:\/\/www.elcapital.pe\/?p=3317"},"modified":"2024-07-13T07:57:26","modified_gmt":"2024-07-13T12:57:26","slug":"lava-jato-10-anos-la-investigacion-anticorrupcion-que-cambio-a-brasil-para-siempre","status":"publish","type":"post","link":"http:\/\/www.elcapital.pe\/?p=3317","title":{"rendered":"LAVA JATO, 10 A\u00d1OS: LA INVESTIGACION ANTICORRUPCION QUE CAMBIO A BRASIL PARA SIEMPRE"},"content":{"rendered":"\n<p>Fue la investigaci\u00f3n anticorrupci\u00f3n m\u00e1s importante de Brasil, que en 2018 culmin\u00f3 con el encarcelamiento del actual presidente Luiz In\u00e1cio Lula da Silva. Lava Jato comenz\u00f3 hace una d\u00e9cada como un caso com\u00fan de lavado de dinero, pero acab\u00f3 revelando un complejo esquema de sobornos dentro y fuera de Brasil, que salpic\u00f3 varios pa\u00edses latinoamericanos y africanos, y motiv\u00f3 incluso el suicidio de m\u00e1s de un pol\u00edtico. Informe especial.<\/p>\n\n\n\n<p>Los investigadores descubrieron cuentas secretas en para\u00edsos fiscales como Suiza y el principado de M\u00f3naco, con millones de d\u00f3lares y euros ocultos. Hubo varios directivos de Petrobras, la petrolera estatal de Brasil, detenidos preventivamente durante meses, as\u00ed como pol\u00edticos condenados y encarcelados.<\/p>\n\n\n\n<p>Adem\u00e1s, la operaci\u00f3n Lava Jato consolid\u00f3 el mecanismo jur\u00eddico de la \u00abdelaci\u00f3n premiada\u00bb, que permiti\u00f3 recuperar al menos 4.580 millones de d\u00f3lares (25.000 millones de reales), sustra\u00eddos de forma fraudulenta de las arcas de Petrobras.<\/p>\n\n\n\n<p>Pero la mega-investigaci\u00f3n tambi\u00e9n aliment\u00f3 entre una parte significativa de la poblaci\u00f3n una fuerte desilusi\u00f3n y resistencia hacia la pol\u00edtica y los pol\u00edticos, situaci\u00f3n que condujo en 2018 a la elecci\u00f3n de Jair Bolsonaro, un parlamentario que, pese a sus casi 30 a\u00f1os de carrera en el Congreso, se presentaba como un antisistema.<\/p>\n\n\n\n<p>La operaci\u00f3n Lava Jato naci\u00f3 el 17 de marzo de 2014 y fue desmantelada oficialmente el 3 de febrero de 2021. Esta decisi\u00f3n fue anunciada por el Ministerio P\u00fablico Federal bajo el mando del entonces fiscal general de la Rep\u00fablica, Augusto Aras, cr\u00edtico de la operaci\u00f3n y aliado de Bolsonaro. Sin embargo, el sentimiento antipol\u00edtico que aliment\u00f3 la Lava Jato contin\u00faa permeando la sociedad brasile\u00f1a y dando aliento a las voces autoritarias contrarias a la democracia.<\/p>\n\n\n\n<p>Entre los principales hitos de Lava Jato cabe destacar 399 delaciones premiadas, 43 acuerdos de indulgencia (un tipo de acuerdo de culpabilidad para las empresas) y m\u00e1s de 133 acusados. \u200b\u200bEn 2015, fue creada una comisi\u00f3n parlamentaria para investigar los delitos de corrupci\u00f3n que emergieron del caso. En junio de 2017, el exgobernador de R\u00edo de Janeiro, S\u00e9rgio Cabral, fue condenado a 14 a\u00f1os y dos meses de prisi\u00f3n por corrupci\u00f3n pasiva y lavado de dinero.<\/p>\n\n\n\n<p>No obstante, el principal acusado por los jueces de Lava Jato fue la constructora Odebrecht (actualmente Novonor).<\/p>\n\n\n\n<p>Odebrecht y la vasta red de corrupci\u00f3n<\/p>\n\n\n\n<p>En 2014 operaba en 24 Estados brasile\u00f1os y en m\u00e1s de 70 pa\u00edses extranjeros. Entre 2004 y 2014, tuvo movimientos financieros por un valor de 6.410 millones de d\u00f3lares (35.000 millones de reales). Se estima que el Grupo Odebrecht pag\u00f3 183 millones de d\u00f3lares (1.000 millones de reales) en sobornos en este mismo periodo.<\/p>\n\n\n\n<p>El esc\u00e1ndalo de Odebrecht fue bautizado como la \u201cmayor red de sobornos extranjeros de la historia\u201d y salpic\u00f3 a presidentes, expresidentes y autoridades de Am\u00e9rica Latina y \u00c1frica.<\/p>\n\n\n\n<p>Sus tent\u00e1culos llegaron a M\u00e9xico, Argentina, Venezuela, Panam\u00e1, Per\u00fa, Ecuador, Rep\u00fablica Dominicana, Guatemala y Colombia, y en \u00c1frica a Angola y Mozambique.<\/p>\n\n\n\n<p>La divulgaci\u00f3n de los complejos entramados de la corrupci\u00f3n de Odebrecht llev\u00f3 al suicidio del expresidente de Per\u00fa, Alan Garc\u00eda.<\/p>\n\n\n\n<p>Otro testigo clave, el ingeniero colombiano Jorge Pizano, muri\u00f3 repentinamente de un infarto y su hijo falleci\u00f3 por un misterioso envenenamiento con cianuro. Pizano hab\u00eda denunciado irregularidades en contratos y presuntos sobornos para la construcci\u00f3n de carreteras a manos de consorcios colombianos y de Odebrecht entre 2010 y 2014.<\/p>\n\n\n\n<p>Hoy la delaci\u00f3n premiada de presos y su equivalente para las empresas investigadas, el \u2018acuerdo de clemencia\u2019, est\u00e1n en entredicho.<\/p>\n\n\n\n<p>\u00abRetroceso\u00bb<\/p>\n\n\n\n<p>En junio, la C\u00e1mara de Diputados de Brasil estableci\u00f3 que un proyecto de ley que proh\u00edbe la delaci\u00f3n premiada de los presos y criminaliza la divulgaci\u00f3n del contenido de las declaraciones sea votado en r\u00e9gimen de urgencia, sin pasar por la asamblea plenaria. La fecha de la votaci\u00f3n final todav\u00eda no ha sido fijada.<\/p>\n\n\n\n<p>Cabe destacar que el contexto pol\u00edtico de esta propuesta ha cambiado radicalmente a lo largo de una d\u00e9cada. En sus or\u00edgenes, fue presentada por el Partido de los Trabajadores de Lula para evitar la difusi\u00f3n de contenidos que, en su momento, afectaron al Gobierno de izquierda.<\/p>\n\n\n\n<p>Hoy, la coalici\u00f3n de partidos de centro impulsa este proyecto, preocupado por las denuncias de corrupci\u00f3n que podr\u00edan llevar al expresidente Jair Bolsonaro a la c\u00e1rcel. Varios juristas tildan este proyecto de \u201cretroceso\u201d porque podr\u00eda neutralizar el mecanismo de la delaci\u00f3n premiada e impedir el avance de las investigaciones.<\/p>\n\n\n\n<p>Las propias condenas de Lula fueron fundamentadas en delaciones de ejecutivos de Odebrecht y anuladas en 2021, cuando el juez del Supremo Edson Fachin reconoci\u00f3 la incompetencia del 13\u00ba Tribunal Federal de Curitiba para juzgarle. Los casos fueron remitidos al Juzgado Federal del Distrito Federal, en Brasilia, donde fueron archivados por prescripci\u00f3n y falta de pruebas.<\/p>\n\n\n\n<p>Otras condenas de aliados de Lula fueron anuladas, como la del ex ministro Jos\u00e9 Dirceu y del ex tesorero del Partido de los Trabajadores, Jo\u00e3o Vaccari Neto.<\/p>\n\n\n\n<p>En septiembre de 2023, el juez de la Corte Suprema Jos\u00e9 Antonio Dias Toffoli decidi\u00f3 anular tambi\u00e9n todas las pruebas del \u2018acuerdo de clemencia\u2019 de Odebrecht, se\u00f1alando defectos irremediables.<\/p>\n\n\n\n<p>En su decisi\u00f3n, Toffoli escribi\u00f3 que el arresto de Lula fue una \u201ctrama\u201d y \u201cuno de los mayores errores judiciales en la historia del pa\u00eds\u201d. Anteriormente, otro juez del Supremo, Gilmar Mendes, afirm\u00f3 en el juicio sobre validez de delaciones premiadas, en 2017, que \u201cla lucha contra la criminalidad no se puede hacer cometiendo delitos\u201d.<\/p>\n\n\n\n<p>Mientras tanto, el juez estrella de Lava Jato, S\u00e9rgio Moro, ha sido investigado por supuestas irregularidades y cr\u00edmenes en la instrucci\u00f3n del caso.<\/p>\n\n\n\n<p>Tras dejar la carrera judicial para liderar el Ministerio de Justicia y Seguridad P\u00fablica en la \u00e9poca de Bolsonaro, fue elegido como senador en las elecciones de 2022.<\/p>\n\n\n\n<p>Al a\u00f1o siguiente, Moro fue investigado por abuso de poder econ\u00f3mico durante la campa\u00f1a electoral de 2022, concretamente por haber excedido el l\u00edmite de los gastos de precampa\u00f1a. Sin embargo, en mayo de este a\u00f1o el Tribunal Superior Electoral lo absolvi\u00f3 por unanimidad y Moro consigui\u00f3 salvar su mandato. Sin embargo, su credibilidad ha quedado duramente afectada.<\/p>\n\n\n\n<p>Lejos queda la \u00e9poca en la que mu\u00f1ecos gigantescos de Moro eran levantados con orgullo por los manifestantes en los actos callejeros contra la corrupci\u00f3n.<\/p>\n\n\n\n<p>\u00bfGrietas en la investigaci\u00f3n?<\/p>\n\n\n\n<p>En los \u00faltimos a\u00f1os, varias condenas resultantes de la Lava Jato han sido anuladas y algunos acuerdos renegociados. Adem\u00e1s, el prestigio de esta macro-operaci\u00f3n judicial ha sido puesto en entredicho por una larga investigaci\u00f3n del portal \u2018The Intercept Brasil\u2019.<\/p>\n\n\n\n<p>Conocida como \u2018Vaza Jato\u2019, revel\u00f3 las conversaciones filtradas por un hacker entre el exjuez Moro y el grupo de fiscales que estaban al mando de la operaci\u00f3n. La gravedad de esta conducta se debe a que es algo expresamente prohibido en el sistema jur\u00eddico brasile\u00f1o.<\/p>\n\n\n\n<p>Todo el material, publicado en junio de 2019, fue obtenido mediante una invasi\u00f3n ilegal de los celulares de los principales responsables de Lava Jato.<\/p>\n\n\n\n<p>Entre las principales irregularidades denunciada por los periodistas a cargo de la investigaci\u00f3n y posteriormente confirmadas por trabajos acad\u00e9micos, est\u00e1 la ampliaci\u00f3n de interceptaciones telef\u00f3nicas m\u00e1s all\u00e1 del plazo concedido; la ocultaci\u00f3n de la direcci\u00f3n de empresas con sede en otro estado para poder mantener las competencias de la Fiscal\u00eda en Curitiba, la ciudad donde Lula permaneci\u00f3 encarcelado durante 580 d\u00edas; la presentaci\u00f3n de denuncias sin pruebas o basadas en noticias tendenciosas de peri\u00f3dicos conservadores; y los intercambios informales de informaci\u00f3n con \u00f3rganos fiscales y de cooperaci\u00f3n de otros pa\u00edses.<\/p>\n\n\n\n<p>Se construy\u00f3 una estrategia para guiar a la opini\u00f3n p\u00fablica y utilizarla contra los tribunales<\/p>\n\n\n\n<p>Para algunos analistas pol\u00edticos, la Lava Jato puede ser considerada la semilla de los sentimientos antidemocr\u00e1ticos que culminaron el 8 de enero de 2023 con la invasi\u00f3n y vandalizaci\u00f3n de los edificios de los tres poderes en Brasilia.<\/p>\n\n\n\n<p>\u201cHab\u00eda un entendimiento por parte de Lava Jato de que era necesario poner a las instituciones contra la pared. Esta es una expresi\u00f3n que no sorprende que aparezca entre los mensajes de \u2018Vaza Jato\u2019. El propio grupo de trabajo, especialmente (el exfiscal Deltan) Dallagnol, construy\u00f3 una estrategia para guiar a la opini\u00f3n p\u00fablica y utilizarla contra los tribunales\u201d, se\u00f1ala el polit\u00f3logo F\u00e1bio de S\u00e1 e Silva, profesor de estudios brasile\u00f1os en la Universidad de Oklahoma en los Estados Unidos.<\/p>\n\n\n\n<p>Diez a\u00f1os despu\u00e9s del lanzamiento de la Lava Jato, el exfiscal Deltan Dallagnol ha defendido en varias entrevistas concedidas a la prensa brasile\u00f1a tanto la operaci\u00f3n, como su legado. Dallagnol sostiene que los exintegrantes de Lava Jato sufren una persecuci\u00f3n por parte de pol\u00edticos y poderosos perjudicados por la investigaci\u00f3n. En 2022, dej\u00f3 la Fiscal\u00eda tras 18 a\u00f1os de carrera y se present\u00f3 a las elecciones legislativas.<\/p>\n\n\n\n<p>Fue el diputado federal m\u00e1s votado en el Estado de Paran\u00e1, pero su mandato ha sido revocado en mayo de 2023 por unanimidad por el Tribunal Superior Electoral. La raz\u00f3n: el uso indebido de dinero p\u00fablico para pagar sus gastos diarios durante la instrucci\u00f3n del caso Lava Jato.<\/p>\n\n\n\n<p>El exfiscal fue acusado de solicitar su destituci\u00f3n 11 meses antes de las elecciones, antes del plazo establecido, para librarse de procesos internos que podr\u00edan conducir a su destituci\u00f3n y, en consecuencia, a su inelegibilidad.<\/p>\n\n\n\n<p>Una d\u00e9cada despu\u00e9s, Lava Jato ha dejado profundas marcas en la vida pol\u00edtica brasile\u00f1a y tambi\u00e9n ha ofrecido giros inesperados de gui\u00f3n.<\/p>\n\n\n\n<p>Lula, tratado por la prensa como el principal villano, no solo volvi\u00f3 a la Presidencia por tercera vez en 2022, sino que se ha convertido en el guardi\u00e1n de la democracia en Brasil.<\/p>\n\n\n\n<p>Los h\u00e9roes de aquella saga judicial, Moro y Dallagnol, han sido rebajados al nivel de villanos. Pero hay m\u00e1s efectos: a d\u00eda de hoy, es improbable que los pol\u00edticos condenados y posteriormente absueltos recuperen su prestigio y puedan volver a ejercer un papel destacado en la vida pol\u00edtica. En este sentido, el caso de Lula es una excepci\u00f3n.<\/p>\n\n\n\n<p>El pasado 7 de junio, el Consejo Nacional de Justicia decidi\u00f3 abrir un proceso disciplinario para investigar la conducta de cuatro jueces que trabajaron en las investigaciones de la Operaci\u00f3n Lava Jato.<\/p>\n\n\n\n<p>Hay sospechas de irregularidades en la conducta de la jueza Gabriela Hardt, que valid\u00f3 la creaci\u00f3n de una fundaci\u00f3n privada financiada con fondos de la Lava Jato, concretamente multas de las empresas condenadas. Los valores alcanzar\u00edan los 366 millones de d\u00f3lares (2.000 millones de reales).<\/p>\n\n\n\n<p>Es el fin de una era que convulsion\u00f3 la vida pol\u00edtica del gigante latinoamericano.<\/p>\n","protected":false},"excerpt":{"rendered":"<p>Fue la investigaci\u00f3n anticorrupci\u00f3n m\u00e1s importante de Brasil, que en 2018 culmin\u00f3 con el encarcelamiento del actual presidente Luiz In\u00e1cio Lula da Silva. Lava Jato comenz\u00f3 hace una d\u00e9cada como un caso com\u00fan de lavado de dinero, pero acab\u00f3 revelando un complejo esquema de sobornos dentro y fuera de Brasil, que salpic\u00f3 varios pa\u00edses latinoamericanos [&hellip;]<\/p>\n","protected":false},"author":1,"featured_media":3318,"comment_status":"open","ping_status":"open","sticky":false,"template":"","format":"standard","meta":{"footnotes":""},"categories":[2],"tags":[],"class_list":["post-3317","post","type-post","status-publish","format-standard","has-post-thumbnail","hentry","category-actualidad"],"_links":{"self":[{"href":"http:\/\/www.elcapital.pe\/index.php?rest_route=\/wp\/v2\/posts\/3317","targetHints":{"allow":["GET"]}}],"collection":[{"href":"http:\/\/www.elcapital.pe\/index.php?rest_route=\/wp\/v2\/posts"}],"about":[{"href":"http:\/\/www.elcapital.pe\/index.php?rest_route=\/wp\/v2\/types\/post"}],"author":[{"embeddable":true,"href":"http:\/\/www.elcapital.pe\/index.php?rest_route=\/wp\/v2\/users\/1"}],"replies":[{"embeddable":true,"href":"http:\/\/www.elcapital.pe\/index.php?rest_route=%2Fwp%2Fv2%2Fcomments&post=3317"}],"version-history":[{"count":1,"href":"http:\/\/www.elcapital.pe\/index.php?rest_route=\/wp\/v2\/posts\/3317\/revisions"}],"predecessor-version":[{"id":3319,"href":"http:\/\/www.elcapital.pe\/index.php?rest_route=\/wp\/v2\/posts\/3317\/revisions\/3319"}],"wp:featuredmedia":[{"embeddable":true,"href":"http:\/\/www.elcapital.pe\/index.php?rest_route=\/wp\/v2\/media\/3318"}],"wp:attachment":[{"href":"http:\/\/www.elcapital.pe\/index.php?rest_route=%2Fwp%2Fv2%2Fmedia&parent=3317"}],"wp:term":[{"taxonomy":"category","embeddable":true,"href":"http:\/\/www.elcapital.pe\/index.php?rest_route=%2Fwp%2Fv2%2Fcategories&post=3317"},{"taxonomy":"post_tag","embeddable":true,"href":"http:\/\/www.elcapital.pe\/index.php?rest_route=%2Fwp%2Fv2%2Ftags&post=3317"}],"curies":[{"name":"wp","href":"https:\/\/api.w.org\/{rel}","templated":true}]}}