{"id":3314,"date":"2024-07-13T07:53:56","date_gmt":"2024-07-13T12:53:56","guid":{"rendered":"https:\/\/www.elcapital.pe\/?p=3314"},"modified":"2024-07-13T08:07:23","modified_gmt":"2024-07-13T13:07:23","slug":"gobierno-evalua-ampliar-capacidad-de-linea-1-con-inversion-de-us-2600-millones","status":"publish","type":"post","link":"http:\/\/www.elcapital.pe\/?p=3314","title":{"rendered":"GOBIERNO EVALUA AMPLIAR CAPACIDAD DE LINEA 1 CON INVERSION DE US$ 2,600 MILLONES"},"content":{"rendered":"\n<p>Mejoras permitir\u00e1n incrementar la capacidad de atenci\u00f3n diaria a usuarios de 580,000 a 900,000<\/p>\n\n\n\n<p>El Ministerio de Transportes y Comunicaciones (MTC) anunci\u00f3 que eval\u00faa la propuesta de ampliaci\u00f3n de capacidad de la L\u00ednea 1 del Metro de Lima, lo cual demandar\u00eda una inversi\u00f3n estimada en 2,600 millones de d\u00f3lares.<\/p>\n\n\n\n<p>Los recursos permitir\u00edan mejorar la infraestructura existente y el sistema el\u00e9ctrico, con lo que aumentar\u00e1 la seguridad en las estaciones y los trenes en beneficio de miles de usuarios que usan el sistema diariamente.<\/p>\n\n\n\n<p>-Per\u00fa: estos son los acuerdos suscritos con China para atraer m\u00e1s inversiones<\/p>\n\n\n\n<p>El ministro Ra\u00fal P\u00e9rez Reyes inform\u00f3 sobre esta propuesta durante la ceremonia con la que se celebr\u00f3 el hito de haber transportado a 1,300 millones de pasajeros en la L\u00ednea 1, en casi trece a\u00f1os de operaciones. La actividad, llevada a cabo en la estaci\u00f3n La Cultura, cont\u00f3 con la participaci\u00f3n del presidente del directorio y el gerente general de la L\u00ednea 1 del Metro de Lima; as\u00ed como de la presidenta ejecutiva de la Autoridad de Transporte Urbano para Lima y Callao (ATU), Marybel Vidal.<\/p>\n\n\n\n<p>\u201cEl concesionario de la L\u00ednea 1 estar\u00eda a cargo del financiamiento parcial del proyecto, que permitir\u00e1 ampliar y mejorar el servicio que se brinda actualmente. Con ello, se lograr\u00eda aumentar la cantidad de trenes, reducir el tiempo de espera en hora punta de tres a dos minutos, ampliar el traslado de pasajeros diarios de 580,000 a 900,ooo, aproximadamente, entre otras obras que tendr\u00e1n un plazo de ejecuci\u00f3n de cuatro a\u00f1os. Vamos a seguir trabajando conjuntamente para que la ciudad tenga una red de transporte de primer nivel\u201d, detall\u00f3 el ministro.<\/p>\n\n\n\n<p>Durante la ceremonia, se reconoci\u00f3 a cinco pasajeros representativos, entre emprendedores, estudiantes y personas con movilidad reducida, quienes son usuarios frecuentes del servicio. Estos pasajeros recibieron tarjetas de viaje con saldo suficiente para utilizar el metro hasta fines del 2024.<\/p>\n\n\n\n<p>La L\u00ednea 1 del Metro de Lima, con sus 26 estaciones, atraviesa distritos de Lima Metropolitana como Villa El Salvador, Villa Mar\u00eda del Triunfo, San Juan de Miraflores, San Borja, Santiago de Surco, Cercado de Lima, La Victoria, El Agustino y San Juan de Lurigancho, lo que facilita la movilidad de millones de personas.<\/p>\n","protected":false},"excerpt":{"rendered":"<p>Mejoras permitir\u00e1n incrementar la capacidad de atenci\u00f3n diaria a usuarios de 580,000 a 900,000 El Ministerio de Transportes y Comunicaciones (MTC) anunci\u00f3 que eval\u00faa la propuesta de ampliaci\u00f3n de capacidad de la L\u00ednea 1 del Metro de Lima, lo cual demandar\u00eda una inversi\u00f3n estimada en 2,600 millones de d\u00f3lares. Los recursos permitir\u00edan mejorar la infraestructura [&hellip;]<\/p>\n","protected":false},"author":1,"featured_media":3315,"comment_status":"open","ping_status":"open","sticky":false,"template":"","format":"standard","meta":{"footnotes":""},"categories":[3],"tags":[],"class_list":["post-3314","post","type-post","status-publish","format-standard","has-post-thumbnail","hentry","category-economia"],"_links":{"self":[{"href":"http:\/\/www.elcapital.pe\/index.php?rest_route=\/wp\/v2\/posts\/3314","targetHints":{"allow":["GET"]}}],"collection":[{"href":"http:\/\/www.elcapital.pe\/index.php?rest_route=\/wp\/v2\/posts"}],"about":[{"href":"http:\/\/www.elcapital.pe\/index.php?rest_route=\/wp\/v2\/types\/post"}],"author":[{"embeddable":true,"href":"http:\/\/www.elcapital.pe\/index.php?rest_route=\/wp\/v2\/users\/1"}],"replies":[{"embeddable":true,"href":"http:\/\/www.elcapital.pe\/index.php?rest_route=%2Fwp%2Fv2%2Fcomments&post=3314"}],"version-history":[{"count":1,"href":"http:\/\/www.elcapital.pe\/index.php?rest_route=\/wp\/v2\/posts\/3314\/revisions"}],"predecessor-version":[{"id":3316,"href":"http:\/\/www.elcapital.pe\/index.php?rest_route=\/wp\/v2\/posts\/3314\/revisions\/3316"}],"wp:featuredmedia":[{"embeddable":true,"href":"http:\/\/www.elcapital.pe\/index.php?rest_route=\/wp\/v2\/media\/3315"}],"wp:attachment":[{"href":"http:\/\/www.elcapital.pe\/index.php?rest_route=%2Fwp%2Fv2%2Fmedia&parent=3314"}],"wp:term":[{"taxonomy":"category","embeddable":true,"href":"http:\/\/www.elcapital.pe\/index.php?rest_route=%2Fwp%2Fv2%2Fcategories&post=3314"},{"taxonomy":"post_tag","embeddable":true,"href":"http:\/\/www.elcapital.pe\/index.php?rest_route=%2Fwp%2Fv2%2Ftags&post=3314"}],"curies":[{"name":"wp","href":"https:\/\/api.w.org\/{rel}","templated":true}]}}