{"id":3307,"date":"2024-07-12T08:22:32","date_gmt":"2024-07-12T13:22:32","guid":{"rendered":"https:\/\/www.elcapital.pe\/?p=3307"},"modified":"2024-07-12T08:22:32","modified_gmt":"2024-07-12T13:22:32","slug":"organizaciones-politicas-y-el-tse-acuerdan-suspender-primarias-en-bolivia","status":"publish","type":"post","link":"http:\/\/www.elcapital.pe\/?p=3307","title":{"rendered":"ORGANIZACIONES POLITICAS Y EL TSE ACUERDAN SUSPENDER PRIMARIAS EN BOLIVIA"},"content":{"rendered":"\n<p>Las organizaciones pol\u00edticas de Bolivia decidieron, junto con el Tribunal Supremo Electoral (TSE), suspender este a\u00f1o las elecciones primarias para elegir a los candidatos para los comicios presidenciales de 2025. Ahora depender\u00e1 de la Asamblea Legislativa si aprueba o no la Ley que viabilice el acuerdo alcanzado. El expresidente Evo Morales condicion\u00f3 su firma y en caso de que no se cumplan sus peticiones convocar\u00eda a manifestaciones.<\/p>\n\n\n\n<p>La crisis pol\u00edtica se acent\u00faa en Bolivia a puertas de las elecciones presidenciales. Seg\u00fan el calendario electoral, en agosto se realizar\u00e1n las elecciones primarias para que los partidos voten por qui\u00e9nes ser\u00e1n sus candidatos para la presidencia y la Asamblea Legislativa Plurinacional.<\/p>\n\n\n\n<p>Sin embargo, por iniciativa del propio Tribunal Supremo Electoral (TSE) se realiz\u00f3 la cumbre denominada Encuentro Multipartidario por la Democracia, que cont\u00f3 con la participaci\u00f3n de los representantes de 11 partidos y dos alianzas pol\u00edticas que est\u00e1n inscritas. Adem\u00e1s, estuvieron presentes los presidentes de las dos C\u00e1maras de la Asamblea, delegados del Ejecutivo y l\u00edderes de organizaciones sociales.<\/p>\n\n\n\n<p>El Movimiento al Socialismo (MAS), dividido entre quienes apoyan al expresidente Evo Morales y quienes respaldan al actual presidente Luis Arce, protagonizaron nuevos enfrentamientos por sus desacuerdos, no solo en la reuni\u00f3n. En los exteriores del TSE se registr\u00f3 una ri\u00f1a entre los seguidores de ambos l\u00edderes con palos y piedras. La polic\u00eda tuvo que usar gas lacrim\u00f3geno para dispersar a la multitud.<\/p>\n\n\n\n<p>De un acuerdo de 12 puntos, el punto principal y m\u00e1s conflictivo fue la suspensi\u00f3n de las elecciones primarias, dejando a que sean las propias organizaciones las que designen a sus candidatos, sin una votaci\u00f3n interna. Lo que complicar\u00eda a\u00fan m\u00e1s el panorama del MAS, debido a que una facci\u00f3n respalda una candidatura de Morales y la otra esperan una reelecci\u00f3n de Arce, quien a\u00fan no ha hecho p\u00fablica su intenci\u00f3n de ser candidato.<\/p>\n\n\n\n<p>El acuerdo fue firmado por todos los asistentes, menos por Evo Morales, quien decidi\u00f3 abandonar la cumbre antes de la rueda de prensa. Sin embargo, delegados evistas del MAS s\u00ed firmaron dicho acuerdo, aunque no est\u00e9n reconocidos legalmente ante el TSE como representante de dicha organizaci\u00f3n pol\u00edtica.<\/p>\n\n\n\n<p>\u201cNo entendemos c\u00f3mo un Tribunal Electoral que deber\u00eda ser garante de los derechos pol\u00edticos, ahora se desequilibra en contra el MAS-IPSP invitando ilegalmente a dirigentes que el mismo OEP, dijo que no figuran como delegados pol\u00edticos de nuestro Instrumento Pol\u00edtico ni est\u00e1n en la lista de nuestra Direcci\u00f3n Nacional\u201d, cuestion\u00f3 Morales en su cuenta de X.<\/p>\n\n\n\n<p>El expresidente dijo que apoyar\u00eda este acuerdo siempre y cuando se suspenda el proceso de actualizaci\u00f3n vigente de partidos pol\u00edticos. En caso de no aceptar su petici\u00f3n llamar\u00eda a manifestaciones.<\/p>\n\n\n\n<p>\u201cSi ma\u00f1ana se resuelve con nuestro planteamiento, ma\u00f1ana mismo estar\u00e9 firmando el acuerdo. Pero si no, defenderemos las primarias, si es posible en calles y caminos porque es importante hacer respetar las primarias por el bien de la democracia interna de cada partido\u201d, agreg\u00f3.<\/p>\n\n\n\n<p>\u00bfPor qu\u00e9 suspender las elecciones primarias?<\/p>\n\n\n\n<p>El sistema pol\u00edtico boliviano dispone realizar una elecci\u00f3n nacional por a\u00f1o y no m\u00e1s. En este encuentro, acordaron suspender las elecciones primarias de las organizaciones pol\u00edticas para que se priorice las elecciones judiciales, que deb\u00edan realizarse el a\u00f1o pasado, para renovar los m\u00e1ximos cargos del poder judicial. De ah\u00ed que los l\u00edderes de las fuerzas pol\u00edticas decidieron que no se prorroguen los funcionarios judiciales porque al ser las elecciones presidenciales el pr\u00f3ximo a\u00f1o, la renovaci\u00f3n del poder judicial se realizar\u00eda en 2026.<\/p>\n\n\n\n<p>Este proceso estuvo estancado por varios amparos constitucionales. De acuerdo a la ley boliviana, la Asamblea Legislativa realiza una preselecci\u00f3n de los candidatos, que debe ser aprobada, tanto por la C\u00e1mara de Diputados como por la de Senadores. Luego, la Asamblea manda las listas al TSE, que es el encargado de organizar elecciones para que la ciudadan\u00eda elija sus autoridades judiciales.<\/p>\n\n\n\n<p>Al momento, una medida cautelar dispuesta por la Sala Constitucional Primera del Beni impide que la Comisi\u00f3n Mixta de Justicia Plural contin\u00fae con las pruebas orales de los candidatos al magisterio, previstos para el 11, 12 y 13 de julio. En caso de seguir con el proceso, existe la amenaza de congelar cuentas bancarias y sancionar a los parlamentarios con cinco mil bolivianos.<\/p>\n\n\n\n<p>Jerges Mercado, jefe de la bancada nacional MAS, cuestion\u00f3 que el poder judicial intervenga en las decisiones que el Legislativo debe realizar. Adem\u00e1s, dijo que no tienen miedo de \u201cque nos descuente todo el sueldo ni a ir presos por cumplir con nuestro trabajo para dar al pueblo boliviano nuevas autoridades judiciales\u201d. Por lo que resolvieron continuar con el proceso.<\/p>\n\n\n\n<p>Para dar viabilidad a estas elecciones, las organizaciones pol\u00edticas, menos el evismo, firmaron el acuerdo y el TSE enviar\u00e1, esta misma semana, el proyecto de Ley para la suspensi\u00f3n de las elecciones primarias a la Asamblea Legislativa para su aprobaci\u00f3n.<\/p>\n\n\n\n<p>La Asamblea Legislativa tiene la \u00faltima palabra<\/p>\n\n\n\n<p>Si bien fue un acuerdo alcanzado entre la funci\u00f3n electoral y las organizaciones pol\u00edticas, es la Asamblea Legislativa la que tiene la decisi\u00f3n final. El vocal del TSE, Tahuichi Tahuichi Quispe, aclar\u00f3 que hubo el compromiso de los presidentes de las C\u00e1maras de Diputados y Senadores para que se apruebe dicha ley, que surge tras el acuerdo multipartidista.<\/p>\n\n\n\n<p>\u201cAmbas autoridades se comprometieron y eso debe demostrarse en los hechos\u201d, afirm\u00f3 el vocal, al precisar que esta ley debe aprobarse, a m\u00e1s tardar, hasta finales de julio. Caso contrario, dijo que se retomar\u00e1 el calendario electoral con las elecciones primarias previstas para el 17 de agosto, lo que supondr\u00eda la ruptura del acuerdo.<\/p>\n\n\n\n<p>De pasar la ley, Tahuichi explic\u00f3 que el procedimiento es sencillo. Cada directiva debe designar a sus candidatos. Algo no es nuevo, record\u00f3. El vocal mencion\u00f3 que en las elecciones de 2020 no hubo elecciones primarias y fueron las organizaciones las que designaron sus candidatos.<\/p>\n\n\n\n<p>Ese a\u00f1o, luego de que Evo Morales renunci\u00f3 a la presidencia, presionado por las multitudinarias protestas en contra de la legitimidad de los comicios de 2019 en los que gan\u00f3 su cuarto mandato, el propio Morales decidi\u00f3 que sea Luis Arce el candidato del MAS.<\/p>\n\n\n\n<p>Fractura pol\u00edtica del MAS<\/p>\n\n\n\n<p>De todas las organizaciones pol\u00edticas y las alianzas que participar\u00e1n en los comicios de 2025, el MAS a\u00fan no logra unidad dentro de su partido y tendr\u00e1 m\u00e1s complicaciones al momento de elegir un candidato. La distancia entre Arce y Morales es cada vez m\u00e1s grande.<\/p>\n\n\n\n<p>La directiva del MAS ser\u00e1 la encargada de elegir el candidato. Existe una disputa por la direcci\u00f3n del movimiento. Una pelea que incluso provoc\u00f3 disturbios en un congreso campesino en la ciudad El Alto, en agosto de 2023, dej\u00f3 m\u00e1s de 800 heridos.<\/p>\n\n\n\n<p>Finalmente, la facci\u00f3n evista inscribi\u00f3 ante el TSE ser la representante legal. Sin embargo, en el \u00faltimo encuentro multipartidista, en el que se acord\u00f3 la suspensi\u00f3n de primeras, se registraron a miembros de la facci\u00f3n arcista como representantes del MAS.<\/p>\n\n\n\n<p>Este nuevo incidente ocurre dos semanas despu\u00e9s del alzamiento militar, liderado por Juan Jos\u00e9 Zu\u00f1iga, que fue calificado como un fallido golpe de Estado por parte de Luis Arce.<\/p>\n\n\n\n<p>Mientras que Evo Morales, ha sugerido un supuesto autogolpe, tras declaraciones de Z\u00fa\u00f1iga, en las que sugiri\u00f3 que Arce ten\u00eda conocimiento del operativo militar en la Plaza Murillo, centro pol\u00edtica de La Paz.<\/p>\n","protected":false},"excerpt":{"rendered":"<p>Las organizaciones pol\u00edticas de Bolivia decidieron, junto con el Tribunal Supremo Electoral (TSE), suspender este a\u00f1o las elecciones primarias para elegir a los candidatos para los comicios presidenciales de 2025. Ahora depender\u00e1 de la Asamblea Legislativa si aprueba o no la Ley que viabilice el acuerdo alcanzado. El expresidente Evo Morales condicion\u00f3 su firma y [&hellip;]<\/p>\n","protected":false},"author":1,"featured_media":3308,"comment_status":"open","ping_status":"open","sticky":false,"template":"","format":"standard","meta":{"footnotes":""},"categories":[2],"tags":[],"class_list":["post-3307","post","type-post","status-publish","format-standard","has-post-thumbnail","hentry","category-actualidad"],"_links":{"self":[{"href":"http:\/\/www.elcapital.pe\/index.php?rest_route=\/wp\/v2\/posts\/3307","targetHints":{"allow":["GET"]}}],"collection":[{"href":"http:\/\/www.elcapital.pe\/index.php?rest_route=\/wp\/v2\/posts"}],"about":[{"href":"http:\/\/www.elcapital.pe\/index.php?rest_route=\/wp\/v2\/types\/post"}],"author":[{"embeddable":true,"href":"http:\/\/www.elcapital.pe\/index.php?rest_route=\/wp\/v2\/users\/1"}],"replies":[{"embeddable":true,"href":"http:\/\/www.elcapital.pe\/index.php?rest_route=%2Fwp%2Fv2%2Fcomments&post=3307"}],"version-history":[{"count":1,"href":"http:\/\/www.elcapital.pe\/index.php?rest_route=\/wp\/v2\/posts\/3307\/revisions"}],"predecessor-version":[{"id":3309,"href":"http:\/\/www.elcapital.pe\/index.php?rest_route=\/wp\/v2\/posts\/3307\/revisions\/3309"}],"wp:featuredmedia":[{"embeddable":true,"href":"http:\/\/www.elcapital.pe\/index.php?rest_route=\/wp\/v2\/media\/3308"}],"wp:attachment":[{"href":"http:\/\/www.elcapital.pe\/index.php?rest_route=%2Fwp%2Fv2%2Fmedia&parent=3307"}],"wp:term":[{"taxonomy":"category","embeddable":true,"href":"http:\/\/www.elcapital.pe\/index.php?rest_route=%2Fwp%2Fv2%2Fcategories&post=3307"},{"taxonomy":"post_tag","embeddable":true,"href":"http:\/\/www.elcapital.pe\/index.php?rest_route=%2Fwp%2Fv2%2Ftags&post=3307"}],"curies":[{"name":"wp","href":"https:\/\/api.w.org\/{rel}","templated":true}]}}