{"id":3285,"date":"2024-07-11T08:17:49","date_gmt":"2024-07-11T13:17:49","guid":{"rendered":"https:\/\/www.elcapital.pe\/?p=3285"},"modified":"2024-07-11T08:17:49","modified_gmt":"2024-07-11T13:17:49","slug":"la-otan-asegura-que-el-camino-hacia-la-adhesion-de-ucrania-a-la-alianza-es-irreversible","status":"publish","type":"post","link":"http:\/\/www.elcapital.pe\/?p=3285","title":{"rendered":"LA OTAN ASEGURA QUE EL CAMINO HACIA LA ADHESION DE UCRANIA A LA ALIANZA ES \u201cIRREVERSIBLE\u201d"},"content":{"rendered":"\n<p>El jefe de la OTAN, Jens Stoltenberg, dijo este mi\u00e9rcoles 10 de julio que los l\u00edderes de la alianza han enviado un mensaje claro de que la entrada de Ucrania a la OTAN es \u00abirreversible\u00bb y que le extender\u00e1n una invitaci\u00f3n para unirse cuando se cumplan las condiciones para ello. Por su parte, en el segundo de los tres d\u00edas de la cumbre de la OTAN en Washington, el presidente de EE. UU., Joe Biden, advirti\u00f3 que la alianza est\u00e1 en capacidad de defender cada pulgada de territorio que la conforma. Una advertencia en medio de las amenazas de Rusia tras dos a\u00f1os de lanzar la invasi\u00f3n contra Ucrania.<\/p>\n\n\n\n<p>\u00abEste es un mensaje fuerte de los aliados de la OTAN: realmente queremos que Ucrania se una y estamos trabajando con Ucrania para que eso suceda\u00bb, dijo en una conferencia de prensa el jefe de la OTAN, Jens Stoltenberg, en la cumbre de la alianza en Washington.<\/p>\n\n\n\n<p>Los l\u00edderes de la alianza atl\u00e1ntica publicaron previamente una declaraci\u00f3n conjunta en la que garantizan su apoyo al camino \u00abirreversible\u00bb de Ucrania hacia su adhesi\u00f3n, y se comprometieron a entregar 40.000 millones de euros (unos 43.000 millones de d\u00f3lares) al pa\u00eds en 2025 para ayudarle a vencer a Rusia.<\/p>\n\n\n\n<p>La adhesi\u00f3n a la OTAN ha sido insistentemente pedida por el presidente Volod\u00edmir Zelenski, pero la fecha de una membres\u00eda est\u00e1 en el limbo a causa de las divisiones internas sobre un involucramiento de la alianza en la guerra con Rusia.<\/p>\n\n\n\n<p>De acuerdo con las normas de la OTAN, si un Estado miembro es atacado, todas las naciones que formen parte del organismo deber\u00e1n responder en su defensa de forma conjunta. Ante ello algunas naciones han mostrado reticencia, en especial por las advertencias de Rusia sobre una eventual respuesta, en la que ha insinuado que podr\u00eda usar armas nucleares.<\/p>\n\n\n\n<p>Biden: \u00abDefenderemos cada cent\u00edmetro del territorio de la OTAN\u00bb<\/p>\n\n\n\n<p>Tambi\u00e9n en el marco de la cumbre de la OTAN, el presidente de EE. UU., Joe Biden, remarc\u00f3 que el fortalecimiento de las defensas de la alianza \u201cenv\u00eda un mensaje inequ\u00edvoco al mundo\u201d.<\/p>\n\n\n\n<p>\u201cCada miembro de la OTAN est\u00e1 comprometido a hacer su parte para mantener fuerte la alianza. Podemos defender y defenderemos cada cent\u00edmetro del territorio de la OTAN, y lo haremos juntos\u201d, resalt\u00f3.<\/p>\n\n\n\n<p>La organizaci\u00f3n est\u00e1 lista \u201cpara cualquier amenaza que enfrentemos\u201d, remarc\u00f3 el l\u00edder de la Casa Blanca tras agradecer a todos los pa\u00edses miembros su compromiso con la seguridad de la alianza transatl\u00e1ntica.<\/p>\n\n\n\n<p>Derrotaremos a Rusia<\/p>\n\n\n\n<p>Adem\u00e1s, el l\u00edder estadounidense destac\u00f3 que Rusia est\u00e1 en pie de guerra en medio de su \u201csignificativo\u201d aumento en la producci\u00f3n de armas, municiones y veh\u00edculos \u00abcon la ayuda de China, Corea del Norte e Ir\u00e1n (&#8230;) Derrotaremos a Rusia\u00bb, asegur\u00f3 y urgi\u00f3 a que la OTAN tambi\u00e9n incremente sus capacidades de defensa.<\/p>\n\n\n\n<p>\u201cNo podemos permitir que la alianza se quede atr\u00e1s\u201d, enfatiz\u00f3, al tiempo que se\u00f1al\u00f3 que los aliados trabajan para ampliar su capacidad industrial, incluido el compromiso de gasto en defensa, que describi\u00f3 como \u201cun paso fundamental para mantener nuestra seguridad\u201d.<\/p>\n\n\n\n<p>El jueves, en la \u00faltima jornada de la cumbre, los l\u00edderes aliados participar\u00e1n en un Consejo OTAN-Ucrania con el presidente ucraniano, Volodimir Zelenski.<\/p>\n\n\n\n<p>La OTAN inicia en env\u00edo de cazas F-16 a Ucrania<\/p>\n\n\n\n<p>En ruta a Ucrania est\u00e1 el primer lote de aviones de combate F-16, fabricados en Estados Unidos. Las aeronaves ya est\u00e1n siendo transferidas desde Dinamarca y Pa\u00edses Bajos, precis\u00f3 este mi\u00e9rcoles 10 de julio el secretario de Estado de la primera potencia, Antony Blinken.<\/p>\n\n\n\n<p>Los aparatos estar\u00e1n sobrevolando los cielos ucranianos este mismo verano, seg\u00fan anunci\u00f3 el jefe de la diplomacia estadounidense, en un evento al margen de la cumbre de la OTAN que se desarrolla en Washington.<\/p>\n\n\n\n<p>Daniela Gonz\u00e1lez: &#8216;Ucrania es eje en el fortalecimiento de las alianzas que se dan en la OTAN&#8217;<\/p>\n\n\n\n<p>\u201cMe complace anunciar que mientras hablamos, la transferencia de aviones F-16 est\u00e1 en marcha, provenientes de Dinamarca y de los Pa\u00edses Bajos (&#8230;) Y esos aviones volar\u00e1n en los cielos de Ucrania este verano para asegurarse de que Ucrania pueda continuar defendi\u00e9ndose eficazmente contra la agresi\u00f3n rusa\u00bb, confirm\u00f3 Blinken.<\/p>\n\n\n\n<p>El refuerzo de sus defensas a\u00e9reas es justamente un asunto crucial para Kiev, sobre el que ha urgido a mayor ayuda por parte de sus aliados, para fortalecerse en el campo en el que se ve en mayor desventaja frente al Ej\u00e9rcito ruso, uno de los m\u00e1s poderosos del mundo.<\/p>\n\n\n\n<p>La confirmaci\u00f3n de este env\u00edo de aeronaves se conoce justo despu\u00e9s del masivo ataque ruso del pasado 8 de julio contra el territorio ucraniano, incluido un hospital infantil en la capital, lo que dej\u00f3 un total de al menos 36 muertos y elev\u00f3 la condena internacional por la agresi\u00f3n de Mosc\u00fa.<\/p>\n\n\n\n<p>En medio de la apuesta por aumentar la ayuda al pa\u00eds invadido desde hace m\u00e1s de dos a\u00f1os, Blinken tambi\u00e9n sostuvo que en los pr\u00f3ximos d\u00edas se dar\u00e1 a conocer un paquete \u201cs\u00f3lido\u201d para Ucrania que construir\u00e1 un puente claro y fuerte para su membres\u00eda en la OTAN.<\/p>\n\n\n\n<p>L Stoltenberg anuncia paquete de ayuda \u201csustancial\u201d para Kiev<\/p>\n\n\n\n<p>El secretario general de la alianza pol\u00edtico-militar, Jens Stoltenberg, subray\u00f3 este mi\u00e9rcoles que esta es una cumbre hist\u00f3rica en la que, adem\u00e1s de conmemorar los 75 a\u00f1os de la organizaci\u00f3n, los aliados aprobar\u00e1n nueva asistencia militar a Kiev y \u201ctomar\u00e1n decisiones importantes\u201d para el futuro de la OTAN.<\/p>\n\n\n\n<p>\u00abEn cuanto a Ucrania, espero que los aliados acuerden un paquete sustancial\u00bb, destac\u00f3 el secretario general, que entregar\u00e1 el cargo el pr\u00f3ximo 1 de octubre, luego de que en su reemplazo fuera elegido el saliente primer ministro de Pa\u00edses Bajos, Mark Rutte.<\/p>\n\n\n\n<p>La nueva ayuda a Kiev incluir\u00e1 cinco elementos, destac\u00f3 Stoltenberg: asistencia y formaci\u00f3n en materia de seguridad, un compromiso a largo plazo para seguir manteniendo el apoyo, nuevos anuncios de respaldo inmediato, incluida la defensa a\u00e9rea, nuevos acuerdos bilaterales de seguridad y la intensificaci\u00f3n del trabajo en materia de interoperabilidad.<\/p>\n\n\n\n<p>\u00abEn conjunto, estos cinco elementos constituyen un puente fuerte para que Ucrania sea miembro de la alianza, y estoy seguro de que los aliados luego reiterar\u00e1n el compromiso de que Ucrania se convierta en miembro de la OTAN\u00bb, remarc\u00f3.<\/p>\n\n\n\n<p>Rusia advierte medidas de respuesta a las decisiones de la OTAN<\/p>\n\n\n\n<p>Como era de esperarse, la ira del Kremlin se eleva a medida que los miembros de la organizaci\u00f3n liderada por Estados Unidos aumentan su respaldo en armas y equipos para la defensa del pa\u00eds que encara incesantes hostilidades desde que el presidente ruso, Vladimir Putin, orden\u00f3 la guerra el 24 de febrero de 2022.<\/p>\n\n\n\n<p>\u00abLas medidas de respuesta ser\u00e1n elaboradas por las autoridades pol\u00edtico-militares (&#8230;) Creo que se har\u00e1 todo para garantizar nuestra seguridad\u00bb, asever\u00f3 el viceministro de Exteriores ruso, Andr\u00e9i Rudenko, citado por la agencia TASS.<\/p>\n\n\n\n<p>El Gobierno ruso ya hab\u00eda advertido que la pr\u00f3xima llegada de los cazas F-16 a Ucrania ser\u00eda vista como una \u201cprovocaci\u00f3n\u201d por parte de Estados Unidos y la OTAN, independientemente de si est\u00e1n o no capacitados para portar armamento nuclear.<\/p>\n\n\n\n<p>Reuters y EFE<\/p>\n","protected":false},"excerpt":{"rendered":"<p>El jefe de la OTAN, Jens Stoltenberg, dijo este mi\u00e9rcoles 10 de julio que los l\u00edderes de la alianza han enviado un mensaje claro de que la entrada de Ucrania a la OTAN es \u00abirreversible\u00bb y que le extender\u00e1n una invitaci\u00f3n para unirse cuando se cumplan las condiciones para ello. Por su parte, en el [&hellip;]<\/p>\n","protected":false},"author":1,"featured_media":3286,"comment_status":"open","ping_status":"open","sticky":false,"template":"","format":"standard","meta":{"footnotes":""},"categories":[2],"tags":[],"class_list":["post-3285","post","type-post","status-publish","format-standard","has-post-thumbnail","hentry","category-actualidad"],"_links":{"self":[{"href":"http:\/\/www.elcapital.pe\/index.php?rest_route=\/wp\/v2\/posts\/3285","targetHints":{"allow":["GET"]}}],"collection":[{"href":"http:\/\/www.elcapital.pe\/index.php?rest_route=\/wp\/v2\/posts"}],"about":[{"href":"http:\/\/www.elcapital.pe\/index.php?rest_route=\/wp\/v2\/types\/post"}],"author":[{"embeddable":true,"href":"http:\/\/www.elcapital.pe\/index.php?rest_route=\/wp\/v2\/users\/1"}],"replies":[{"embeddable":true,"href":"http:\/\/www.elcapital.pe\/index.php?rest_route=%2Fwp%2Fv2%2Fcomments&post=3285"}],"version-history":[{"count":1,"href":"http:\/\/www.elcapital.pe\/index.php?rest_route=\/wp\/v2\/posts\/3285\/revisions"}],"predecessor-version":[{"id":3287,"href":"http:\/\/www.elcapital.pe\/index.php?rest_route=\/wp\/v2\/posts\/3285\/revisions\/3287"}],"wp:featuredmedia":[{"embeddable":true,"href":"http:\/\/www.elcapital.pe\/index.php?rest_route=\/wp\/v2\/media\/3286"}],"wp:attachment":[{"href":"http:\/\/www.elcapital.pe\/index.php?rest_route=%2Fwp%2Fv2%2Fmedia&parent=3285"}],"wp:term":[{"taxonomy":"category","embeddable":true,"href":"http:\/\/www.elcapital.pe\/index.php?rest_route=%2Fwp%2Fv2%2Fcategories&post=3285"},{"taxonomy":"post_tag","embeddable":true,"href":"http:\/\/www.elcapital.pe\/index.php?rest_route=%2Fwp%2Fv2%2Ftags&post=3285"}],"curies":[{"name":"wp","href":"https:\/\/api.w.org\/{rel}","templated":true}]}}