{"id":3281,"date":"2024-07-11T08:03:01","date_gmt":"2024-07-11T13:03:01","guid":{"rendered":"https:\/\/www.elcapital.pe\/?p=3281"},"modified":"2024-07-11T08:03:01","modified_gmt":"2024-07-11T13:03:01","slug":"avistamiento-de-ballenas-autoridades-de-tumbes-promueven-el-uso-de-embarcaciones-formales","status":"publish","type":"post","link":"http:\/\/www.elcapital.pe\/?p=3281","title":{"rendered":"AVISTAMIENTO DE BALLENAS: AUTORIDADES DE TUMBES PROMUEVEN EL USO DE EMBARCACIONES FORMALES"},"content":{"rendered":"\n<p>Dircetur espera arribo de 15,000 visitantes<\/p>\n\n\n\n<p>Autoridades regionales y locales de Tumbes promueven el uso de embarcaciones formales para disfrutar del espect\u00e1culo de avistamiento de ballenas en el mar de esta regi\u00f3n y por ese motivo iniciaron una campa\u00f1a informativa.<\/p>\n\n\n\n<p>En articulaci\u00f3n con los gobiernos locales de Zorritos y Cancas, la Direcci\u00f3n Regional de Turismo (Dircetur) de Tumbes inform\u00f3 que tiene programado realizar ferias tur\u00edsticas con la presencia de artesanos, operadores de viaje y turismo, empresas de alojamientos, restaurantes, recreaci\u00f3n y esparcimiento formales con el objetivo es aprovechar el avistamiento de ballenas y promover la visita a los destinos tur\u00edsticos de la regi\u00f3n.<\/p>\n\n\n\n<p>Sandra Dioses, titular de la Dircetur Tumbes, resalt\u00f3 que a mediados de junio empez\u00f3 la temporada del avistamiento de ballenas, denominada \u201cBallenas en Tumbes 2024\u201d y desde esa fecha se registra el arribo de turistas para apreciar este maravilloso espect\u00e1culo marino.<\/p>\n\n\n\n<p>Adem\u00e1s de los gobiernos locales y operadores tur\u00edsticos, transportistas, tambi\u00e9n se han incluido en este trabajo articulado a los due\u00f1os de restaurantes, polic\u00eda de turismo, los transportistas acu\u00e1ticos.<\/p>\n\n\n\n<p>La directora de la Dircetur Tumbes indic\u00f3 que el avistamiento de estos gigantes del mar es una experiencia tur\u00edstica en constante crecimiento a nivel mundial que genera ingresos sustanciales para las familias que participan en la operaci\u00f3n tur\u00edstica, atrayendo a turistas nacionales y extranjeros; es considerada una de las experiencias m\u00e1s incre\u00edbles e inolvidables y se espera atraer a aproximadamente a 15,000 visitantes durante la temporada.<\/p>\n\n\n\n<p>Las orientaciones que se brinda a los visitantes es contactar agencias de viajes y turismo formales o visitar el balneario de Canoas de Punta Sal. El recorrido comienza a las 07:00 horas y tiene una duraci\u00f3n de 2 a 4 horas; tambi\u00e9n se pueden apreciar lobos y tortugas marinas en el muelle. Esta actividad se complementa con la importante oferta hotelera existente en la regi\u00f3n, concentrada principalmente en las playas de Zorritos, Bocap\u00e1n, Cancas y Canoas de Punta Sal.<\/p>\n\n\n\n<p>Adem\u00e1s del avistamiento de ballenas, en Tumbes se cuenta con destinos tur\u00edsticos de los manglares, bosques secos, tropicales, deliciosa gastronom\u00eda y arqueolog\u00eda.<\/p>\n\n\n\n<p>Del 19 a 21 de julio, se va a dar una ceremonia del lanzamiento oficial Temporada \u201cBallenas en Tumbes 2004\u201d \u2013 Canoas de Punta Sal Se llevar\u00e1 a cabo en el distrito Canoas de Punta Sal, liderado por la Municipalidad Distrital y el Gobierno Regional de Tumbes a trav\u00e9s de la Direcci\u00f3n Regional de Comercio Exterior y Turismo, con la participaci\u00f3n de Asociaciones y Empresas de Transporte acu\u00e1tico, Asociaciones de Artesanos y otros vinculados a la actividad tur\u00edstica, autoridades regionales y medios de comunicaci\u00f3n. Se desarrollar\u00e1 la actividad Tour de avistamiento de ballenas, Ceremonia Oficial y Feria tur\u00edstica, artesanal y gastron\u00f3mica.<\/p>\n","protected":false},"excerpt":{"rendered":"<p>Dircetur espera arribo de 15,000 visitantes Autoridades regionales y locales de Tumbes promueven el uso de embarcaciones formales para disfrutar del espect\u00e1culo de avistamiento de ballenas en el mar de esta regi\u00f3n y por ese motivo iniciaron una campa\u00f1a informativa. En articulaci\u00f3n con los gobiernos locales de Zorritos y Cancas, la Direcci\u00f3n Regional de Turismo [&hellip;]<\/p>\n","protected":false},"author":1,"featured_media":3282,"comment_status":"open","ping_status":"open","sticky":false,"template":"","format":"standard","meta":{"footnotes":""},"categories":[8],"tags":[],"class_list":["post-3281","post","type-post","status-publish","format-standard","has-post-thumbnail","hentry","category-turismo"],"_links":{"self":[{"href":"http:\/\/www.elcapital.pe\/index.php?rest_route=\/wp\/v2\/posts\/3281","targetHints":{"allow":["GET"]}}],"collection":[{"href":"http:\/\/www.elcapital.pe\/index.php?rest_route=\/wp\/v2\/posts"}],"about":[{"href":"http:\/\/www.elcapital.pe\/index.php?rest_route=\/wp\/v2\/types\/post"}],"author":[{"embeddable":true,"href":"http:\/\/www.elcapital.pe\/index.php?rest_route=\/wp\/v2\/users\/1"}],"replies":[{"embeddable":true,"href":"http:\/\/www.elcapital.pe\/index.php?rest_route=%2Fwp%2Fv2%2Fcomments&post=3281"}],"version-history":[{"count":1,"href":"http:\/\/www.elcapital.pe\/index.php?rest_route=\/wp\/v2\/posts\/3281\/revisions"}],"predecessor-version":[{"id":3283,"href":"http:\/\/www.elcapital.pe\/index.php?rest_route=\/wp\/v2\/posts\/3281\/revisions\/3283"}],"wp:featuredmedia":[{"embeddable":true,"href":"http:\/\/www.elcapital.pe\/index.php?rest_route=\/wp\/v2\/media\/3282"}],"wp:attachment":[{"href":"http:\/\/www.elcapital.pe\/index.php?rest_route=%2Fwp%2Fv2%2Fmedia&parent=3281"}],"wp:term":[{"taxonomy":"category","embeddable":true,"href":"http:\/\/www.elcapital.pe\/index.php?rest_route=%2Fwp%2Fv2%2Fcategories&post=3281"},{"taxonomy":"post_tag","embeddable":true,"href":"http:\/\/www.elcapital.pe\/index.php?rest_route=%2Fwp%2Fv2%2Ftags&post=3281"}],"curies":[{"name":"wp","href":"https:\/\/api.w.org\/{rel}","templated":true}]}}