{"id":3275,"date":"2024-07-11T07:48:45","date_gmt":"2024-07-11T12:48:45","guid":{"rendered":"https:\/\/www.elcapital.pe\/?p=3275"},"modified":"2024-07-11T07:48:45","modified_gmt":"2024-07-11T12:48:45","slug":"inperu-confirma-el-regreso-de-su-road-show-a-la-ciudad-de-nueva-york","status":"publish","type":"post","link":"http:\/\/www.elcapital.pe\/?p=3275","title":{"rendered":"INPERU CONFIRMA EL REGRESO DE SU ROAD SHOW A LA CIUDAD DE NUEVA YORK"},"content":{"rendered":"\n<p>El megaevento internacional, que se realizar\u00e1 los d\u00edas 03, 04 y 05 de septiembre de este 2024<\/p>\n\n\n\n<p>La asociaci\u00f3n p\u00fablico-privada sin fines de lucro inPer\u00fa, promotora de la inversi\u00f3n y el desarrollo de los mercados de capitales y financieros a nivel local e internacional, anunci\u00f3 el d\u00e9cimo s\u00e9ptimo Road Show que ser\u00e1 en la ciudad de Nueva York (EE.UU.), principal plaza financiera del mundo.<\/p>\n\n\n\n<p>Despu\u00e9s de cinco a\u00f1os de impulsar las inversiones en regiones como Cusco y Jun\u00edn, retorna a la promoci\u00f3n del Per\u00fa en los mercados internacionales.<\/p>\n\n\n\n<p>As\u00ed, durante los d\u00edas 03, 04 y 05 de setiembre de este 2024, algunos de los principales empresarios y autoridades peruanas se reunir\u00e1n con potenciales inversionistas internacionales, a fin de captar importantes oportunidades de negocios y dar a conocer los principales lineamientos de la pol\u00edtica fiscal y monetaria que se viene aplicando en el pa\u00eds.<\/p>\n\n\n\n<p>\u201cEste es un momento clave para salir al extranjero y volver a posicionar el gran potencial de los distintos sectores econ\u00f3micos de nuestro pa\u00eds en una de las vitrinas financieras m\u00e1s importantes del mundo, as\u00ed como restaurar la confianza empresarial en nuestra econom\u00eda con qui\u00e9nes tienen de alguna u otra manera participaci\u00f3n directa o indirecta en el Per\u00fa, ya sea con inversi\u00f3n extranjera directa o con tenedores de acciones o deuda\u201d, se\u00f1alaron Fernando Romero y Juan Carlos Mandujano, presidente y director ejecutivo, respectivamente, de inPer\u00fa.<\/p>\n\n\n\n<p>Para Jos\u00e9 Arista, ministro de Econom\u00eda y Finanzas (MEF), este Road Show se ha vuelto una plataforma crucial para promocionar las fortalezas de nuestra econom\u00eda y destac\u00f3 que nuestro pa\u00eds cuenta con fundamentos macroecon\u00f3micos s\u00f3lidos, seguridad jur\u00eddica y un bono demogr\u00e1fico favorable para atraer nuevas inversiones.<\/p>\n\n\n\n<p>Asimismo, detall\u00f3 que durante el primer trimestre del a\u00f1o se han adjudicado m\u00e1s 5,070 millones de d\u00f3lares, lo que representa un 117% m\u00e1s que en el 2023 y para la segunda mitad del a\u00f1o se tiene previsto la adjudicaci\u00f3n de 17 proyectos por encima de los 3,000 millones de d\u00f3lares.<\/p>\n\n\n\n<p>Precisamente, la delegaci\u00f3n que viajar\u00e1 hasta la ciudad de Nueva York estar\u00e1 encabezada por el titular de la cartera de Econom\u00eda; adem\u00e1s contar\u00e1 con la participaci\u00f3n de otras autoridades del sector p\u00fablico y privado; entre las que destaca Julio Velarde, presidente del Banco Central de Reserva, quien acompa\u00f1ar\u00e1 a distintos CEOs y directivos del mundo empresarial.<\/p>\n\n\n\n<p>Durante los tres d\u00edas del evento, la ciudad norteamericana ser\u00e1 testigo de una serie de actividades que incluyen conferencias, mesas redondas y sesiones de networking.<\/p>\n\n\n\n<p>Expertos en econom\u00eda, finanzas y comercio internacional compartir\u00e1n sus perspectivas sobre el entorno econ\u00f3mico global y las oportunidades espec\u00edficas que Per\u00fa ofrece en sectores clave como miner\u00eda, infraestructura, agroindustria, tecnolog\u00eda y turismo.<\/p>\n\n\n\n<p>Sobre inPer\u00fa<\/p>\n\n\n\n<p>Esta instituci\u00f3n est\u00e1 conformada por los gremios econ\u00f3micos m\u00e1s importantes del pa\u00eds como la Asociaci\u00f3n Peruana de Finanzas, la Asociaci\u00f3n Peruana de Empresas de Seguros (Apeseg), la<\/p>\n\n\n\n<p>Asociaci\u00f3n de Bancos (Asbanc), la Asociaci\u00f3n Peruana de Finanzas (APEF), la Asociaci\u00f3n de AFP, la Asociaci\u00f3n de Sociedades Agentes de Bolsa (ASAB), la Bolsa de Valores de Lima (BVL), Cavali y Confiep.<\/p>\n","protected":false},"excerpt":{"rendered":"<p>El megaevento internacional, que se realizar\u00e1 los d\u00edas 03, 04 y 05 de septiembre de este 2024 La asociaci\u00f3n p\u00fablico-privada sin fines de lucro inPer\u00fa, promotora de la inversi\u00f3n y el desarrollo de los mercados de capitales y financieros a nivel local e internacional, anunci\u00f3 el d\u00e9cimo s\u00e9ptimo Road Show que ser\u00e1 en la ciudad [&hellip;]<\/p>\n","protected":false},"author":1,"featured_media":3276,"comment_status":"open","ping_status":"open","sticky":false,"template":"","format":"standard","meta":{"footnotes":""},"categories":[3],"tags":[],"class_list":["post-3275","post","type-post","status-publish","format-standard","has-post-thumbnail","hentry","category-economia"],"_links":{"self":[{"href":"http:\/\/www.elcapital.pe\/index.php?rest_route=\/wp\/v2\/posts\/3275","targetHints":{"allow":["GET"]}}],"collection":[{"href":"http:\/\/www.elcapital.pe\/index.php?rest_route=\/wp\/v2\/posts"}],"about":[{"href":"http:\/\/www.elcapital.pe\/index.php?rest_route=\/wp\/v2\/types\/post"}],"author":[{"embeddable":true,"href":"http:\/\/www.elcapital.pe\/index.php?rest_route=\/wp\/v2\/users\/1"}],"replies":[{"embeddable":true,"href":"http:\/\/www.elcapital.pe\/index.php?rest_route=%2Fwp%2Fv2%2Fcomments&post=3275"}],"version-history":[{"count":1,"href":"http:\/\/www.elcapital.pe\/index.php?rest_route=\/wp\/v2\/posts\/3275\/revisions"}],"predecessor-version":[{"id":3277,"href":"http:\/\/www.elcapital.pe\/index.php?rest_route=\/wp\/v2\/posts\/3275\/revisions\/3277"}],"wp:featuredmedia":[{"embeddable":true,"href":"http:\/\/www.elcapital.pe\/index.php?rest_route=\/wp\/v2\/media\/3276"}],"wp:attachment":[{"href":"http:\/\/www.elcapital.pe\/index.php?rest_route=%2Fwp%2Fv2%2Fmedia&parent=3275"}],"wp:term":[{"taxonomy":"category","embeddable":true,"href":"http:\/\/www.elcapital.pe\/index.php?rest_route=%2Fwp%2Fv2%2Fcategories&post=3275"},{"taxonomy":"post_tag","embeddable":true,"href":"http:\/\/www.elcapital.pe\/index.php?rest_route=%2Fwp%2Fv2%2Ftags&post=3275"}],"curies":[{"name":"wp","href":"https:\/\/api.w.org\/{rel}","templated":true}]}}