{"id":3272,"date":"2024-07-10T18:52:13","date_gmt":"2024-07-10T23:52:13","guid":{"rendered":"https:\/\/www.elcapital.pe\/?p=3272"},"modified":"2024-07-10T18:52:13","modified_gmt":"2024-07-10T23:52:13","slug":"ucrania-busca-enrolar-como-combatientes-a-sus-ciudadanos-residentes-en-el-extranjero","status":"publish","type":"post","link":"http:\/\/www.elcapital.pe\/?p=3272","title":{"rendered":"UCRANIA BUSCA ENROLAR COMO COMBATIENTES A SUS CIUDADANOS RESIDENTES EN EL EXTRANJERO"},"content":{"rendered":"\n<p>Mediante la creaci\u00f3n de una unidad llamada \u00abLegi\u00f3n ucraniana\u00bb<\/p>\n\n\n\n<p>Ucrania quiere convencer a sus ciudadanos en edad de combatir y residentes en otros pa\u00edses europeos para que se enrolen en las fuerzas armadas, mediante la creaci\u00f3n de una unidad llamada \u00abLegi\u00f3n ucraniana\u00bb, que ser\u00e1 entrenada en Polonia, anunci\u00f3 el ministro de Defensa.<\/p>\n\n\n\n<p>Kiev, cuyo ej\u00e9rcito est\u00e1 agotado despu\u00e9s de dos a\u00f1os y medio de invasi\u00f3n rusa, trata de reforzar sus filas. Las autoridades ucranianas ya han intensificado la movilizaci\u00f3n interna, en parte gracias a una nueva ley aprobada en mayo.<\/p>\n\n\n\n<p>Ahora est\u00e1n buscando reclutar entre los cientos de miles de hombres ucranianos que viven en Europa, especialmente en Polonia y Alemania, algunos de los cuales emigraron ilegalmente precisamente por miedo a ser movilizados.<\/p>\n\n\n\n<p>\u00abLos ucranianos que se encuentran en Polonia y otros pa\u00edses de la Uni\u00f3n Europea podr\u00e1n unirse a la defensa ucraniana firmando un contrato con las fuerzas armadas\u00bb, declar\u00f3 el ministro Rustem Umerov en redes sociales la noche del martes.<\/p>\n\n\n\n<p>La creaci\u00f3n de esta unidad est\u00e1 contemplada en un acuerdo de seguridad bilateral entre Ucrania y Polonia firmado el lunes en Varsovia por el presidente ucraniano, Volodimir Zelenski, y el primer ministro polaco, Donald Tusk.<\/p>\n\n\n\n<p>Se trata de \u00abuna unidad especial de voluntarios que se entrenar\u00e1 en territorio polaco y estar\u00e1 equipada con armas occidentales\u00bb, antes de ser desplegada en el frente en Ucrania, asegur\u00f3 el ministro Umerov.<\/p>\n\n\n\n<p>\u00abAnimamos a todos los ucranianos que se encuentren en Europa a unirse a la Legi\u00f3n ucraniana\u00bb, a\u00f1adi\u00f3, sin especificar, sin embargo, cu\u00e1ntos hombres espera reclutar Kiev.<\/p>\n\n\n\n<p>Respuesta en Polonia<\/p>\n\n\n\n<p>Varsovia por su parte es prudente en sus comentarios.<\/p>\n\n\n\n<p>\u00abEs demasiado pronto para hablar de los detalles en este momento. Los ministerios de Defensa de los dos pa\u00edses est\u00e1n analizando la cuesti\u00f3n\u00bb, indic\u00f3 el mi\u00e9rcoles a AFP el servicio de prensa del Ministerio de Defensa polaco.<\/p>\n\n\n\n<p>Con la menci\u00f3n de la formaci\u00f3n en Europa y armamento moderno, las autoridades buscan convencer dado que, desde hace meses, el ej\u00e9rcito sufre por la falta de equipos debido a los retrasos en la ayuda occidental, y circulan rumores sobre el env\u00edo inmediato al frente de reclutas j\u00f3venes sin entrenamiento adecuado y mal equipados.<\/p>\n\n\n\n<p>El resentimiento generado por la movilizaci\u00f3n se ha visto agravado por esc\u00e1ndalos de corrupci\u00f3n en el ej\u00e9rcito, incluido un sistema arraigado de sobornos para evitar la movilizaci\u00f3n.<\/p>\n\n\n\n<p>Kiev estima que hay 300.000 hombres ucranianos en edad de combatir actualmente en Polonia.<\/p>\n","protected":false},"excerpt":{"rendered":"<p>Mediante la creaci\u00f3n de una unidad llamada \u00abLegi\u00f3n ucraniana\u00bb Ucrania quiere convencer a sus ciudadanos en edad de combatir y residentes en otros pa\u00edses europeos para que se enrolen en las fuerzas armadas, mediante la creaci\u00f3n de una unidad llamada \u00abLegi\u00f3n ucraniana\u00bb, que ser\u00e1 entrenada en Polonia, anunci\u00f3 el ministro de Defensa. Kiev, cuyo ej\u00e9rcito [&hellip;]<\/p>\n","protected":false},"author":1,"featured_media":3273,"comment_status":"open","ping_status":"open","sticky":false,"template":"","format":"standard","meta":{"footnotes":""},"categories":[2],"tags":[],"class_list":["post-3272","post","type-post","status-publish","format-standard","has-post-thumbnail","hentry","category-actualidad"],"_links":{"self":[{"href":"http:\/\/www.elcapital.pe\/index.php?rest_route=\/wp\/v2\/posts\/3272","targetHints":{"allow":["GET"]}}],"collection":[{"href":"http:\/\/www.elcapital.pe\/index.php?rest_route=\/wp\/v2\/posts"}],"about":[{"href":"http:\/\/www.elcapital.pe\/index.php?rest_route=\/wp\/v2\/types\/post"}],"author":[{"embeddable":true,"href":"http:\/\/www.elcapital.pe\/index.php?rest_route=\/wp\/v2\/users\/1"}],"replies":[{"embeddable":true,"href":"http:\/\/www.elcapital.pe\/index.php?rest_route=%2Fwp%2Fv2%2Fcomments&post=3272"}],"version-history":[{"count":1,"href":"http:\/\/www.elcapital.pe\/index.php?rest_route=\/wp\/v2\/posts\/3272\/revisions"}],"predecessor-version":[{"id":3274,"href":"http:\/\/www.elcapital.pe\/index.php?rest_route=\/wp\/v2\/posts\/3272\/revisions\/3274"}],"wp:featuredmedia":[{"embeddable":true,"href":"http:\/\/www.elcapital.pe\/index.php?rest_route=\/wp\/v2\/media\/3273"}],"wp:attachment":[{"href":"http:\/\/www.elcapital.pe\/index.php?rest_route=%2Fwp%2Fv2%2Fmedia&parent=3272"}],"wp:term":[{"taxonomy":"category","embeddable":true,"href":"http:\/\/www.elcapital.pe\/index.php?rest_route=%2Fwp%2Fv2%2Fcategories&post=3272"},{"taxonomy":"post_tag","embeddable":true,"href":"http:\/\/www.elcapital.pe\/index.php?rest_route=%2Fwp%2Fv2%2Ftags&post=3272"}],"curies":[{"name":"wp","href":"https:\/\/api.w.org\/{rel}","templated":true}]}}