{"id":3260,"date":"2024-07-10T08:24:39","date_gmt":"2024-07-10T13:24:39","guid":{"rendered":"https:\/\/www.elcapital.pe\/?p=3260"},"modified":"2024-07-10T08:24:39","modified_gmt":"2024-07-10T13:24:39","slug":"con-cuatro-anos-de-retraso-el-cohete-europeo-ariane-6-despega-con-exito","status":"publish","type":"post","link":"http:\/\/www.elcapital.pe\/?p=3260","title":{"rendered":"CON CUATRO A\u00d1OS DE RETRASO, EL COHETE EUROPEO ARIANE 6 DESPEGA CON \u00c9XITO"},"content":{"rendered":"\n<p>El cohete Ariane 6 se elev\u00f3 por primera vez el martes 9 de julio sobre la jungla de Guayana, llevando consigo las esperanzas de Europa de recuperar el acceso aut\u00f3nomo al espacio. Fue un \u00e9xito: una hora y seis minutos despu\u00e9s del despegue, el cohete puso en \u00f3rbita los microsat\u00e9lites que transportaba.<\/p>\n\n\n\n<p>El martes 9 de julio, el cohete Ariane 6 despeg\u00f3 de su plataforma de lanzamiento en Kourou (Guayana Francesa) en su vuelo inaugural para poner a punto el nuevo lanzador que permitir\u00e1 a Europa acceder al espacio de forma aut\u00f3noma.<\/p>\n\n\n\n<p>Con un retraso de una hora debido a un problema \u00abmenor\u00bb resuelto por la ma\u00f1ana, el cohete de 56 metros encendi\u00f3 sus dos propulsores y el motor Vulcain de su etapa principal a las 16. 00 hora local (19h00 GMT) antes de elevarse hacia cielos despejados. El cohete puso en \u00f3rbita los microsat\u00e9lites que transportaba una hora y seis minutos despu\u00e9s del despegue.<\/p>\n\n\n\n<p>\u00abEs un d\u00eda hist\u00f3rico para la ESA y para Europa\u00bb, celebr\u00f3 el director general de la Agencia Espacial Europea (ESA), Joseph Aschbacher.<\/p>\n\n\n\n<p>A primera hora de la ma\u00f1ana, en el Centro Espacial Guayan\u00e9s (CSG) de Kourou, el p\u00f3rtico m\u00f3vil, una inmensa catedral de 90 metros de altura que alberga el cohete, fue retirado lentamente bajo la ligera lluvia, dejando al descubierto el cohete de 56 metros.<\/p>\n\n\n\n<p>Encerrados en el b\u00fanker del centro de lanzamiento, una especie de cabina para el cohete, m\u00e1s de 200 expertos examinaron el lanzador hasta que abandon\u00f3 el suelo, listos para interrumpir la cuenta atr\u00e1s y resolver cualquier problema.<\/p>\n\n\n\n<p>Se desplegaron tres cazas Rafale para disuadir a cualquier avi\u00f3n curioso.<\/p>\n\n\n\n<p>\u00abUna parte del riesgo<\/p>\n\n\n\n<p>El cohete Ariane 6 podr\u00e1, al igual que su predecesor Ariane 5, colocar sat\u00e9lites en \u00f3rbita geoestacionaria a 36.000 kil\u00f3metros de altura, as\u00ed como poner en \u00f3rbita constelaciones a unos cientos de kil\u00f3metros de la Tierra.<\/p>\n\n\n\n<p>El cohete fue aprobado en tierra tras una serie de ensayos. \u00abHemos hecho tantos tiempos [de lanzamiento] que creemos que es rutina. Salvo que esta vez es de verdad\u00bb, dijo Franck Saingou, director adjunto del vuelo inaugural.<\/p>\n\n\n\n<p>Hist\u00f3ricamente, casi la mitad de los primeros lanzamientos de cohetes han sido un fracaso, como ocurri\u00f3 en 1996 con el primer Ariane 5, que solo fall\u00f3 dos veces en 117 lanzamientos.<\/p>\n\n\n\n<p>\u00abEs un primer vuelo, hay un elemento de riesgo, pero hemos intentado reducirlo al m\u00e1ximo, as\u00ed que estamos confiados\u00bb, afirma Philippe Baptiste, director general de CNES, la agencia espacial francesa.<\/p>\n\n\n\n<p>\u00abPodremos respirar aliviados cuando hayamos liberado los primeros sat\u00e9lites\u00bb, calcul\u00f3 Tony Dos Santos, jefe de misi\u00f3n de la ESA, una hora y seis minutos despu\u00e9s del despegue.<\/p>\n\n\n\n<p>El \u00e9xito se completar\u00e1 con la exitosa reentrada de la etapa superior en el Pac\u00edfico al final de la misi\u00f3n, tras un tercer reencendido del motor Vinci, principal innovaci\u00f3n del cohete.<\/p>\n\n\n\n<p>Este lanzamiento pretend\u00eda marcar el \u00abregreso\u00bb de Europa a la escena espacial, seg\u00fan el responsable de transporte espacial de la ESA, Toni Tolker-Nielsen.<\/p>\n\n\n\n<p>Desde el \u00faltimo vuelo de Ariane 5, hace un a\u00f1o, los europeos no han podido poner sat\u00e9lites en \u00f3rbita por s\u00ed solos: desde la invasi\u00f3n de Ucrania, ya no tienen acceso al lanzador medio ruso Soyuz, y el cohete Vega-C est\u00e1 en tierra desde finales de 2022 tras un accidente.<\/p>\n\n\n\n<p>Sin embargo, seg\u00fan Toni Tolker-Nielsen, el pr\u00f3ximo paso ser\u00e1 aumentar el n\u00famero de vuelos, con otro a finales de a\u00f1o, seis previstos para 2025 y ocho al a\u00f1o siguiente.<\/p>\n\n\n\n<p>En su vuelo inaugural, Ariane 6 llevaba 17 \u00abpasajeros\u00bb a bordo: 11 microsat\u00e9lites universitarios, varios experimentos y dos c\u00e1psulas de reentrada atmosf\u00e9rica, que deben preparar el carguero espacial que los europeos quieren para repostar combustible en las estaciones espaciales.<\/p>\n\n\n\n<p>AFP<\/p>\n","protected":false},"excerpt":{"rendered":"<p>El cohete Ariane 6 se elev\u00f3 por primera vez el martes 9 de julio sobre la jungla de Guayana, llevando consigo las esperanzas de Europa de recuperar el acceso aut\u00f3nomo al espacio. Fue un \u00e9xito: una hora y seis minutos despu\u00e9s del despegue, el cohete puso en \u00f3rbita los microsat\u00e9lites que transportaba. El martes 9 [&hellip;]<\/p>\n","protected":false},"author":1,"featured_media":3261,"comment_status":"open","ping_status":"open","sticky":false,"template":"","format":"standard","meta":{"footnotes":""},"categories":[2],"tags":[],"class_list":["post-3260","post","type-post","status-publish","format-standard","has-post-thumbnail","hentry","category-actualidad"],"_links":{"self":[{"href":"http:\/\/www.elcapital.pe\/index.php?rest_route=\/wp\/v2\/posts\/3260","targetHints":{"allow":["GET"]}}],"collection":[{"href":"http:\/\/www.elcapital.pe\/index.php?rest_route=\/wp\/v2\/posts"}],"about":[{"href":"http:\/\/www.elcapital.pe\/index.php?rest_route=\/wp\/v2\/types\/post"}],"author":[{"embeddable":true,"href":"http:\/\/www.elcapital.pe\/index.php?rest_route=\/wp\/v2\/users\/1"}],"replies":[{"embeddable":true,"href":"http:\/\/www.elcapital.pe\/index.php?rest_route=%2Fwp%2Fv2%2Fcomments&post=3260"}],"version-history":[{"count":1,"href":"http:\/\/www.elcapital.pe\/index.php?rest_route=\/wp\/v2\/posts\/3260\/revisions"}],"predecessor-version":[{"id":3262,"href":"http:\/\/www.elcapital.pe\/index.php?rest_route=\/wp\/v2\/posts\/3260\/revisions\/3262"}],"wp:featuredmedia":[{"embeddable":true,"href":"http:\/\/www.elcapital.pe\/index.php?rest_route=\/wp\/v2\/media\/3261"}],"wp:attachment":[{"href":"http:\/\/www.elcapital.pe\/index.php?rest_route=%2Fwp%2Fv2%2Fmedia&parent=3260"}],"wp:term":[{"taxonomy":"category","embeddable":true,"href":"http:\/\/www.elcapital.pe\/index.php?rest_route=%2Fwp%2Fv2%2Fcategories&post=3260"},{"taxonomy":"post_tag","embeddable":true,"href":"http:\/\/www.elcapital.pe\/index.php?rest_route=%2Fwp%2Fv2%2Ftags&post=3260"}],"curies":[{"name":"wp","href":"https:\/\/api.w.org\/{rel}","templated":true}]}}