{"id":3251,"date":"2024-07-10T07:39:43","date_gmt":"2024-07-10T12:39:43","guid":{"rendered":"https:\/\/www.elcapital.pe\/?p=3251"},"modified":"2024-07-10T07:39:43","modified_gmt":"2024-07-10T12:39:43","slug":"peru-impulsa-agenda-comun-en-america-latina-y-caribe-sobre-adaptacion-a-crisi-climatica","status":"publish","type":"post","link":"http:\/\/www.elcapital.pe\/?p=3251","title":{"rendered":"PERU IMPULSA AGENDA COMUN EN AMERICA LATINA Y CARIBE SOBRE ADAPTACION A CRISI CLIMATICA"},"content":{"rendered":"\n<p>Tambi\u00e9n respecto a la conservaci\u00f3n de la biodiversidad, manifest\u00f3 el ministro del Ambiente, Juan Carlos Castro<\/p>\n\n\n\n<p>Los pa\u00edses de Am\u00e9rica Latina y el Caribe trabajan una agenda com\u00fan para enfrentar los principales problemas ambientales que afectan a esta sub regi\u00f3n continental, manifest\u00f3 el ministro del Ambiente, Juan Carlos Castro, quien presidi\u00f3 la primera reuni\u00f3n de la Mesa Directiva del Foro de Ministras y Ministros de Medio Ambiente de esta regi\u00f3n sub continental.<\/p>\n\n\n\n<p>Durante el referido encuentro, Per\u00fa reafirm\u00f3 su compromiso de continuar su participaci\u00f3n activa en el grupo de trabajo sobre contaminaci\u00f3n por pl\u00e1sticos y micro pl\u00e1sticos incluyendo el medio marino. Este esfuerzo fomenta la cooperaci\u00f3n e implementaci\u00f3n de pol\u00edticas sostenibles, fortaleciendo capacidades y colaborando con diversos actores para abordar la problem\u00e1tica de la contaminaci\u00f3n por pl\u00e1sticos.<\/p>\n\n\n\n<p>\u00abEl Per\u00fa ha demostrado liderazgo en la implementaci\u00f3n de un marco normativo para la gesti\u00f3n integral de residuos s\u00f3lidos y la regulaci\u00f3n del pl\u00e1stico de un solo uso. Estas medidas tienen como objetivo principal promover la sostenibilidad ambiental y la econom\u00eda circular en el pa\u00eds,\u00bb refiri\u00f3 el titular del Ministerio del Ambiente (Minam).<\/p>\n\n\n\n<p>Respecto a la reuni\u00f3n de la Mesa Directiva del Foro de Ministras y Ministros de Medio Ambiente de Am\u00e9rica Latina y el Caribe, manifest\u00f3 que en ese espacio se abordaron aspectos \u201cpara que la uni\u00f3n latinoamericana tenga una presencia mucho m\u00e1s eficaz y fuerte en las pr\u00f3ximas conferencias de las partes (COP)\u201d.<\/p>\n\n\n\n<p>El plan de trabajo del Foro para el periodo 2024-2025, aprobado durante la reuni\u00f3n, incluye actividades orientadas a temas emergentes como la justicia ambiental, el rol de pueblos ind\u00edgenas y comunidades locales, y el concepto de bioeconom\u00eda. Estos esfuerzos se desarrollan en un contexto de urgencia debido a los recientes eventos clim\u00e1ticos extremos y los desaf\u00edos ambientales globales.<\/p>\n\n\n\n<p>En ese sentido, el ministro Castro Vargas destac\u00f3 que se ha establecido una agenda para que Am\u00e9rica Latina participe en las pr\u00f3ximas COP con un mensaje unificado. \u201cTrabajar unidos nos posicionar\u00e1 mejor como regi\u00f3n y tambi\u00e9n permitir\u00e1 que el financiamiento se canalice adecuadamente a cada uno de los pa\u00edses, resolviendo nuestros problemas comunes\u201d, acot\u00f3.<\/p>\n\n\n\n<p>Los ministros del Ambiente de Belice, Orlando Habet; de Chile, Maisa Rojas; y de Colombia, Susana Muhamad, enfatizaron en la importancia del consenso regional para enfrentar la crisis clim\u00e1tica, p\u00e9rdida de la biodiversidad y la contaminaci\u00f3n.<\/p>\n\n\n\n<p>La mencionada cita se desarroll\u00f3 con la participaci\u00f3n de Belice, Brasil, Chile, Colombia, Costa Rica y Per\u00fa, marcando un hito en la colaboraci\u00f3n regional para la protecci\u00f3n del ambiente y la promoci\u00f3n de la sostenibilidad en Am\u00e9rica Latina y el Caribe.<\/p>\n","protected":false},"excerpt":{"rendered":"<p>Tambi\u00e9n respecto a la conservaci\u00f3n de la biodiversidad, manifest\u00f3 el ministro del Ambiente, Juan Carlos Castro Los pa\u00edses de Am\u00e9rica Latina y el Caribe trabajan una agenda com\u00fan para enfrentar los principales problemas ambientales que afectan a esta sub regi\u00f3n continental, manifest\u00f3 el ministro del Ambiente, Juan Carlos Castro, quien presidi\u00f3 la primera reuni\u00f3n de [&hellip;]<\/p>\n","protected":false},"author":1,"featured_media":3252,"comment_status":"open","ping_status":"open","sticky":false,"template":"","format":"standard","meta":{"footnotes":""},"categories":[2],"tags":[],"class_list":["post-3251","post","type-post","status-publish","format-standard","has-post-thumbnail","hentry","category-actualidad"],"_links":{"self":[{"href":"http:\/\/www.elcapital.pe\/index.php?rest_route=\/wp\/v2\/posts\/3251","targetHints":{"allow":["GET"]}}],"collection":[{"href":"http:\/\/www.elcapital.pe\/index.php?rest_route=\/wp\/v2\/posts"}],"about":[{"href":"http:\/\/www.elcapital.pe\/index.php?rest_route=\/wp\/v2\/types\/post"}],"author":[{"embeddable":true,"href":"http:\/\/www.elcapital.pe\/index.php?rest_route=\/wp\/v2\/users\/1"}],"replies":[{"embeddable":true,"href":"http:\/\/www.elcapital.pe\/index.php?rest_route=%2Fwp%2Fv2%2Fcomments&post=3251"}],"version-history":[{"count":1,"href":"http:\/\/www.elcapital.pe\/index.php?rest_route=\/wp\/v2\/posts\/3251\/revisions"}],"predecessor-version":[{"id":3253,"href":"http:\/\/www.elcapital.pe\/index.php?rest_route=\/wp\/v2\/posts\/3251\/revisions\/3253"}],"wp:featuredmedia":[{"embeddable":true,"href":"http:\/\/www.elcapital.pe\/index.php?rest_route=\/wp\/v2\/media\/3252"}],"wp:attachment":[{"href":"http:\/\/www.elcapital.pe\/index.php?rest_route=%2Fwp%2Fv2%2Fmedia&parent=3251"}],"wp:term":[{"taxonomy":"category","embeddable":true,"href":"http:\/\/www.elcapital.pe\/index.php?rest_route=%2Fwp%2Fv2%2Fcategories&post=3251"},{"taxonomy":"post_tag","embeddable":true,"href":"http:\/\/www.elcapital.pe\/index.php?rest_route=%2Fwp%2Fv2%2Ftags&post=3251"}],"curies":[{"name":"wp","href":"https:\/\/api.w.org\/{rel}","templated":true}]}}