{"id":3245,"date":"2024-07-09T22:30:56","date_gmt":"2024-07-10T03:30:56","guid":{"rendered":"http:\/\/www.elcapital.pe\/?p=3245"},"modified":"2024-07-09T22:30:56","modified_gmt":"2024-07-10T03:30:56","slug":"fiestas-patrias-el-60-de-empresas-privadas-otorgara-el-viernes-26-de-julio-como-jornada-no-laborable","status":"publish","type":"post","link":"http:\/\/www.elcapital.pe\/?p=3245","title":{"rendered":"FIESTAS PATRIAS: EL 60% DE EMPRESAS PRIVADAS OTORGARA EL VIERNES 26 DE JULIO COMO JORNADA NO LABORABLE\u00a0"},"content":{"rendered":"\n<p>\u25cf&nbsp;&nbsp;&nbsp;&nbsp;&nbsp;&nbsp;&nbsp;&nbsp;&nbsp;&nbsp;&nbsp;&nbsp; En el marco de las celebraciones de Fiestas Patrias, 60% de las empresas privadas encuestadas por Marsh Mercer Beneficios decide otorgar el pr\u00f3ximo viernes 26 de julio como d\u00eda no laborable.<\/p>\n\n\n\n<p>\u25cf&nbsp;&nbsp;&nbsp;&nbsp;&nbsp;&nbsp;&nbsp;&nbsp;&nbsp;&nbsp;&nbsp;&nbsp; La medida es tomada para que los colaboradores de dichas organizaciones puedan tener un descanso adecuado y compartir tiempo de calidad con sus seres queridos.<\/p>\n\n\n\n<p>&nbsp;Entre las empresas que s\u00ed otorgar\u00e1n los d\u00edas no laborables durante el 2024, el 60% ha elegido el jueves 26 de julio como d\u00eda no laborable. Este d\u00eda ha sido seleccionado con el objetivo de promover el balance entre la vida personal y el trabajo, seg\u00fan el 30% de las empresas encuestadas. Adem\u00e1s, el 25% busca fomentar oportunidades de descanso y una vida m\u00e1s saludable, mientras que el 21% permitir\u00e1 a los colaboradores programar vacaciones en conjunto con sus familiares.<\/p>\n\n\n\n<p>En cuanto a los grupos de colaboradores a los que se aplicar\u00e1 esta disposici\u00f3n, el 35% de las empresas beneficiar\u00e1n a sus empleados administrativos, seguido del 26% que involucrar\u00e1 a los equipos de trabajo operativos, y el 21% y 18% a colaboradores de ventas y atenci\u00f3n al cliente respectivamente.<\/p>\n\n\n\n<p>En relaci\u00f3n a la recuperaci\u00f3n de las horas no trabajadas, solo el 16% de las empresas optar\u00e1 por recuperarlas, el 32% no las recuperar\u00e1 y el 52% las tomar\u00e1 a cuenta de las vacaciones de los colaboradores. Bajo una mirada a este \u00faltimo indicador, se evidencia que se est\u00e1 fomentando que los colaboradores salgan de vacaciones y as\u00ed reducir los d\u00edas pendientes, a fin de poder evitar futuras contingencias.<\/p>\n\n\n\n<p>Lina Yupanqui, Consultor Senior de Beneficios de Mercer Marsh Beneficios, destaca la importancia de estas medidas para fomentar un equilibrio saludable entre la vida laboral y personal de los colaboradores. Adem\u00e1s, reconoce el compromiso de las empresas participantes en brindar beneficios que promuevan el bienestar y la satisfacci\u00f3n de sus equipos.<\/p>\n","protected":false},"excerpt":{"rendered":"<p>\u25cf&nbsp;&nbsp;&nbsp;&nbsp;&nbsp;&nbsp;&nbsp;&nbsp;&nbsp;&nbsp;&nbsp;&nbsp; En el marco de las celebraciones de Fiestas Patrias, 60% de las empresas privadas encuestadas por Marsh Mercer Beneficios decide otorgar el pr\u00f3ximo viernes 26 de julio como d\u00eda no laborable. \u25cf&nbsp;&nbsp;&nbsp;&nbsp;&nbsp;&nbsp;&nbsp;&nbsp;&nbsp;&nbsp;&nbsp;&nbsp; La medida es tomada para que los colaboradores de dichas organizaciones puedan tener un descanso adecuado y compartir tiempo de calidad con [&hellip;]<\/p>\n","protected":false},"author":1,"featured_media":3246,"comment_status":"open","ping_status":"open","sticky":false,"template":"","format":"standard","meta":{"footnotes":""},"categories":[2],"tags":[],"class_list":["post-3245","post","type-post","status-publish","format-standard","has-post-thumbnail","hentry","category-actualidad"],"_links":{"self":[{"href":"http:\/\/www.elcapital.pe\/index.php?rest_route=\/wp\/v2\/posts\/3245","targetHints":{"allow":["GET"]}}],"collection":[{"href":"http:\/\/www.elcapital.pe\/index.php?rest_route=\/wp\/v2\/posts"}],"about":[{"href":"http:\/\/www.elcapital.pe\/index.php?rest_route=\/wp\/v2\/types\/post"}],"author":[{"embeddable":true,"href":"http:\/\/www.elcapital.pe\/index.php?rest_route=\/wp\/v2\/users\/1"}],"replies":[{"embeddable":true,"href":"http:\/\/www.elcapital.pe\/index.php?rest_route=%2Fwp%2Fv2%2Fcomments&post=3245"}],"version-history":[{"count":1,"href":"http:\/\/www.elcapital.pe\/index.php?rest_route=\/wp\/v2\/posts\/3245\/revisions"}],"predecessor-version":[{"id":3247,"href":"http:\/\/www.elcapital.pe\/index.php?rest_route=\/wp\/v2\/posts\/3245\/revisions\/3247"}],"wp:featuredmedia":[{"embeddable":true,"href":"http:\/\/www.elcapital.pe\/index.php?rest_route=\/wp\/v2\/media\/3246"}],"wp:attachment":[{"href":"http:\/\/www.elcapital.pe\/index.php?rest_route=%2Fwp%2Fv2%2Fmedia&parent=3245"}],"wp:term":[{"taxonomy":"category","embeddable":true,"href":"http:\/\/www.elcapital.pe\/index.php?rest_route=%2Fwp%2Fv2%2Fcategories&post=3245"},{"taxonomy":"post_tag","embeddable":true,"href":"http:\/\/www.elcapital.pe\/index.php?rest_route=%2Fwp%2Fv2%2Ftags&post=3245"}],"curies":[{"name":"wp","href":"https:\/\/api.w.org\/{rel}","templated":true}]}}