{"id":3242,"date":"2024-07-09T07:55:47","date_gmt":"2024-07-09T12:55:47","guid":{"rendered":"http:\/\/www.elcapital.pe\/?p=3242"},"modified":"2024-07-09T07:55:47","modified_gmt":"2024-07-09T12:55:47","slug":"manifestacion-en-barcelona-contra-el-turismo-masivo","status":"publish","type":"post","link":"http:\/\/www.elcapital.pe\/?p=3242","title":{"rendered":"MANIFESTACION EN BARCELONA CONTRA EL TURISMO MASIVO"},"content":{"rendered":"\n<p>Miles de personas se manifestaron este s\u00e1bado en Barcelona contra la masificaci\u00f3n tur\u00edstica y sus efectos para los habitantes de esta ciudad que cada a\u00f1o recibe millones de visitantes, uni\u00e9ndose as\u00ed a marchas similares en distintos puntos de Espa\u00f1a.<\/p>\n\n\n\n<p>Bajo el lema \u00ab\u00a1Basta! Pongamos l\u00edmites al turismo\u00bb, unos 2.800 manifestantes -seg\u00fan la Guardia Urbana- marcharon por la concurrida zona litoral de Barcelona y reclamaron un cambio de modelo econ\u00f3mico que reduzca la afluencia tur\u00edstica a la ciudad con m\u00e1s visitantes extranjeros de Espa\u00f1a, de acuerdo con datos municipales.<\/p>\n\n\n\n<p>\u00abContra el turismo no tengo nada, pero con el exceso de turismo que estamos sufriendo en Barcelona, s\u00ed, porque eso hace invivible la ciudad\u00bb, afirm\u00f3 Jordi Guiu, un soci\u00f3logo de 70 a\u00f1os, cuando arrancaba la marcha.<\/p>\n\n\n\n<p>Tras una pancarta en la que se le\u00eda \u00ab\u00a1Decrecimiento tur\u00edstico ya!\u00bb, los manifestantes corearon consignas como \u00abfuera turistas de nuestros barrios\u00bb y se detuvieron frente algunos hoteles, para sorpresa de los visitantes.<\/p>\n\n\n\n<p>El aumento del precio de la vivienda -cuyos alquileres subieron un 68% en la \u00faltima d\u00e9cada en Barcelona, seg\u00fan el Ayuntamiento- es uno de los efectos que m\u00e1s preocupan a estos colectivos, as\u00ed como los efectos del turismo en el tejido comercial local, en el medio ambiente o en las condiciones laborales de sus 1,6 millones de habitantes.<\/p>\n\n\n\n<p>\u00abLos negocios de toda la vida cierran para dar paso a un modelo de negocio que no es lo que necesita el barrio. La gente (&#8230;) no puede pagar los alquileres, se tienen que marchar\u00bb, explic\u00f3 Isa Miralles, una m\u00fasica de 35 a\u00f1os, que vive en el barrio de la Barceloneta.<\/p>\n\n\n\n<p>Situada en la costa noreste espa\u00f1ola, y con puntos de atracci\u00f3n internacional como la Sagrada Familia, m\u00e1s de 12 millones de turistas se alojaron en los hoteles, viviendas de uso tur\u00edstico y albergues de Barcelona el a\u00f1o pasado, seg\u00fan cifras municipales.<\/p>\n\n\n\n<p>Para luchar contra \u00ablos efectos negativos de la masificaci\u00f3n tur\u00edstica\u00bb, el Ayuntamiento que dirige el socialista Jaume Collboni anunci\u00f3 hace unos d\u00edas que pretende eliminar los pisos tur\u00edsticos -en la actualidad m\u00e1s de 10.000- a finales de 2028 para que vuelvan al mercado y aumente la oferta.<\/p>\n\n\n\n<p>La medida ya gener\u00f3 cr\u00edticas de algunos sectores como la asociaci\u00f3n de Apartamentos Tur\u00edsticos, que considera que tendr\u00e1 por efecto aumentar\u00e1 el mercado ilegal.<\/p>\n\n\n\n<p>La de Barcelona sigue la estela de otras protestas celebradas recientemente en otros puntos tur\u00edsticos como M\u00e1laga, Palma de Mallorca o las Islas Canarias, que congregaron a miles de personas.<\/p>\n\n\n\n<p>Segundo destino tur\u00edstico mundial despu\u00e9s de Francia, Espa\u00f1a recibi\u00f3 85 millones de visitantes extranjeros en 2023, un 18,7% m\u00e1s que el a\u00f1o anterior, seg\u00fan el Instituto Nacional de Estad\u00edstica (INE).<\/p>\n\n\n\n<p>La regi\u00f3n m\u00e1s visitada fue Catalu\u00f1a -cuya capital es Barcelona- con 18 millones de visitantes, seguida por las Islas Baleares (14,4 millones) y las Islas Canarias (13,9 millones).<\/p>\n","protected":false},"excerpt":{"rendered":"<p>Miles de personas se manifestaron este s\u00e1bado en Barcelona contra la masificaci\u00f3n tur\u00edstica y sus efectos para los habitantes de esta ciudad que cada a\u00f1o recibe millones de visitantes, uni\u00e9ndose as\u00ed a marchas similares en distintos puntos de Espa\u00f1a. Bajo el lema \u00ab\u00a1Basta! Pongamos l\u00edmites al turismo\u00bb, unos 2.800 manifestantes -seg\u00fan la Guardia Urbana- marcharon [&hellip;]<\/p>\n","protected":false},"author":1,"featured_media":3243,"comment_status":"open","ping_status":"open","sticky":false,"template":"","format":"standard","meta":{"footnotes":""},"categories":[8],"tags":[],"class_list":["post-3242","post","type-post","status-publish","format-standard","has-post-thumbnail","hentry","category-turismo"],"_links":{"self":[{"href":"http:\/\/www.elcapital.pe\/index.php?rest_route=\/wp\/v2\/posts\/3242","targetHints":{"allow":["GET"]}}],"collection":[{"href":"http:\/\/www.elcapital.pe\/index.php?rest_route=\/wp\/v2\/posts"}],"about":[{"href":"http:\/\/www.elcapital.pe\/index.php?rest_route=\/wp\/v2\/types\/post"}],"author":[{"embeddable":true,"href":"http:\/\/www.elcapital.pe\/index.php?rest_route=\/wp\/v2\/users\/1"}],"replies":[{"embeddable":true,"href":"http:\/\/www.elcapital.pe\/index.php?rest_route=%2Fwp%2Fv2%2Fcomments&post=3242"}],"version-history":[{"count":1,"href":"http:\/\/www.elcapital.pe\/index.php?rest_route=\/wp\/v2\/posts\/3242\/revisions"}],"predecessor-version":[{"id":3244,"href":"http:\/\/www.elcapital.pe\/index.php?rest_route=\/wp\/v2\/posts\/3242\/revisions\/3244"}],"wp:featuredmedia":[{"embeddable":true,"href":"http:\/\/www.elcapital.pe\/index.php?rest_route=\/wp\/v2\/media\/3243"}],"wp:attachment":[{"href":"http:\/\/www.elcapital.pe\/index.php?rest_route=%2Fwp%2Fv2%2Fmedia&parent=3242"}],"wp:term":[{"taxonomy":"category","embeddable":true,"href":"http:\/\/www.elcapital.pe\/index.php?rest_route=%2Fwp%2Fv2%2Fcategories&post=3242"},{"taxonomy":"post_tag","embeddable":true,"href":"http:\/\/www.elcapital.pe\/index.php?rest_route=%2Fwp%2Fv2%2Ftags&post=3242"}],"curies":[{"name":"wp","href":"https:\/\/api.w.org\/{rel}","templated":true}]}}