{"id":3236,"date":"2024-07-09T07:43:54","date_gmt":"2024-07-09T12:43:54","guid":{"rendered":"http:\/\/www.elcapital.pe\/?p=3236"},"modified":"2024-07-09T07:43:54","modified_gmt":"2024-07-09T12:43:54","slug":"peru-busca-traer-aerolineas-chinas-para-impulsar-el-turismo-receptivo","status":"publish","type":"post","link":"http:\/\/www.elcapital.pe\/?p=3236","title":{"rendered":"PERU BUSCA TRAER AEROLINEAS CHINAS PARA IMPULSAR EL TURISMO RECEPTIVO"},"content":{"rendered":"\n<p>Tambi\u00e9n atraer inversiones en trenes, autos el\u00e9ctricos y comunicaci\u00f3n 5G<\/p>\n\n\n\n<p>El ministro de la Transportes y Comunicaciones, Ra\u00fal P\u00e9rez Reyes, se\u00f1al\u00f3 hoy que el Per\u00fa busca impulsar la llegada de aerol\u00edneas chinas para impulsar la llegada de turistas chinos.<\/p>\n\n\n\n<p>As\u00ed lo manifest\u00f3 al explicar el balance de su visita oficial a China, en la comitiva que lider\u00f3 la presidenta Dina Boluarte para afianzar los v\u00ednculos comerciales y de inversi\u00f3n entre Per\u00fa y el gigante asi\u00e1tico.<\/p>\n\n\n\n<p>\u201cTambi\u00e9n hablamos con la autoridad china de aeron\u00e1utica civil la posibilidad de que puedan venir a aerol\u00edneas chinas, haciendo escala en otros pa\u00edses obviamente por la distancia, pero que pueden hacer el vuelo completo hasta el Per\u00fa y traer turistas\u201d, afirm\u00f3.<\/p>\n\n\n\n<p>Refiri\u00f3 que de acuerdo a lo se\u00f1alado por la ministra de Comercio Exterior y Turismo la meta para este a\u00f1o es traer un mill\u00f3n de turistas.<\/p>\n\n\n\n<p>\u201cNos mencionaba en su momento la ministra de Comercio Exterior que este a\u00f1o tiene como meta tratar de traer un mill\u00f3n de turistas y China, es un pa\u00eds que est\u00e1 despu\u00e9s de la pandemia est\u00e1 saliendo muy fuerte con el tema del turismo\u201d, dijo.<\/p>\n\n\n\n<p>\u201cAs\u00ed que queremos trabajar en esa l\u00ednea, el tener aerol\u00edneas chinas que vengan al Per\u00fa y viceversa\u201d, agreg\u00f3.<\/p>\n\n\n\n<p>Cobertura m\u00f3vil 5G<\/p>\n\n\n\n<p>Tambi\u00e9n refiri\u00f3 que sostuvieron reuniones con Huawei respecto al impulso de la cobertura de las telecomunicaciones con la tecnolog\u00eda 5G<\/p>\n\n\n\n<p>\u201cEllos ya est\u00e1n en este momento trabajando y desplegando tecnolog\u00eda de 5G, ya est\u00e1n mejorando incluso las velocidades de 5G, tienen desplegado m\u00e1s de un mill\u00f3n de antenas de 5G a nivel nacional\u201d, dijo.<\/p>\n\n\n\n<p>\u201cEst\u00e1n ya trabajando todo lo que son aplicaciones de las 5G a nivel productivo en t\u00e9rminos de rob\u00f3tica, del sistema de tr\u00e1fico inteligente, de salud, educaci\u00f3n\u201d, agreg\u00f3.<\/p>\n\n\n\n<p>Autos el\u00e9ctricos.<\/p>\n\n\n\n<p>Tambi\u00e9n el titular del Ministerio de Transportes y Comunicaciones (MTC), se\u00f1al\u00f3 que dialogaron con la principal empresa BYD, la mayor productora mundial de veh\u00edculos el\u00e9ctricos.<\/p>\n\n\n\n<p>\u201cYa produce m\u00e1s veh\u00edculos el\u00e9ctricos que la empresa Tesla que hasta hace poco era el primero ahora ya BYD es el primero a nivel mundial y ah\u00ed hablamos con sus directivos sobre tambi\u00e9n nuestro inter\u00e9s en poder conseguir un programa de financiamiento por parte del gobierno chino\u201d, explic\u00f3.<\/p>\n\n\n\n<p>Este financiamiento, se\u00f1al\u00f3 que es para implementar un programa masivo de autos el\u00e9ctricos en el Per\u00fa.<\/p>\n\n\n\n<p>\u201cEn el Per\u00fa la electricidad tiene un muy buen precio. y eso permite que si comparamos el uso de la gasolina versus la electricidad, los ahorros son tan importantes que permiten a un taxi que recorre m\u00e1s o menos 200 kil\u00f3metros diarios, en dos a\u00f1os prepagar con los ahorros el valor de un veh\u00edculo de 15,000 d\u00f3lares\u201d, dijo.<\/p>\n\n\n\n<p>\u201cEntonces si hay un espacio para mejorar notablemente nuestro parque de taxis y justamente estamos trabajando para implementar esto\u201d, agreg\u00f3.<\/p>\n\n\n\n<p>Tambi\u00e9n se\u00f1al\u00f3 que abordaron con otra empresa china fabricante de veh\u00edculos el\u00e9ctricos el tema de los mini buses, que en el caso del Per\u00fa son las combis, para que puedan venir y sustituir a las casi 10,000 combis y vans que ya est\u00e1n en per\u00edodo de obsolescencia\u201d, dijo.<\/p>\n\n\n\n<p>Refiri\u00f3 que se les renov\u00f3 el permiso a estas unidades de transporte por dos a\u00f1os m\u00e1s, con el prop\u00f3sito de sustituirlas.<\/p>\n\n\n\n<p>\u201cEl gobierno lo que plantea es que se sustituyan con veh\u00edculos el\u00e9ctricos es decir, no solo veh\u00edculos nuevos, sino adem\u00e1s con veh\u00edculos que tambi\u00e9n que ahorren emisiones de CO2 y por lo tanto tengamos un aire mucho m\u00e1s limpio y mejor calidad\u201d, explic\u00f3.<\/p>\n\n\n\n<p>\u201cAh\u00ed el tema a tratar, ha sido el Fondo de Financiamiento y justamente esta semana tenemos una reuni\u00f3n con el embajador chino para ver justamente cu\u00e1les van a ser los siguientes pasos para iniciar un programa con el gobierno chino para obtener alg\u00fan tipo de financiamiento de fondos de garant\u00eda que nos permita implementar un programa de masificaci\u00f3n de veh\u00edculos chinos, tal cual ocurri\u00f3 hacer unos a\u00f1os ya con el Cofigas en el caso nuestro, en el caso de los veh\u00edculos a gas natural\u201d, detall\u00f3.<\/p>\n\n\n\n<p>M\u00e1s inversi\u00f3n portuaria<\/p>\n\n\n\n<p>De otro lado, se\u00f1al\u00f3 que conversaron en Shanghai, con la empresa Cosco Shipping, que reafirm\u00f3 su confianza en el Per\u00fa en el desarrollo portuario en Chancay.<\/p>\n\n\n\n<p>\u201cHoy d\u00eda el puerto de Chancay tiene una inversi\u00f3n de casi 1,400 millones de d\u00f3lares y una capacidad de alrededor de 1.1 millones de TEUs en capacidad, o sea, de contenedores de capacidad de 20 pies c\u00fabicos y ellos est\u00e1n planteando que pasados unos umbrales van a tomar decisiones de ampliar la inversi\u00f3n\u201d, indic\u00f3.<\/p>\n\n\n\n<p>\u201cEsta visita de Estado de Estado justamente reafirma su confianza en el Per\u00fa y la posibilidad tambi\u00e9n de que ellos inviertan m\u00e1s del doble de lo que han invertido a la fecha, y justamente una ampliaci\u00f3n para la capacidad portuaria del puerto Chancay que dinamizar\u00eda toda la actividad portuaria en el Per\u00fa, y que claramente har\u00eda que lo que ya hoy d\u00eda es una realidad, que es que el Per\u00fa es un hub portuario para todo lo que es el Pac\u00edfico de Am\u00e9rica Latina, lo sea a\u00fan mucho m\u00e1s\u201d, explic\u00f3.<\/p>\n\n\n\n<p>&nbsp;Apoyo a las mype<\/p>\n\n\n\n<p>El titular del MTC se\u00f1al\u00f3 que en otra reuni\u00f3n con el ministro de Industria y Tecnolog\u00eda chino, abordaron el tema del apoyo a las micro y peque\u00f1a empresa (mype) en todo lo que es el tema de comercio digital y la utilizaci\u00f3n de la inteligencia artificial para el desarrollo de la micro y peque\u00f1a empresa en el Per\u00fa.<\/p>\n\n\n\n<p>Inversi\u00f3n ferroviaria<\/p>\n\n\n\n<p>Finalmente, el ministro P\u00e9rez Reyes, tambi\u00e9n impulsaron en China en reuni\u00f3n con inversionistas la promoci\u00f3n de seis proyectos ferroviarios, como el proyecto de Andahuaylas a Marcona, el tren de cercan\u00edas de Lima Ica, el de Lima a Barranca, el de Barranca a Trujillo y el tren de que Querocotillo, Cutervo, Chota, Cajamarca y el puerto de Eten, para traer la carga minera de Cajamarca.<\/p>\n\n\n\n<p>\u201cTambi\u00e9n el tren que unir\u00eda Quillabamba con Intihuantana para completar el tramo del tren del sur hacia Quillabamba y esto es un paquete de inversiones de 31,000 millones de d\u00f3lares que tambi\u00e9n hemos llevado a mostrar y a ver si podemos conseguir inter\u00e9s de inversionistas chinos conjuntamente con inversionistas de otros pa\u00edses tambi\u00e9n\u201d, puntualiz\u00f3.<\/p>\n","protected":false},"excerpt":{"rendered":"<p>Tambi\u00e9n atraer inversiones en trenes, autos el\u00e9ctricos y comunicaci\u00f3n 5G El ministro de la Transportes y Comunicaciones, Ra\u00fal P\u00e9rez Reyes, se\u00f1al\u00f3 hoy que el Per\u00fa busca impulsar la llegada de aerol\u00edneas chinas para impulsar la llegada de turistas chinos. As\u00ed lo manifest\u00f3 al explicar el balance de su visita oficial a China, en la comitiva [&hellip;]<\/p>\n","protected":false},"author":1,"featured_media":3237,"comment_status":"open","ping_status":"open","sticky":false,"template":"","format":"standard","meta":{"footnotes":""},"categories":[3],"tags":[],"class_list":["post-3236","post","type-post","status-publish","format-standard","has-post-thumbnail","hentry","category-economia"],"_links":{"self":[{"href":"http:\/\/www.elcapital.pe\/index.php?rest_route=\/wp\/v2\/posts\/3236","targetHints":{"allow":["GET"]}}],"collection":[{"href":"http:\/\/www.elcapital.pe\/index.php?rest_route=\/wp\/v2\/posts"}],"about":[{"href":"http:\/\/www.elcapital.pe\/index.php?rest_route=\/wp\/v2\/types\/post"}],"author":[{"embeddable":true,"href":"http:\/\/www.elcapital.pe\/index.php?rest_route=\/wp\/v2\/users\/1"}],"replies":[{"embeddable":true,"href":"http:\/\/www.elcapital.pe\/index.php?rest_route=%2Fwp%2Fv2%2Fcomments&post=3236"}],"version-history":[{"count":1,"href":"http:\/\/www.elcapital.pe\/index.php?rest_route=\/wp\/v2\/posts\/3236\/revisions"}],"predecessor-version":[{"id":3238,"href":"http:\/\/www.elcapital.pe\/index.php?rest_route=\/wp\/v2\/posts\/3236\/revisions\/3238"}],"wp:featuredmedia":[{"embeddable":true,"href":"http:\/\/www.elcapital.pe\/index.php?rest_route=\/wp\/v2\/media\/3237"}],"wp:attachment":[{"href":"http:\/\/www.elcapital.pe\/index.php?rest_route=%2Fwp%2Fv2%2Fmedia&parent=3236"}],"wp:term":[{"taxonomy":"category","embeddable":true,"href":"http:\/\/www.elcapital.pe\/index.php?rest_route=%2Fwp%2Fv2%2Fcategories&post=3236"},{"taxonomy":"post_tag","embeddable":true,"href":"http:\/\/www.elcapital.pe\/index.php?rest_route=%2Fwp%2Fv2%2Ftags&post=3236"}],"curies":[{"name":"wp","href":"https:\/\/api.w.org\/{rel}","templated":true}]}}