{"id":3220,"date":"2024-07-08T07:27:17","date_gmt":"2024-07-08T12:27:17","guid":{"rendered":"https:\/\/www.elcapital.pe\/?p=3220"},"modified":"2024-07-08T07:27:17","modified_gmt":"2024-07-08T12:27:17","slug":"ausencia-de-milei-y-el-estreno-de-bolivia-lo-que-se-espera-de-la-cumbre-del-mercosur","status":"publish","type":"post","link":"http:\/\/www.elcapital.pe\/?p=3220","title":{"rendered":"AUSENCIA DE MILEI Y EL ESTRENO DE BOLIVIA: LO QUE SE ESPERA DE LA CUMBRE DEL MERCOSUR"},"content":{"rendered":"\n<p>El lunes 8 de julio se celebrar\u00e1 la cumbre de presidentes del Mercosur y sus Estados asociados, con la participaci\u00f3n de los presidentes de Brasil, de Uruguay, y del anfitri\u00f3n, Paraguay. Sin embargo, el presidente argentino, Javier Milei, ser\u00e1 el gran ausente, ya que realizar\u00e1 su primer viaje oficial a Brasil para asistir a un encuentro partidario junto al ultraderechista Jair Bolsonaro. Luis Arce, presidente de Bolivia, tambi\u00e9n estar\u00e1 en la cita luego de firmar la ley que suma a este pa\u00eds al bloque.<\/p>\n\n\n\n<p>El viernes 5 de julio comenz\u00f3 la reuni\u00f3n del Grupo Mercado Com\u00fan (GMC) del Mercosur con delegaciones de Argentina, Brasil, Paraguay y Uruguay, los miembros fundadores, previo a lo que ser\u00e1n los encuentros de ministros y jefes de Estado que se desarrollar\u00e1n el lunes 8 de julio.<\/p>\n\n\n\n<p>El Ministerio de Relaciones Exteriores de Paraguay, pa\u00eds que actualmente ejerce la presidencia rotatoria del Mercosur, inform\u00f3 sobre el inicio de estas reuniones a trav\u00e9s de un comunicado oficial.<\/p>\n\n\n\n<p>Durante la LXII Reuni\u00f3n Extraordinaria del GMC, los coordinadores de cada pa\u00eds evaluaron diversos aspectos de la situaci\u00f3n actual y las realidades del proceso de integraci\u00f3n del bloque. Entre los temas destacados, Paraguay reiter\u00f3 su propuesta de implementar el Fondo para la Convergencia Estructural del Mercosur (Focem), cuyo objetivo es desarrollar la competitividad mediante la financiaci\u00f3n de proyectos y el apoyo al funcionamiento institucional.<\/p>\n\n\n\n<p>Adem\u00e1s, se revisaron las acciones llevadas a cabo durante la presidencia semestral paraguaya y los resultados de la primera ronda de negociaciones para un acuerdo de libre comercio entre Mercosur y Emiratos \u00c1rabes Unidos, realizada del 2 al 4 de julio en Luque.<\/p>\n\n\n\n<p>Las discusiones contin\u00faan durante este s\u00e1bado 6 de julio como parte de los preparativos para la LXIV Reuni\u00f3n Ordinaria del Consejo del Mercado Com\u00fan (CMC), que reunir\u00e1 el domingo a los ministros de Exteriores y de Econom\u00eda del bloque.<\/p>\n\n\n\n<p>Javier Milei cambia la cumbre del Mercosur por un evento con Jair Bolsonaro<\/p>\n\n\n\n<p>El lunes 8 de julio ser\u00e1 la cumbre de presidentes del Mercosur y sus Estados asociados, con la participaci\u00f3n esperada de los presidentes de Brasil, Luiz In\u00e1cio Lula da Silva; de Uruguay, Luis Lacalle Pou; y del anfitri\u00f3n, Santiago Pe\u00f1a.<\/p>\n\n\n\n<p>El presidente argentino, Javier Milei, ser\u00e1 el gran ausente del evento regional, puesto que realizar\u00e1 su primer viaje oficial a Brasil, pero para un evento partidario.<\/p>\n\n\n\n<p>En su primera visita oficial como jefe del Ejecutivo argentino al principal socio comercial de Argentina, Milei se encontrar\u00e1 con el exmandatario Jair Bolsonaro.<\/p>\n\n\n\n<p>Participar\u00e1 en la Conferencia de Acci\u00f3n Pol\u00edtica Conservadora de Estados Unidos (CPAC Brasil), donde se reunir\u00e1 con Jair Bolsonaro, seg\u00fan inform\u00f3 el vocero de la Presidencia argentina, Manuel Adorni, al comienzo de la semana.<\/p>\n\n\n\n<p>Milei, de ultraderecha y autodefinido como libertario, y Lula, presidente izquierdista de Brasil, han tenido severos enfrentamientos. Durante la campa\u00f1a electoral, Milei critic\u00f3 duramente a Lula, calific\u00e1ndolo de \u00abcomunista enojado\u00bb y \u00abcorrupto\u00bb.<\/p>\n\n\n\n<p>Lula mencion\u00f3 la semana pasada que ambos l\u00edderes no han hablado desde que Milei asumi\u00f3 el cargo el 10 de diciembre del a\u00f1o pasado y expres\u00f3 que Milei deber\u00eda disculparse por sus comentarios, algo que el mandatario argentino neg\u00f3 realizar.<\/p>\n\n\n\n<p>Debido a los conflictos, la canciller argentina, Diana Mondino, ser\u00e1 la encargada de representar a Argentina en la cumbre del Mercosur, seg\u00fan Adorni.<\/p>\n\n\n\n<p>Adorni subray\u00f3 que la falta de una reuni\u00f3n entre Milei y Lula no se debe a la \u00abastron\u00f3mica\u00bb brecha ideol\u00f3gica entre ellos. \u00abNunca vamos a estar ausentes por ese motivo\u00bb, afirm\u00f3 el vocero.<\/p>\n\n\n\n<p>Pero las cr\u00edticas de Milei hacia otros l\u00edderes mundiales le han causado problemas recientemente: el enfrentamiento con el presidente del Gobierno espa\u00f1ol, Pedro S\u00e1nchez, por un presunto caso de corrupci\u00f3n que reca\u00eda sobre su esposa Bego\u00f1a G\u00f3mez, llevaron a las autoridades de Espa\u00f1a a llamar a consultas a su embajador en Buenos Aires.<\/p>\n\n\n\n<p>Recientemente, el presidente boliviano, Luis Arce, convoc\u00f3 al embajador argentino para presentar una queja formal, despu\u00e9s de que la oficina de Milei calificara de \u00abfraudulento\u00bb el intento de golpe de Estado en Bolivia.<\/p>\n\n\n\n<p>Bolivia, el nuevo integrante el bloque latinoamericano<\/p>\n\n\n\n<p>El presidente de Bolivia, Luis Arce, estar\u00e1 presente en la cumbre de los l\u00edderes del bloque, luego de que el viernes 5 de julio promulgara la ley de adhesi\u00f3n de su pa\u00eds al Mercosur tras siete meses de espera en el Parlamento.<\/p>\n\n\n\n<p>El embajador de Bolivia en Paraguay, Rufino Pasquito, confirm\u00f3 la asistencia de Bolivia en una rueda de prensa:<\/p>\n\n\n\n<p>\u00abNuestra presencia ser\u00e1 activa desde este viernes y s\u00e1bado en diversas reuniones previas al encuentro de los mandatarios suramericanos\u00bb.<\/p>\n\n\n\n<p>Este encuentro ser\u00e1 la primera reuni\u00f3n de Arce con sus hom\u00f3logos regionales tras los recientes eventos en Bolivia, donde la sede presidencial en La Paz fue tomada por el destituido comandante del Ej\u00e9rcito, Juan Jos\u00e9 Z\u00fa\u00f1iga, en un intento de golpe de Estado.<\/p>\n\n\n\n<p>Bolivia, que ha sido un Estado asociado al Mercosur desde 1998 y firm\u00f3 el protocolo de adhesi\u00f3n en 2015, tiene hasta cuatro a\u00f1os para adaptar su legislaci\u00f3n, especialmente en materia de aranceles, a las normas del bloque. La incorporaci\u00f3n fue ratificada por Argentina, Uruguay, Paraguay y Brasil, siendo este \u00faltimo el \u00faltimo en hacerlo en noviembre de 2023.<\/p>\n\n\n\n<p>Mercosur y Emiratos \u00c1rabes se encaminan a ser nuevos socios comerciales<\/p>\n\n\n\n<p>Los representantes del Mercosur, que representa un mercado de 283 millones de personas, y Emiratos \u00c1rabes Unidos concluyeron la primera ronda de negociaciones con \u00abun panorama favorable\u00bb en lo que podr\u00eda ser la firma de un eventual acuerdo de comercio, seg\u00fan inform\u00f3 el Ministerio de Relaciones Exteriores de Paraguay, en un comunicado.<\/p>\n\n\n\n<p>\u00abLa primera ronda de negociaciones entre Mercosur y los Emiratos \u00c1rabes Unidos (EAU) concluy\u00f3 con avances significativos y un panorama favorable para la firma de un eventual acuerdo, cuya coordinaci\u00f3n es ejercida por el Paraguay\u00bb, indic\u00f3 la Canciller\u00eda paraguaya.<\/p>\n\n\n\n<p>El comunicado destac\u00f3 que \u00abse realizaron sesiones intensas de negociaci\u00f3n de grupos t\u00e9cnicos de Acceso a Mercado de Bienes, Reglas de Origen, Medidas Sanitarias y Fitosanitarias, Obst\u00e1culos T\u00e9cnicos al Comercio y Servicios\u00bb.<\/p>\n\n\n\n<p>En el documento se recalc\u00f3 adem\u00e1s que Emiratos \u00c1rabes Unidos constituye un socio comercial \u00abmuy relevante\u00bb para el Mercosur y que entre ambas partes existe un \u00abgran potencial de expansi\u00f3n del comercio\u00bb.<\/p>\n\n\n\n<p>La delegaci\u00f3n del Paraguay consider\u00f3 que hay potencial de expandir la exportaci\u00f3n de carne bovina, ma\u00edz, az\u00facar, carne de pollo y trigo hacia Emiratos \u00c1rabes.<\/p>\n\n\n\n<p>Finalmente, los referentes del Mercosur y del pa\u00eds \u00e1rabe acordaron \u00abmantener el trabajo intersesional de manera virtual\u00bb, para concluir las negociaciones durante este a\u00f1o.<\/p>\n\n\n\n<p>Reuters, EFE<\/p>\n","protected":false},"excerpt":{"rendered":"<p>El lunes 8 de julio se celebrar\u00e1 la cumbre de presidentes del Mercosur y sus Estados asociados, con la participaci\u00f3n de los presidentes de Brasil, de Uruguay, y del anfitri\u00f3n, Paraguay. Sin embargo, el presidente argentino, Javier Milei, ser\u00e1 el gran ausente, ya que realizar\u00e1 su primer viaje oficial a Brasil para asistir a un [&hellip;]<\/p>\n","protected":false},"author":1,"featured_media":3221,"comment_status":"open","ping_status":"open","sticky":false,"template":"","format":"standard","meta":{"footnotes":""},"categories":[2],"tags":[],"class_list":["post-3220","post","type-post","status-publish","format-standard","has-post-thumbnail","hentry","category-actualidad"],"_links":{"self":[{"href":"http:\/\/www.elcapital.pe\/index.php?rest_route=\/wp\/v2\/posts\/3220","targetHints":{"allow":["GET"]}}],"collection":[{"href":"http:\/\/www.elcapital.pe\/index.php?rest_route=\/wp\/v2\/posts"}],"about":[{"href":"http:\/\/www.elcapital.pe\/index.php?rest_route=\/wp\/v2\/types\/post"}],"author":[{"embeddable":true,"href":"http:\/\/www.elcapital.pe\/index.php?rest_route=\/wp\/v2\/users\/1"}],"replies":[{"embeddable":true,"href":"http:\/\/www.elcapital.pe\/index.php?rest_route=%2Fwp%2Fv2%2Fcomments&post=3220"}],"version-history":[{"count":1,"href":"http:\/\/www.elcapital.pe\/index.php?rest_route=\/wp\/v2\/posts\/3220\/revisions"}],"predecessor-version":[{"id":3222,"href":"http:\/\/www.elcapital.pe\/index.php?rest_route=\/wp\/v2\/posts\/3220\/revisions\/3222"}],"wp:featuredmedia":[{"embeddable":true,"href":"http:\/\/www.elcapital.pe\/index.php?rest_route=\/wp\/v2\/media\/3221"}],"wp:attachment":[{"href":"http:\/\/www.elcapital.pe\/index.php?rest_route=%2Fwp%2Fv2%2Fmedia&parent=3220"}],"wp:term":[{"taxonomy":"category","embeddable":true,"href":"http:\/\/www.elcapital.pe\/index.php?rest_route=%2Fwp%2Fv2%2Fcategories&post=3220"},{"taxonomy":"post_tag","embeddable":true,"href":"http:\/\/www.elcapital.pe\/index.php?rest_route=%2Fwp%2Fv2%2Ftags&post=3220"}],"curies":[{"name":"wp","href":"https:\/\/api.w.org\/{rel}","templated":true}]}}