{"id":3215,"date":"2024-07-08T06:58:23","date_gmt":"2024-07-08T11:58:23","guid":{"rendered":"https:\/\/www.elcapital.pe\/?p=3215"},"modified":"2024-07-08T07:22:17","modified_gmt":"2024-07-08T12:22:17","slug":"mef-recibira-asesoria-tecnica-de-ocde-para-fortalecer-y-consolidar-finanzas-publicas","status":"publish","type":"post","link":"http:\/\/www.elcapital.pe\/?p=3215","title":{"rendered":"MEF RECIBIRA ASESORIA TECNICA DE OCDE PARA FORTALECER Y CONSOLIDAR FINANZAS PUBLICAS"},"content":{"rendered":"\n<p>El Ministerio de Econom\u00eda y Finanzas (MEF), anunci\u00f3 que la Organizaci\u00f3n para la Cooperaci\u00f3n y el Desarrollo Econ\u00f3mico (OCDE) brindar\u00e1 asesor\u00eda t\u00e9cnica para la implementaci\u00f3n de buenas pr\u00e1cticas internacionales a fin de fortalecer y consolidar la gesti\u00f3n de las finanzas p\u00fablicas en el Per\u00fa.<\/p>\n\n\n\n<p>La incorporaci\u00f3n de las mejores pr\u00e1cticas internacionales en finanzas p\u00fablicas permitir\u00e1 al Per\u00fa cumplir con las recomendaciones de la OCDE para su proceso de adhesi\u00f3n.<\/p>\n\n\n\n<p>OCDE: Per\u00fa tiene gobernanza s\u00f3lida y sofisticada<\/p>\n\n\n\n<p>Este organismo brindar\u00e1 asesor\u00eda, a trav\u00e9s de talleres y el acompa\u00f1amiento de expertos y funcionarios, as\u00ed como el monitoreo del proceso de implementaci\u00f3n de las reformas en la gesti\u00f3n de las finanzas p\u00fablicas.<\/p>\n\n\n\n<p>El Acuerdo de Asesor\u00eda T\u00e9cnica apoyado por la Cooperaci\u00f3n Econ\u00f3mica de Suiza SECO y la OCDE, servir\u00e1 para que la Administraci\u00f3n Financiera del Sector P\u00fablico Peruano cuente con orientaciones, intercambio de experiencias y di\u00e1logo con otros pa\u00edses que hoy integran la OCDE.<\/p>\n\n\n\n<p>Per\u00fa avanza a paso firme para incorporarse a la OCDE<\/p>\n\n\n\n<p>Este esfuerzo colaborativo se concret\u00f3 en la ceremonia en la cual participaron Betty Sotelo, viceministra de Hacienda del MEF; Jon Bl\u00f6ndal, jefe de la Divisi\u00f3n de Gesti\u00f3n P\u00fablica y Presupuesto de la OCDE; y Paul Garnier, embajador de Suiza en el Per\u00fa.<\/p>\n\n\n\n<p>Cabe indicar que Jon Bl\u00f6ndal se reuni\u00f3 ayer con el ministro de Econom\u00eda y Finanzas, Jos\u00e9 Arista, con quien comparti\u00f3 las buenas experiencias impulsadas por la OCDE para promover, fortalecer y consolidar pol\u00edticas de gesti\u00f3n de las finanzas p\u00fablicas y puso a disposici\u00f3n del MEF el apoyo de dicha organizaci\u00f3n para continuar con el esfuerzo de contar con una gesti\u00f3n de las finanzas p\u00fablicas moderna.<\/p>\n","protected":false},"excerpt":{"rendered":"<p>El Ministerio de Econom\u00eda y Finanzas (MEF), anunci\u00f3 que la Organizaci\u00f3n para la Cooperaci\u00f3n y el Desarrollo Econ\u00f3mico (OCDE) brindar\u00e1 asesor\u00eda t\u00e9cnica para la implementaci\u00f3n de buenas pr\u00e1cticas internacionales a fin de fortalecer y consolidar la gesti\u00f3n de las finanzas p\u00fablicas en el Per\u00fa. La incorporaci\u00f3n de las mejores pr\u00e1cticas internacionales en finanzas p\u00fablicas permitir\u00e1 [&hellip;]<\/p>\n","protected":false},"author":1,"featured_media":3067,"comment_status":"open","ping_status":"open","sticky":false,"template":"","format":"standard","meta":{"footnotes":""},"categories":[3],"tags":[],"class_list":["post-3215","post","type-post","status-publish","format-standard","has-post-thumbnail","hentry","category-economia"],"_links":{"self":[{"href":"http:\/\/www.elcapital.pe\/index.php?rest_route=\/wp\/v2\/posts\/3215","targetHints":{"allow":["GET"]}}],"collection":[{"href":"http:\/\/www.elcapital.pe\/index.php?rest_route=\/wp\/v2\/posts"}],"about":[{"href":"http:\/\/www.elcapital.pe\/index.php?rest_route=\/wp\/v2\/types\/post"}],"author":[{"embeddable":true,"href":"http:\/\/www.elcapital.pe\/index.php?rest_route=\/wp\/v2\/users\/1"}],"replies":[{"embeddable":true,"href":"http:\/\/www.elcapital.pe\/index.php?rest_route=%2Fwp%2Fv2%2Fcomments&post=3215"}],"version-history":[{"count":2,"href":"http:\/\/www.elcapital.pe\/index.php?rest_route=\/wp\/v2\/posts\/3215\/revisions"}],"predecessor-version":[{"id":3218,"href":"http:\/\/www.elcapital.pe\/index.php?rest_route=\/wp\/v2\/posts\/3215\/revisions\/3218"}],"wp:featuredmedia":[{"embeddable":true,"href":"http:\/\/www.elcapital.pe\/index.php?rest_route=\/wp\/v2\/media\/3067"}],"wp:attachment":[{"href":"http:\/\/www.elcapital.pe\/index.php?rest_route=%2Fwp%2Fv2%2Fmedia&parent=3215"}],"wp:term":[{"taxonomy":"category","embeddable":true,"href":"http:\/\/www.elcapital.pe\/index.php?rest_route=%2Fwp%2Fv2%2Fcategories&post=3215"},{"taxonomy":"post_tag","embeddable":true,"href":"http:\/\/www.elcapital.pe\/index.php?rest_route=%2Fwp%2Fv2%2Ftags&post=3215"}],"curies":[{"name":"wp","href":"https:\/\/api.w.org\/{rel}","templated":true}]}}