{"id":3209,"date":"2024-07-05T07:41:35","date_gmt":"2024-07-05T12:41:35","guid":{"rendered":"https:\/\/www.elcapital.pe\/?p=3209"},"modified":"2024-07-05T07:41:35","modified_gmt":"2024-07-05T12:41:35","slug":"gobiernos-de-ecuador-y-peru-firman-convenio-para-abordar-desafios-laborales-comunes","status":"publish","type":"post","link":"http:\/\/www.elcapital.pe\/?p=3209","title":{"rendered":"GOBIERNOS DE ECUADOR Y PERU FIRMAN CONVENIO PARA ABORDAR DESAFIOS LABORALES COMUNES"},"content":{"rendered":"\n<p>Beneficiar\u00e1 a trabajadores y empleadores, especialmente en las zonas fronterizas.<\/p>\n\n\n\n<p>En una muestra de estrecha colaboraci\u00f3n entre pa\u00edses vecinos, los Ministerios de Trabajo de Per\u00fa y Ecuador suscribieron un importante Convenio de Cooperaci\u00f3n Interinstitucional en el marco del XV Gabinete Binacional celebrado hoy.<\/p>\n\n\n\n<p>El acuerdo, firmado por el Ministro de Trabajo y Promoci\u00f3n del Empleo del Per\u00fa, Daniel Maurate Romero, y la Ministra de Trabajo del Ecuador, Ivonne N\u00fa\u00f1ez Figueroa, en presencia de los presidentes de ambas naciones, busca fortalecer las relaciones de cooperaci\u00f3n en temas laborales y de empleo, especialmente en las zonas fronterizas.<\/p>\n\n\n\n<p>El objetivo principal del Convenio es promover el empleo joven e inclusivo, difundir y fortalecer los servicios p\u00fablicos de empleo, y facilitar el acceso al mercado laboral, con \u00e9nfasis en grupos prioritarios y enfoque de g\u00e9nero.<\/p>\n\n\n\n<p>Adem\u00e1s, busca prevenir y erradicar el trabajo infantil y el trabajo forzoso, as\u00ed como promover la igualdad y no discriminaci\u00f3n.<\/p>\n\n\n\n<p>En cuanto a las \u00e1reas de cooperaci\u00f3n, el acuerdo incluye el di\u00e1logo social para promover la concertaci\u00f3n entre trabajadores, empleadores y autoridades; compartir experiencias en formalizaci\u00f3n laboral; y el impulso al trabajo decente y la inclusi\u00f3n laboral.<\/p>\n\n\n\n<p>El Convenio, que incluye 12 propuestas de actividades, busca beneficiar a trabajadores y empleadores de ambos pa\u00edses, especialmente en las zonas fronterizas, a trav\u00e9s del intercambio de buenas pr\u00e1cticas y la implementaci\u00f3n de acciones conjuntas.<\/p>\n\n\n\n<p>Este acuerdo se enmarca en los esfuerzos de Per\u00fa y Ecuador por fortalecer la cooperaci\u00f3n regional en materia laboral, y se espera que contribuya a abordar desaf\u00edos comunes, como la promoci\u00f3n del empleo joven, la formalizaci\u00f3n laboral y la atenci\u00f3n a grupos vulnerables, fortaleciendo as\u00ed la integraci\u00f3n y el desarrollo sostenible en la regi\u00f3n.<\/p>\n","protected":false},"excerpt":{"rendered":"<p>Beneficiar\u00e1 a trabajadores y empleadores, especialmente en las zonas fronterizas. En una muestra de estrecha colaboraci\u00f3n entre pa\u00edses vecinos, los Ministerios de Trabajo de Per\u00fa y Ecuador suscribieron un importante Convenio de Cooperaci\u00f3n Interinstitucional en el marco del XV Gabinete Binacional celebrado hoy. El acuerdo, firmado por el Ministro de Trabajo y Promoci\u00f3n del Empleo [&hellip;]<\/p>\n","protected":false},"author":1,"featured_media":3210,"comment_status":"open","ping_status":"open","sticky":false,"template":"","format":"standard","meta":{"footnotes":""},"categories":[2],"tags":[],"class_list":["post-3209","post","type-post","status-publish","format-standard","has-post-thumbnail","hentry","category-actualidad"],"_links":{"self":[{"href":"http:\/\/www.elcapital.pe\/index.php?rest_route=\/wp\/v2\/posts\/3209","targetHints":{"allow":["GET"]}}],"collection":[{"href":"http:\/\/www.elcapital.pe\/index.php?rest_route=\/wp\/v2\/posts"}],"about":[{"href":"http:\/\/www.elcapital.pe\/index.php?rest_route=\/wp\/v2\/types\/post"}],"author":[{"embeddable":true,"href":"http:\/\/www.elcapital.pe\/index.php?rest_route=\/wp\/v2\/users\/1"}],"replies":[{"embeddable":true,"href":"http:\/\/www.elcapital.pe\/index.php?rest_route=%2Fwp%2Fv2%2Fcomments&post=3209"}],"version-history":[{"count":1,"href":"http:\/\/www.elcapital.pe\/index.php?rest_route=\/wp\/v2\/posts\/3209\/revisions"}],"predecessor-version":[{"id":3211,"href":"http:\/\/www.elcapital.pe\/index.php?rest_route=\/wp\/v2\/posts\/3209\/revisions\/3211"}],"wp:featuredmedia":[{"embeddable":true,"href":"http:\/\/www.elcapital.pe\/index.php?rest_route=\/wp\/v2\/media\/3210"}],"wp:attachment":[{"href":"http:\/\/www.elcapital.pe\/index.php?rest_route=%2Fwp%2Fv2%2Fmedia&parent=3209"}],"wp:term":[{"taxonomy":"category","embeddable":true,"href":"http:\/\/www.elcapital.pe\/index.php?rest_route=%2Fwp%2Fv2%2Fcategories&post=3209"},{"taxonomy":"post_tag","embeddable":true,"href":"http:\/\/www.elcapital.pe\/index.php?rest_route=%2Fwp%2Fv2%2Ftags&post=3209"}],"curies":[{"name":"wp","href":"https:\/\/api.w.org\/{rel}","templated":true}]}}