{"id":3191,"date":"2024-07-04T07:57:38","date_gmt":"2024-07-04T12:57:38","guid":{"rendered":"https:\/\/www.elcapital.pe\/?p=3191"},"modified":"2024-07-04T07:57:38","modified_gmt":"2024-07-04T12:57:38","slug":"mef-economia-peruana-habria-logrado-crecimiento-de-5-en-mayo-2024","status":"publish","type":"post","link":"http:\/\/www.elcapital.pe\/?p=3191","title":{"rendered":"MEF: ECONOMIA PERUANA HABRIA LOGRADO CRECIMIENTO DE 5% EN MAYO 2024"},"content":{"rendered":"\n<p>Con un sesgo al alza, se espera los datos oficiales del INEI este 15 de julio<\/p>\n\n\n\n<p>El ministro de Econom\u00eda y Finanzas, Jos\u00e9 Arista Arbildo se\u00f1al\u00f3 hoy que el Producto Bruto Interno (PBI) del pa\u00eds, habr\u00eda logrado en mayo del presente a\u00f1o, un crecimiento de 4.5% a 5%, con sesgo al alza, y se espera los resultados oficiales del INEI este 15 de julio.<\/p>\n\n\n\n<p>\u201cTengo el gusto de anunciarle buen desempe\u00f1o de la econom\u00eda en el mes de mayo, en el mes de abril hemos visto un dato por encima de 5 por ciento, 5.28 por ciento, que es en verdad muy bueno, 5.3 por ciento redondeando\u201d, dijo tras la sesi\u00f3n del Consejo de Ministros.<\/p>\n\n\n\n<p>\u201cLos datos tambi\u00e9n nos hac\u00edan prever que en el mes de mayo iban bien los n\u00fameros\u201d, agreg\u00f3.<\/p>\n\n\n\n<p>El titular del Ministerio de Econom\u00eda y Finanzas (MEF), refiri\u00f3 que el sector pesca tuvo un resultado positivo en mayo, con una contribuci\u00f3n de alrededor del 0.8% del PBI.<\/p>\n\n\n\n<p>\u201cSumando el buen desempe\u00f1o que hemos tenido en otros sectores, incluyendo el de turismo que se est\u00e1 reactivando, podr\u00edamos terminar este mes (mayo) en un rango de 4.5 a 5 por ciento con sesgo hacia arriba\u201d, subray\u00f3.<\/p>\n\n\n\n<p>\u201cEsperemos el dato del INEI el 15 de julio que de alguna manera va a confirmar estos datos preliminares que nosotros no solamente en el MEF, en consultoras privadas y en el Banco Central de Reserva estamos manejando\u201d, refiri\u00f3.<\/p>\n\n\n\n<p>Inflaci\u00f3n a la baja<\/p>\n\n\n\n<p>De otro lado, el titular del MEF destac\u00f3 que la tendencia de la inflaci\u00f3n anual viene reduci\u00e9ndose en los \u00faltimos meses.<\/p>\n\n\n\n<p>\u201cLa inflaci\u00f3n anual viene bajando, incluso la inflaci\u00f3n de abril, me parece que abril o mayo fue cero. Evidentemente, tiene una tendencia a la baja\u201d, subray\u00f3.<\/p>\n\n\n\n<p>\u201cHay algunos peque\u00f1os sobresaltos en el camino, pero lo importante ac\u00e1 es que la inflaci\u00f3n promedio del a\u00f1o est\u00e9 en el rango, de 1 a 3 por ciento, en ese rango debe moverse la inflaci\u00f3n seg\u00fan lo que hace el Banco Central\u201d, indic\u00f3.<\/p>\n\n\n\n<p>Por otra parte, refiri\u00f3 que han habido algunos shocks externos que de alguna manera han impedido que el Banco Central de Reserva contin\u00fae la tendencia de bajar la tasa de inter\u00e9s de referencia y la han mantenido en 5.75%.<\/p>\n\n\n\n<p>\u201cPero esperamos que esto poco a poco vaya reduciendo\u201d, enfatiz\u00f3.<\/p>\n\n\n\n<p>&nbsp;El ministro Arista Arbildo indic\u00f3 que siempre va a haber inflaci\u00f3n, porque pensar en una tasa de cero por ciento todos los meses es dif\u00edcil, y el 0.12% de inflaci\u00f3n registrado en junio del presente a\u00f1o, es \u201cbastante manejable\u201d y est\u00e1 dentro del rango meta del Banco Central de Reserva.<\/p>\n\n\n\n<p>\u201cEsperar que caigan los precios es tambi\u00e9n complicado, yo creo que lo m\u00e1s sensato es pensar que la pol\u00edtica monetaria del Banco Central va a permitir que se maneje la inflaci\u00f3n en ese rango, en el rango de 1 a 3 por ciento\u201d, subray\u00f3.<\/p>\n\n\n\n<p>Respecto a la canasta b\u00e1sica familiar, el ministro de Econom\u00eda y Finanzas, se\u00f1al\u00f3 que lo importante generar trabajo, oportunidades de empleo y consecuentemente ingresos a la poblaci\u00f3n.<\/p>\n\n\n\n<p>\u201cLa econom\u00eda viene creciendo, y en la medida en que la econom\u00eda crece, la poblaci\u00f3n encuentra m\u00e1s oportunidades de trabajo, de empleo, para atender sus necesidades de financiar la canasta\u201d, agreg\u00f3.<\/p>\n\n\n\n<p>\u201cLo importante ac\u00e1 es que la inflaci\u00f3n est\u00e1 controlada, las oportunidades de empleo est\u00e1n creciendo, y eso es bueno para el pa\u00eds\u201d, puntualiz\u00f3.<\/p>\n","protected":false},"excerpt":{"rendered":"<p>Con un sesgo al alza, se espera los datos oficiales del INEI este 15 de julio El ministro de Econom\u00eda y Finanzas, Jos\u00e9 Arista Arbildo se\u00f1al\u00f3 hoy que el Producto Bruto Interno (PBI) del pa\u00eds, habr\u00eda logrado en mayo del presente a\u00f1o, un crecimiento de 4.5% a 5%, con sesgo al alza, y se espera [&hellip;]<\/p>\n","protected":false},"author":1,"featured_media":3192,"comment_status":"open","ping_status":"open","sticky":false,"template":"","format":"standard","meta":{"footnotes":""},"categories":[3],"tags":[],"class_list":["post-3191","post","type-post","status-publish","format-standard","has-post-thumbnail","hentry","category-economia"],"_links":{"self":[{"href":"http:\/\/www.elcapital.pe\/index.php?rest_route=\/wp\/v2\/posts\/3191","targetHints":{"allow":["GET"]}}],"collection":[{"href":"http:\/\/www.elcapital.pe\/index.php?rest_route=\/wp\/v2\/posts"}],"about":[{"href":"http:\/\/www.elcapital.pe\/index.php?rest_route=\/wp\/v2\/types\/post"}],"author":[{"embeddable":true,"href":"http:\/\/www.elcapital.pe\/index.php?rest_route=\/wp\/v2\/users\/1"}],"replies":[{"embeddable":true,"href":"http:\/\/www.elcapital.pe\/index.php?rest_route=%2Fwp%2Fv2%2Fcomments&post=3191"}],"version-history":[{"count":1,"href":"http:\/\/www.elcapital.pe\/index.php?rest_route=\/wp\/v2\/posts\/3191\/revisions"}],"predecessor-version":[{"id":3193,"href":"http:\/\/www.elcapital.pe\/index.php?rest_route=\/wp\/v2\/posts\/3191\/revisions\/3193"}],"wp:featuredmedia":[{"embeddable":true,"href":"http:\/\/www.elcapital.pe\/index.php?rest_route=\/wp\/v2\/media\/3192"}],"wp:attachment":[{"href":"http:\/\/www.elcapital.pe\/index.php?rest_route=%2Fwp%2Fv2%2Fmedia&parent=3191"}],"wp:term":[{"taxonomy":"category","embeddable":true,"href":"http:\/\/www.elcapital.pe\/index.php?rest_route=%2Fwp%2Fv2%2Fcategories&post=3191"},{"taxonomy":"post_tag","embeddable":true,"href":"http:\/\/www.elcapital.pe\/index.php?rest_route=%2Fwp%2Fv2%2Ftags&post=3191"}],"curies":[{"name":"wp","href":"https:\/\/api.w.org\/{rel}","templated":true}]}}