{"id":3188,"date":"2024-07-04T07:51:51","date_gmt":"2024-07-04T12:51:51","guid":{"rendered":"https:\/\/www.elcapital.pe\/?p=3188"},"modified":"2024-07-04T07:51:51","modified_gmt":"2024-07-04T12:51:51","slug":"mincetur-invoca-a-aerolineas-a-retomar-los-vuelos-tacna-cusco-y-tacna-arequipa","status":"publish","type":"post","link":"http:\/\/www.elcapital.pe\/?p=3188","title":{"rendered":"MINCETUR INVOCA A AEROLINEAS A RETOMAR LOS VUELOS TACNA-CUSCO Y TACNA-AREQUIPA"},"content":{"rendered":"\n<p>Ello permitir\u00e1 impulsar el turismo fronterizo, resalta la ministra Elizabeth Galdo<\/p>\n\n\n\n<p>La titular del Ministerio de Comercio Exterior y Turismo (Mincetur), Elizabeth Galdo Mar\u00edn, exhort\u00f3 este mi\u00e9rcoles a las aerol\u00edneas privadas que operan en el pa\u00eds a retomar los vuelos Tacna-Cusco y Tacna-Arequipa.<\/p>\n\n\n\n<p>Ello permitir\u00eda impulsar el turismo fronterizo, resalt\u00f3 la titular del Mincetur, en la conferencia de prensa que ofreci\u00f3 esta tarde el jefe del Gabinete Ministerial, Gustavo Adrianz\u00e9n, junto a tres ministros de Estado.<\/p>\n\n\n\n<p>Para desarrollar el turismo necesitamos conectividad, coment\u00f3 Galdo Mar\u00edn, para luego saludar el inicio de los vuelos desde el aeropuerto internacional Jorge Ch\u00e1vez hacia el aeropuerto de Anta, en la regi\u00f3n \u00c1ncash.<\/p>\n\n\n\n<p>Antes, llegar de Lima a la ciudad ancashina de Huaraz tomaba 8 horas (por tierra) y hoy podemos llegar en 35 minutos hasta Anta, a media hora de la capital regional. A partir de agosto \u2013adelant\u00f3\u2013 se prev\u00e9n frecuencias diarias.<\/p>\n\n\n\n<p>Galdo tambi\u00e9n inform\u00f3 que el Ministerio de Transporte y Comunicaciones realizar\u00e1 una serie de mejoras en diversos aeropuertos (del interior del pa\u00eds ) y que en setiembre pr\u00f3ximo, estar\u00eda operativo el terminal a\u00e9reo&nbsp; de Ja\u00e9n, en Cajamarca, que permitir\u00e1 mejorar el desarrollo econ\u00f3mico y tur\u00edstico de la regi\u00f3n.<\/p>\n\n\n\n<p>La ministra destac\u00f3 luego que la recuperaci\u00f3n econ\u00f3mica del pa\u00eds es una realidad y que el sector turismo, que fue muy golpeado durante la pandemia, no es ajeno a ello.<\/p>\n\n\n\n<p>Una muestra de ello, anot\u00f3, son los&nbsp; cuatro premios internacionales conocidos como los \u00ab\u00d3scar del sector turismo\u00bb que el Per\u00fa acaba de recibir como son los World Travel Awards.<\/p>\n\n\n\n<p>Los premios, detall\u00f3 la titular del Mincetur, son mejor&nbsp; \u2018Destino culinario l\u00edder de Sudam\u00e9rica\u2019, \u2019Destino cultural l\u00edder de Sudam\u00e9rica\u2019 y \u2019Destino l\u00edder de Sudam\u00e9rica\u2019. En tanto, Machu Picchu fue elegido como \u2018Principal atracci\u00f3n tur\u00edstica de Sudam\u00e9rica\u2019.<\/p>\n\n\n\n<p>Optimizaci\u00f3n del Tratado con China<\/p>\n\n\n\n<p>De otro lado, la ministra anunci\u00f3 que ya se han cerrado las negociaciones que ven\u00edan llevando a cabo con China, para la optimizaci\u00f3n del Tratado de Libre Comercio con la naci\u00f3n asi\u00e1tica.<\/p>\n\n\n\n<p>\u00abEsta optimizaci\u00f3n consiste en una mejora y una modernizaci\u00f3n del tratado que firmamos hace 14 a\u00f1os y que tambi\u00e9n va a traer muchos beneficios para nuestras pymes\u00bb, expres\u00f3.<\/p>\n\n\n\n<p>Mencion\u00f3 no solo mayores posibilidades para el comercio electr\u00f3nico as\u00ed como en el de servicios; facilidades en materia aduanera, intercambio de informaci\u00f3n; una mayor oferta exportadora; inversiones en el sector de ferrocarriles y en la cultura.<\/p>\n\n\n\n<p>En este \u00faltimo punto, anunci\u00f3 la realizaci\u00f3n de mega producciones peruano-chinas, utilizando las locaciones de nuestro pa\u00eds.<\/p>\n","protected":false},"excerpt":{"rendered":"<p>Ello permitir\u00e1 impulsar el turismo fronterizo, resalta la ministra Elizabeth Galdo La titular del Ministerio de Comercio Exterior y Turismo (Mincetur), Elizabeth Galdo Mar\u00edn, exhort\u00f3 este mi\u00e9rcoles a las aerol\u00edneas privadas que operan en el pa\u00eds a retomar los vuelos Tacna-Cusco y Tacna-Arequipa. Ello permitir\u00eda impulsar el turismo fronterizo, resalt\u00f3 la titular del Mincetur, en [&hellip;]<\/p>\n","protected":false},"author":1,"featured_media":3189,"comment_status":"open","ping_status":"open","sticky":false,"template":"","format":"standard","meta":{"footnotes":""},"categories":[8],"tags":[],"class_list":["post-3188","post","type-post","status-publish","format-standard","has-post-thumbnail","hentry","category-turismo"],"_links":{"self":[{"href":"http:\/\/www.elcapital.pe\/index.php?rest_route=\/wp\/v2\/posts\/3188","targetHints":{"allow":["GET"]}}],"collection":[{"href":"http:\/\/www.elcapital.pe\/index.php?rest_route=\/wp\/v2\/posts"}],"about":[{"href":"http:\/\/www.elcapital.pe\/index.php?rest_route=\/wp\/v2\/types\/post"}],"author":[{"embeddable":true,"href":"http:\/\/www.elcapital.pe\/index.php?rest_route=\/wp\/v2\/users\/1"}],"replies":[{"embeddable":true,"href":"http:\/\/www.elcapital.pe\/index.php?rest_route=%2Fwp%2Fv2%2Fcomments&post=3188"}],"version-history":[{"count":1,"href":"http:\/\/www.elcapital.pe\/index.php?rest_route=\/wp\/v2\/posts\/3188\/revisions"}],"predecessor-version":[{"id":3190,"href":"http:\/\/www.elcapital.pe\/index.php?rest_route=\/wp\/v2\/posts\/3188\/revisions\/3190"}],"wp:featuredmedia":[{"embeddable":true,"href":"http:\/\/www.elcapital.pe\/index.php?rest_route=\/wp\/v2\/media\/3189"}],"wp:attachment":[{"href":"http:\/\/www.elcapital.pe\/index.php?rest_route=%2Fwp%2Fv2%2Fmedia&parent=3188"}],"wp:term":[{"taxonomy":"category","embeddable":true,"href":"http:\/\/www.elcapital.pe\/index.php?rest_route=%2Fwp%2Fv2%2Fcategories&post=3188"},{"taxonomy":"post_tag","embeddable":true,"href":"http:\/\/www.elcapital.pe\/index.php?rest_route=%2Fwp%2Fv2%2Ftags&post=3188"}],"curies":[{"name":"wp","href":"https:\/\/api.w.org\/{rel}","templated":true}]}}