{"id":3183,"date":"2024-07-04T07:36:08","date_gmt":"2024-07-04T12:36:08","guid":{"rendered":"https:\/\/www.elcapital.pe\/?p=3183"},"modified":"2024-07-04T07:36:08","modified_gmt":"2024-07-04T12:36:08","slug":"peru-y-ecuador-celebran-hoy-encuentro-presidencial-y-xv-gabinete-binacional","status":"publish","type":"post","link":"http:\/\/www.elcapital.pe\/?p=3183","title":{"rendered":"PERU Y ECUADOR CELEBRAN HOY ENCUENTRO PRESIDENCIAL Y XV GABINETE BINACIONAL"},"content":{"rendered":"\n<p>Autoridades de ambos pa\u00edses abordar\u00e1n los principales temas de la agenda bilateral<\/p>\n\n\n\n<p>Los presidentes Dina Boluarte y Daniel Noboa encabezar\u00e1n hoy en Lima el Encuentro Presidencial y XV Gabinete Binacional Per\u00fa \u2013 Ecuador, a fin de abordar los principales temas de la agenda bilateral e impulsar el desarrollo y bienestar de ambos pa\u00edses.<\/p>\n\n\n\n<p>Esta importante reuni\u00f3n se realizar\u00e1 en Palacio de Gobierno, desde las 9:30 horas.<\/p>\n\n\n\n<p>LA Reuni\u00f3n Presidencial entre la mandataria Boluarte y su hom\u00f3logo Noboa, tendr\u00e1 lugar en el Sal\u00f3n Embajadores de Palacio de Gobierno, 10:15 horas.<\/p>\n\n\n\n<p>La inauguraci\u00f3n del XV Gabinete Binacional de Ministros Per\u00fa &#8211; Ecuador est\u00e1 previsto para 11:00 horas, en el Gran Comedor de Palacio de Gobierno.<\/p>\n\n\n\n<p>Se tiene previsto adem\u00e1s que como parte de este encuentro se firmar\u00e1n diversos convenios.<\/p>\n\n\n\n<p>El Gabinete Binacional Per\u00fa-Ecuador es el mecanismo de di\u00e1logo y coordinaci\u00f3n pol\u00edtico-diplom\u00e1tica de m\u00e1s alto nivel entre ambas naciones, donde participan los presidentes y sus ministros. Fue establecido en el a\u00f1o 2007 y su \u00faltima edici\u00f3n se realiz\u00f3 en abril del 2022 en Loja, Ecuador.<\/p>\n\n\n\n<p>La agenda aborda \u00e1reas priorizadas de la relaci\u00f3n bilateral, vinculados con el desarrollo e inclusi\u00f3n social; la promoci\u00f3n del comercio, turismo e inversiones; la seguridad y defensa; el desarrollo minero y energ\u00e9tico sostenible; la gesti\u00f3n ambiental sostenible, y el fortalecimiento del tr\u00e1nsito y transporte a\u00e9reo, terrestre, fluvial y mar\u00edtimo.<\/p>\n\n\n\n<p>Cabe resaltar que el pasado 21 de junio se desarroll\u00f3 en Lima la XVI Reuni\u00f3n de la Comisi\u00f3n de Vecindad Peruano-Ecuatoriana. Durante la cita, se aprob\u00f3 el Plan de Acci\u00f3n de Lima 2024, que contiene compromisos de trabajo, acciones y proyectos de cooperaci\u00f3n binacionales para el per\u00edodo 2024-2025.<\/p>\n\n\n\n<p>El Plan de Acci\u00f3n de Lima 2024 comprende 49 compromisos vinculados a derechos de las personas, infraestructura y conectividad; asuntos productivos, comerciales, de inversi\u00f3n y turismo; temas ambientales, energ\u00e9ticos y mineros; entre otros.<\/p>\n","protected":false},"excerpt":{"rendered":"<p>Autoridades de ambos pa\u00edses abordar\u00e1n los principales temas de la agenda bilateral Los presidentes Dina Boluarte y Daniel Noboa encabezar\u00e1n hoy en Lima el Encuentro Presidencial y XV Gabinete Binacional Per\u00fa \u2013 Ecuador, a fin de abordar los principales temas de la agenda bilateral e impulsar el desarrollo y bienestar de ambos pa\u00edses. Esta importante [&hellip;]<\/p>\n","protected":false},"author":1,"featured_media":3184,"comment_status":"open","ping_status":"open","sticky":false,"template":"","format":"standard","meta":{"footnotes":""},"categories":[2],"tags":[],"class_list":["post-3183","post","type-post","status-publish","format-standard","has-post-thumbnail","hentry","category-actualidad"],"_links":{"self":[{"href":"http:\/\/www.elcapital.pe\/index.php?rest_route=\/wp\/v2\/posts\/3183","targetHints":{"allow":["GET"]}}],"collection":[{"href":"http:\/\/www.elcapital.pe\/index.php?rest_route=\/wp\/v2\/posts"}],"about":[{"href":"http:\/\/www.elcapital.pe\/index.php?rest_route=\/wp\/v2\/types\/post"}],"author":[{"embeddable":true,"href":"http:\/\/www.elcapital.pe\/index.php?rest_route=\/wp\/v2\/users\/1"}],"replies":[{"embeddable":true,"href":"http:\/\/www.elcapital.pe\/index.php?rest_route=%2Fwp%2Fv2%2Fcomments&post=3183"}],"version-history":[{"count":1,"href":"http:\/\/www.elcapital.pe\/index.php?rest_route=\/wp\/v2\/posts\/3183\/revisions"}],"predecessor-version":[{"id":3185,"href":"http:\/\/www.elcapital.pe\/index.php?rest_route=\/wp\/v2\/posts\/3183\/revisions\/3185"}],"wp:featuredmedia":[{"embeddable":true,"href":"http:\/\/www.elcapital.pe\/index.php?rest_route=\/wp\/v2\/media\/3184"}],"wp:attachment":[{"href":"http:\/\/www.elcapital.pe\/index.php?rest_route=%2Fwp%2Fv2%2Fmedia&parent=3183"}],"wp:term":[{"taxonomy":"category","embeddable":true,"href":"http:\/\/www.elcapital.pe\/index.php?rest_route=%2Fwp%2Fv2%2Fcategories&post=3183"},{"taxonomy":"post_tag","embeddable":true,"href":"http:\/\/www.elcapital.pe\/index.php?rest_route=%2Fwp%2Fv2%2Ftags&post=3183"}],"curies":[{"name":"wp","href":"https:\/\/api.w.org\/{rel}","templated":true}]}}