{"id":3164,"date":"2024-07-02T08:55:43","date_gmt":"2024-07-02T13:55:43","guid":{"rendered":"https:\/\/www.elcapital.pe\/?p=3164"},"modified":"2024-07-02T08:55:43","modified_gmt":"2024-07-02T13:55:43","slug":"orban-pide-a-zelenski-considerar-un-rapido-alto-al-fuego-con-rusia-en-visita-sorpresa-a-kiev","status":"publish","type":"post","link":"http:\/\/www.elcapital.pe\/?p=3164","title":{"rendered":"ORBAN PIDE A ZELENSKI \u201cCONSIDERAR UN RAPIDO ALTO AL FUEGO\u201d CON RUSIA, EN VISITA SORPRESA A KIEV"},"content":{"rendered":"\n<p>En una visita sorpresa a Kiev, el primer ministro h\u00fangaro, Viktor Orban, se reuni\u00f3 este martes 2 de julio con el presidente ucraniano, Volod\u00edmir Zelenski, a quien inst\u00f3 a proceder a un cese el fuego para impulsar \u00abconversaciones de paz\u00bb con Rusia. Orban, un l\u00edder que se ha mostrado cercano al mandatario ruso, Vladimir Putin, y reticente al aumento de ayuda a la naci\u00f3n invadida por Mosc\u00fa desde hace m\u00e1s de dos a\u00f1os, arrib\u00f3 a la capital ucraniana un d\u00eda despu\u00e9s de asumir la presidencia rotatoria de la Uni\u00f3n Europea.<\/p>\n\n\n\n<p>El primer ministro h\u00fangaro, Viktor Orban, cr\u00edtico de la UE y la OTAN en el apoyo occidental a Kiev, lleg\u00f3 este martes 2 de julio a Ucrania para una visita sorpresa al pa\u00eds devastado por la guerra.<\/p>\n\n\n\n<p>Un alto el fuego vinculado a una fecha l\u00edmite dar\u00eda la oportunidad de acelerar las conversaciones de paz<\/p>\n\n\n\n<p>Durante su encuentro con el mandatario ucraniano, Volod\u00edmir Zelenski, Orban inst\u00f3 al l\u00edder del pa\u00eds invadido por Rusia desde hace m\u00e1s de dos a\u00f1os a \u00abconsiderar un r\u00e1pido alto el fuego\u00bb. Seg\u00fan se\u00f1al\u00f3, con el objetivo de \u00abacelerar\u00bb conversaciones de paz con Mosc\u00fa.<\/p>\n\n\n\n<p>\u00abLe ped\u00ed al presidente que pensara si pod\u00edamos revertir el orden y acelerar las conversaciones de paz estableciendo primero un alto el fuego (&#8230;) Un alto el fuego vinculado a una fecha l\u00edmite dar\u00eda la oportunidad de acelerar las conversaciones de paz. Explor\u00e9 esta posibilidad con el presidente y estoy agradecido por sus respuestas honestas y su negociaci\u00f3n\u00bb, ratific\u00f3 Orban.<\/p>\n\n\n\n<p>El l\u00edder h\u00fangaro, que no hab\u00eda visitado Kiev desde que el presidente ruso, Vladimir Putin, ordenara la invasi\u00f3n contra su vecino pa\u00eds, el 24 de febrero de 2022, ha arremetido p\u00fablicamente contra la ayuda financiera y militar de Europa, bloqueando temporalmente un paquete de ayuda de 50.000 millones de euros.<\/p>\n\n\n\n<p>El l\u00edder nacionalista, en el poder desde 2010, tambi\u00e9n ha criticado la iniciativa de Bruselas de iniciar conversaciones formales de adhesi\u00f3n con Kiev -aunque se abstuvo en lugar de vetarla- y ha sido acusado de mantener relaciones cordiales con el presidente ruso, Vlad\u00edmir Putin.<\/p>\n\n\n\n<p>Hungr\u00eda se opone abiertamente a las sanciones a Rusia, aunque hasta ahora s\u00f3lo ha intentado frenar las medidas de la UE, no bloquearlas directamente.<\/p>\n\n\n\n<p>\u00abEl tema de discusi\u00f3n m\u00e1s importante es la posibilidad de construir la paz\u00bb, dijo el secretario de prensa de Orban, Bertalan Havasi, a la agencia nacional de noticias MTI, al anunciar la visita el martes.<\/p>\n\n\n\n<p>Tambi\u00e9n dijo que Orban y el presidente de Ucrania, Volod\u00edmir Zelenski, discutir\u00edan las relaciones bilaterales.<\/p>\n\n\n\n<p>La visita a Ucrania se produce un d\u00eda despu\u00e9s de que Hungr\u00eda asumiera la presidencia rotatoria de la UE para los pr\u00f3ximos seis meses, un cargo que otorga al Estado centroeuropeo influencia sobre la agenda y las prioridades del bloque para el resto del a\u00f1o.<\/p>\n\n\n\n<p>El lunes, primero de julio, Zelenski dijo que deseaba a Hungr\u00eda \u00abeficacia en la promoci\u00f3n de nuestros valores, objetivos e intereses europeos compartidos\u00bb y declar\u00f3:<\/p>\n\n\n\n<p>Mientras avanza en su camino hacia la UE, Ucrania est\u00e1 dispuesta a contribuir a estos esfuerzos y fortalecer nuestra Europa<\/p>\n\n\n\n<p>A pesar de compartir frontera con Ucrania, Hungr\u00eda ha acogido a muchos menos refugiados que la mayor\u00eda de los miembros de la UE.<\/p>\n\n\n\n<p>Orban y Zelenski, dos l\u00edderes con relaciones tensas<\/p>\n\n\n\n<p>Las relaciones entre Orban y Zelenski han sido fr\u00edas desde el comienzo de la guerra.<\/p>\n\n\n\n<p>Tras ganar la reelecci\u00f3n en abril de 2022, Orban afirm\u00f3 que el l\u00edder ucraniano era un \u00aboponente\u00bb al que hab\u00eda conseguido derrotar en la campa\u00f1a.<\/p>\n\n\n\n<p>Zelenski hab\u00eda criticado personalmente a Orban por su falta de apoyo a Kiev en los d\u00edas posteriores a la invasi\u00f3n rusa, una postura que s\u00f3lo ha parecido endurecerse con la guerra, ya en su tercer a\u00f1o.<\/p>\n\n\n\n<p>En diciembre, Zelenski busc\u00f3 al l\u00edder h\u00fangaro en la toma de posesi\u00f3n del presidente argentino Javier Milei para mantener una conversaci\u00f3n que calific\u00f3 de \u00abfranca\u00bb.<\/p>\n\n\n\n<p>Circularon por Internet v\u00eddeos en los que se ve\u00eda a ambos enzarzados en un tenso intercambio, con Orban de espaldas a la pared y Zelenski frente a \u00e9l.<\/p>\n\n\n\n<p>La semana pasada, al margen de una reuni\u00f3n del Consejo de la UE en Bruselas, ambos mantuvieron un breve y animado intercambio de palabras.<\/p>\n\n\n\n<p>Hungr\u00eda ejerce una enorme influencia sobre el apoyo de Occidente a Ucrania, dada su pertenencia tanto a la UE como a la OTAN.<\/p>\n\n\n\n<p>Esto le da la capacidad de frustrar, retrasar, diluir o bloquear iniciativas y financiaci\u00f3n para apoyar a Kiev.<\/p>\n\n\n\n<p>Tras una llamada telef\u00f3nica en mayo, Zelenski declar\u00f3:<\/p>\n\n\n\n<p>La posici\u00f3n de Hungr\u00eda es importante para nosotros cuando se trata de acercar la paz y la seguridad regional com\u00fan<\/p>\n\n\n\n<p>Seg\u00fan declaraciones de funcionarios ucranianos, hace meses que se negocia una reuni\u00f3n cara a cara entre ambas partes.<\/p>\n\n\n\n<p>Los l\u00edderes occidentales han realizado regularmente viajes de alto nivel a Ucrania a lo largo de la guerra en un intento de mostrar su apoyo a su lucha contra Rusia.<\/p>\n\n\n\n<p>Las tensiones entre Kiev y Budapest son anteriores a la invasi\u00f3n rusa, ya que Hungr\u00eda est\u00e1 enfadada por la pol\u00edtica ling\u00fc\u00edstica ucraniana.<\/p>\n\n\n\n<p>M\u00e1s de 100.000 personas de etnia h\u00fangara viven en Ucrania, la mayor\u00eda en la regi\u00f3n occidental de Zakarpattia, parte de Hungr\u00eda hasta el final de la Primera Guerra Mundial.<\/p>\n\n\n\n<p>La Fuerza A\u00e9rea de Ucrania afirma que destruy\u00f3 un dep\u00f3sito de municiones ruso en Crimea<\/p>\n\n\n\n<p>En el terreno, el Ej\u00e9rcito ucraniano y las tropas rusas aumentan el cruce de ataques.<\/p>\n\n\n\n<p>Este martes, el comandante de la Fuerza a\u00e9rea de Ucrania, Mykola Oleshchuk, asegur\u00f3 que sus militares llevaron a cabo un d\u00eda antes un \u00abataque destructivo\u00bb contra un dep\u00f3sito de municiones ruso en Crimea, regi\u00f3n en el sur de Ucrania, ocupada por Mosc\u00fa.<\/p>\n\n\n\n<p>\u00abUna vez m\u00e1s, los aviones ucranianos &#8216;destruidos&#8217; por la propaganda enemiga contin\u00faan realizando con \u00e9xito misiones de combate\u00bb, se\u00f1al\u00f3 Oleshchuk en Telegram, refiri\u00e9ndose a un informe del Ministerio de Defensa de Rusia de que cinco aviones militares ucranianos hab\u00edan sido destruidos en un aer\u00f3dromo en la regi\u00f3n de Poltava.<\/p>\n\n\n\n<p>Oleshchuk no especific\u00f3 la ubicaci\u00f3n exacta, pero public\u00f3 un v\u00eddeo de un canal local de Telegram vinculado a Ucrania, Krymskiy Veter, que supuestamente muestra el ataque en Balaklava, cerca de Sebastopol.<\/p>\n\n\n\n<p>Por su parte, el gobernador de Sebastopol, instalado por Rusia, Mihail Razvozhaev, indic\u00f3 el lunes 1 de julio que las Fuerzas A\u00e9reas destruyeron cinco objetivos ucranianos sobre el mar Negro y en el distrito de Balaklava. No mencion\u00f3 da\u00f1os importantes, salvo peque\u00f1os incendios en un bosque y coches da\u00f1ados.<\/p>\n\n\n\n<p>Durante los \u00faltimos dos a\u00f1os de la invasi\u00f3n rusa a gran escala, Ucrania ha llevado a cabo m\u00faltiples ataques a\u00e9reos y navales contra objetivos rusos en Crimea y ha causado da\u00f1os importantes a la flota de Mosc\u00fa en el mar Negro.<\/p>\n\n\n\n<p>En las \u00faltimas semanas, las tropas de Kiev tambi\u00e9n ha intensificado sus ataques contra los sistemas de defensa a\u00e9rea rusos en la pen\u00ednsula.<\/p>\n\n\n\n<p>Reuters y EFE<\/p>\n","protected":false},"excerpt":{"rendered":"<p>En una visita sorpresa a Kiev, el primer ministro h\u00fangaro, Viktor Orban, se reuni\u00f3 este martes 2 de julio con el presidente ucraniano, Volod\u00edmir Zelenski, a quien inst\u00f3 a proceder a un cese el fuego para impulsar \u00abconversaciones de paz\u00bb con Rusia. Orban, un l\u00edder que se ha mostrado cercano al mandatario ruso, Vladimir Putin, [&hellip;]<\/p>\n","protected":false},"author":1,"featured_media":3165,"comment_status":"open","ping_status":"open","sticky":false,"template":"","format":"standard","meta":{"footnotes":""},"categories":[2],"tags":[],"class_list":["post-3164","post","type-post","status-publish","format-standard","has-post-thumbnail","hentry","category-actualidad"],"_links":{"self":[{"href":"http:\/\/www.elcapital.pe\/index.php?rest_route=\/wp\/v2\/posts\/3164","targetHints":{"allow":["GET"]}}],"collection":[{"href":"http:\/\/www.elcapital.pe\/index.php?rest_route=\/wp\/v2\/posts"}],"about":[{"href":"http:\/\/www.elcapital.pe\/index.php?rest_route=\/wp\/v2\/types\/post"}],"author":[{"embeddable":true,"href":"http:\/\/www.elcapital.pe\/index.php?rest_route=\/wp\/v2\/users\/1"}],"replies":[{"embeddable":true,"href":"http:\/\/www.elcapital.pe\/index.php?rest_route=%2Fwp%2Fv2%2Fcomments&post=3164"}],"version-history":[{"count":1,"href":"http:\/\/www.elcapital.pe\/index.php?rest_route=\/wp\/v2\/posts\/3164\/revisions"}],"predecessor-version":[{"id":3166,"href":"http:\/\/www.elcapital.pe\/index.php?rest_route=\/wp\/v2\/posts\/3164\/revisions\/3166"}],"wp:featuredmedia":[{"embeddable":true,"href":"http:\/\/www.elcapital.pe\/index.php?rest_route=\/wp\/v2\/media\/3165"}],"wp:attachment":[{"href":"http:\/\/www.elcapital.pe\/index.php?rest_route=%2Fwp%2Fv2%2Fmedia&parent=3164"}],"wp:term":[{"taxonomy":"category","embeddable":true,"href":"http:\/\/www.elcapital.pe\/index.php?rest_route=%2Fwp%2Fv2%2Fcategories&post=3164"},{"taxonomy":"post_tag","embeddable":true,"href":"http:\/\/www.elcapital.pe\/index.php?rest_route=%2Fwp%2Fv2%2Ftags&post=3164"}],"curies":[{"name":"wp","href":"https:\/\/api.w.org\/{rel}","templated":true}]}}