{"id":3149,"date":"2024-07-01T08:12:45","date_gmt":"2024-07-01T13:12:45","guid":{"rendered":"https:\/\/www.elcapital.pe\/?p=3149"},"modified":"2024-07-01T08:12:45","modified_gmt":"2024-07-01T13:12:45","slug":"bolivia-luis-arce-lanza-advertencia-a-evo-morales-tras-su-insinuacion-sobre-un-autogolpe","status":"publish","type":"post","link":"http:\/\/www.elcapital.pe\/?p=3149","title":{"rendered":"BOLIVIA: LUIS ARCE LANZA ADVERTENCIA A EVO MORALES TRAS SU INSINUACION SOBRE UN \u201cAUTOGOLPE\u201d \u00a0"},"content":{"rendered":"\n<p>El exmandatario boliviano Evo Morales acus\u00f3 este domingo 30 de junio al presidente Luis Arce, su antiguo aliado, de haberle mentido \u00abal mundo\u00bb con un \u00abautogolpe\u00bb, en referencia a lo que el gobernante ha calificado de \u00abfallido golpe militar\u00bb tras el asalto de unidades del Ej\u00e9rcito a la sede de gobierno. En respuesta, Arce le advirti\u00f3 a Morales: \u00abno te equivoques\u00bb.<\/p>\n\n\n\n<p>\u00abEvo Morales, \u00a1no te equivoques una vez m\u00e1s! Claramente, lo que ocurri\u00f3 el 26 de junio fue un golpe militar fallido en Bolivia\u00bb, escribi\u00f3 el mandatario boliviano, Luis Arce, en sus redes sociales, luego de que el exmandatario calificara ese alzamiento como un \u00abautogolpe\u00bb.<\/p>\n\n\n\n<p>\u00abYo pensaba que era golpe, pero ahora estoy confundido: parece autogolpe\u00bb, sostuvo Morales en su programa de radio.<\/p>\n\n\n\n<p>El expresidente fue uno de los primeros que advirti\u00f3 desde sus redes sociales sobre el levantamiento armado del pasado mi\u00e9rcoles, cuando tropas con tanques, encabezadas por el excomandante del Ej\u00e9rcito Juan Jos\u00e9 Z\u00fa\u00f1iga, asediaron el palacio presidencial.<\/p>\n\n\n\n<p>\u00abLucho Arce enga\u00f1\u00f3 al pueblo boliviano y al mundo entero con este golpe o autogolpe\u00bb, durante su programa dominical en la Radio Kawsach\u00fan Coca.<\/p>\n\n\n\n<p>El l\u00edder del oficialista Movimiento Al Socialismo (MAS) dijo que tiene dudas sobre la acci\u00f3n militar que el Gobierno denomin\u00f3 \u00abintento de golpe de Estado\u00bb y que la llamada que le hizo el presidente Arce el mi\u00e9rcoles durante el alzamiento militar \u00abfue una solidaridad de mentira\u00bb.<\/p>\n\n\n\n<p>Durante el programa, el expresidente cuestion\u00f3 la forma en que se realiz\u00f3 el alzamiento y la reacci\u00f3n del Gobierno de Arce. Agreg\u00f3 que sospecha que la movilizaci\u00f3n militar \u00abfue planificada\u00bb por el presidente, para hacerse de prestigio y luego \u00abvictimizarse con l\u00e1grimas de cocodrilo\u00bb.<\/p>\n\n\n\n<p>No te pongas del lado del fascismo\u00bb<\/p>\n\n\n\n<p>\u00ab\u00a1No te pongas del lado del fascismo que niega lo ocurrido! Los responsables que buscaron tomar el poder por las armas est\u00e1n siendo procesados y ser\u00e1n juzgados, como fue el caso de los golpistas de 2019\u00bb, le respondi\u00f3 este mismo domingo el presidente a Evo Morales.<\/p>\n\n\n\n<p>El presidente Arce dijo en una entrevista con EFE que tuvo miedo por \u00e9l, por su gabinete y por los ciudadanos que llegaron a la Plaza Murillo para intentar defender la sede del Ejecutivo durante el \u00abintento de golpe de Estado\u00bb del mi\u00e9rcoles pasado.<\/p>\n\n\n\n<p>\u00abSabemos que los militares empiezan a apretar el gatillo\u00bb, asegur\u00f3.<\/p>\n\n\n\n<p>El excomandante destituido Z\u00fa\u00f1iga lleg\u00f3 el 26 de junio con tanques y hombres armados a la sede del Ejecutivo de Bolivia en la ciudad de La Paz, ah\u00ed dijo que quer\u00eda \u00abcambiar el gabinete de Gobierno\u00bb y \u00abrestablecer\u00bb la democracia, despu\u00e9s de algunas horas de tensi\u00f3n se repleg\u00f3 para ser capturado posteriormente.<\/p>\n\n\n\n<p>La disputa Arce-Morales con miras a las presidenciales<\/p>\n\n\n\n<p>El viernes, Morales ya hab\u00eda puesto en duda la versi\u00f3n oficial sobre los planes golpistas de Z\u00fa\u00f1iga -detenido en una c\u00e1rcel de m\u00e1xima seguridad-, pero esta vez se desmarc\u00f3 por completo del gobierno de quien fue su ministro de Finanzas durante los casi 14 a\u00f1os que estuvo en el poder (2006-2019).<\/p>\n\n\n\n<p>Los dos l\u00edderes se disputan el liderazgo dentro del oficialismo, con miras a la nominaci\u00f3n para las presidenciales de 2025.<\/p>\n\n\n\n<p>Pese a estar inhabilitado por la Justicia para ser candidato, Morales pretende competir en las elecciones, mientras Arce a\u00fan no ha dicho p\u00fablicamente si buscar\u00e1 la reelecci\u00f3n.<\/p>\n\n\n\n<p>Con el enfrentamiento pol\u00edtico de fondo, Morales asegur\u00f3 que recibi\u00f3 informaci\u00f3n que lo est\u00e1 \u00abconvenciendo\u00bb de que en realidad lo ocurrido esta semana \u00abha sido un autogolpe\u00bb.<\/p>\n\n\n\n<p>Seg\u00fan el exmandatario, supo por fuentes de un ministerio que Arce iba a dejar la Presidencia a una \u00abjunta militar\u00bb para evitar que \u00abEvo sea presidente\u00bb de nuevo.<\/p>\n\n\n\n<p>Morales tambi\u00e9n cuestion\u00f3 que Arce, al destituir a Z\u00fa\u00f1iga, nombrara al frente del ej\u00e9rcito al general Jos\u00e9 S\u00e1nchez, cuando este \u00abparticip\u00f3 en la planificaci\u00f3n del golpe o autogolpe\u00bb.<\/p>\n\n\n\n<p>\u00abDebo pedir disculpas a la comunidad internacional por la alarma generada (&#8230;) Es importante que una investigaci\u00f3n completa e independiente demuestre la verdad de este hecho\u00bb, escribi\u00f3 luego el exmandatario en la red social X.<\/p>\n\n\n\n<p>EFE y AFP<\/p>\n","protected":false},"excerpt":{"rendered":"<p>El exmandatario boliviano Evo Morales acus\u00f3 este domingo 30 de junio al presidente Luis Arce, su antiguo aliado, de haberle mentido \u00abal mundo\u00bb con un \u00abautogolpe\u00bb, en referencia a lo que el gobernante ha calificado de \u00abfallido golpe militar\u00bb tras el asalto de unidades del Ej\u00e9rcito a la sede de gobierno. En respuesta, Arce le [&hellip;]<\/p>\n","protected":false},"author":1,"featured_media":3150,"comment_status":"open","ping_status":"open","sticky":false,"template":"","format":"standard","meta":{"footnotes":""},"categories":[2],"tags":[],"class_list":["post-3149","post","type-post","status-publish","format-standard","has-post-thumbnail","hentry","category-actualidad"],"_links":{"self":[{"href":"http:\/\/www.elcapital.pe\/index.php?rest_route=\/wp\/v2\/posts\/3149","targetHints":{"allow":["GET"]}}],"collection":[{"href":"http:\/\/www.elcapital.pe\/index.php?rest_route=\/wp\/v2\/posts"}],"about":[{"href":"http:\/\/www.elcapital.pe\/index.php?rest_route=\/wp\/v2\/types\/post"}],"author":[{"embeddable":true,"href":"http:\/\/www.elcapital.pe\/index.php?rest_route=\/wp\/v2\/users\/1"}],"replies":[{"embeddable":true,"href":"http:\/\/www.elcapital.pe\/index.php?rest_route=%2Fwp%2Fv2%2Fcomments&post=3149"}],"version-history":[{"count":1,"href":"http:\/\/www.elcapital.pe\/index.php?rest_route=\/wp\/v2\/posts\/3149\/revisions"}],"predecessor-version":[{"id":3151,"href":"http:\/\/www.elcapital.pe\/index.php?rest_route=\/wp\/v2\/posts\/3149\/revisions\/3151"}],"wp:featuredmedia":[{"embeddable":true,"href":"http:\/\/www.elcapital.pe\/index.php?rest_route=\/wp\/v2\/media\/3150"}],"wp:attachment":[{"href":"http:\/\/www.elcapital.pe\/index.php?rest_route=%2Fwp%2Fv2%2Fmedia&parent=3149"}],"wp:term":[{"taxonomy":"category","embeddable":true,"href":"http:\/\/www.elcapital.pe\/index.php?rest_route=%2Fwp%2Fv2%2Fcategories&post=3149"},{"taxonomy":"post_tag","embeddable":true,"href":"http:\/\/www.elcapital.pe\/index.php?rest_route=%2Fwp%2Fv2%2Ftags&post=3149"}],"curies":[{"name":"wp","href":"https:\/\/api.w.org\/{rel}","templated":true}]}}