{"id":3135,"date":"2024-06-28T08:47:29","date_gmt":"2024-06-28T13:47:29","guid":{"rendered":"https:\/\/www.elcapital.pe\/?p=3135"},"modified":"2024-06-28T08:47:29","modified_gmt":"2024-06-28T13:47:29","slug":"sismo-en-arequipa-suman-nueve-las-personas-heridas-por-fuerte-temblor-de-magnitud-7-0","status":"publish","type":"post","link":"http:\/\/www.elcapital.pe\/?p=3135","title":{"rendered":"SISMO EN AREQUIPA: SUMAN NUEVE LAS PERSONAS HERIDAS POR FUERTE TEMBLOR DE MAGNITUD 7.0"},"content":{"rendered":"\n<p>Nueve personas resultaron heridas a consecuencia del fuerte sismo de magnitud 7.0 registrado en la madrugada de hoy en la regi\u00f3n Arequipa, inform\u00f3 el jefe del Instituto Nacional de Defensa Civil (INDECI), general de Divisi\u00f3n EP Juan Carlos Urcaregui Reyes.<\/p>\n\n\n\n<p>Desde el Centro de Operaciones de Emergencia Nacional (COEN), donde present\u00f3 un primer informe a la presidenta de la Rep\u00fablica, Dina Boluarte, de los da\u00f1os causados por el fuerte temblor en Arequipa, Urcaregui precis\u00f3 que los heridos ya recibieron atenci\u00f3n m\u00e9dica y fueron dados de alta.<\/p>\n\n\n\n<p>Agreg\u00f3 que el movimiento tel\u00farico fue percibido fuerte en las provincias de Caravel\u00ed, Caman\u00e1 y Arequipa, en la regi\u00f3n Arequipa; y en las provincias de Nasca y Palpa, regi\u00f3n Ica.<\/p>\n\n\n\n<p>Tambi\u00e9n indic\u00f3 que se han registrado hasta el momento seis r\u00e9plicas que fueron percibidas por la poblaci\u00f3n de Arequipa y de otras localidades.<\/p>\n\n\n\n<p>El jefe del Indeci confirm\u00f3 tambi\u00e9n la suspensi\u00f3n de clases en la regi\u00f3n Arequipa. Agreg\u00f3 que se reportaron da\u00f1os en viviendas y deslizamientos en varias carreteras de Arequipa e Ica.<\/p>\n","protected":false},"excerpt":{"rendered":"<p>Nueve personas resultaron heridas a consecuencia del fuerte sismo de magnitud 7.0 registrado en la madrugada de hoy en la regi\u00f3n Arequipa, inform\u00f3 el jefe del Instituto Nacional de Defensa Civil (INDECI), general de Divisi\u00f3n EP Juan Carlos Urcaregui Reyes. Desde el Centro de Operaciones de Emergencia Nacional (COEN), donde present\u00f3 un primer informe a [&hellip;]<\/p>\n","protected":false},"author":1,"featured_media":3136,"comment_status":"open","ping_status":"open","sticky":false,"template":"","format":"standard","meta":{"footnotes":""},"categories":[2],"tags":[],"class_list":["post-3135","post","type-post","status-publish","format-standard","has-post-thumbnail","hentry","category-actualidad"],"_links":{"self":[{"href":"http:\/\/www.elcapital.pe\/index.php?rest_route=\/wp\/v2\/posts\/3135","targetHints":{"allow":["GET"]}}],"collection":[{"href":"http:\/\/www.elcapital.pe\/index.php?rest_route=\/wp\/v2\/posts"}],"about":[{"href":"http:\/\/www.elcapital.pe\/index.php?rest_route=\/wp\/v2\/types\/post"}],"author":[{"embeddable":true,"href":"http:\/\/www.elcapital.pe\/index.php?rest_route=\/wp\/v2\/users\/1"}],"replies":[{"embeddable":true,"href":"http:\/\/www.elcapital.pe\/index.php?rest_route=%2Fwp%2Fv2%2Fcomments&post=3135"}],"version-history":[{"count":1,"href":"http:\/\/www.elcapital.pe\/index.php?rest_route=\/wp\/v2\/posts\/3135\/revisions"}],"predecessor-version":[{"id":3137,"href":"http:\/\/www.elcapital.pe\/index.php?rest_route=\/wp\/v2\/posts\/3135\/revisions\/3137"}],"wp:featuredmedia":[{"embeddable":true,"href":"http:\/\/www.elcapital.pe\/index.php?rest_route=\/wp\/v2\/media\/3136"}],"wp:attachment":[{"href":"http:\/\/www.elcapital.pe\/index.php?rest_route=%2Fwp%2Fv2%2Fmedia&parent=3135"}],"wp:term":[{"taxonomy":"category","embeddable":true,"href":"http:\/\/www.elcapital.pe\/index.php?rest_route=%2Fwp%2Fv2%2Fcategories&post=3135"},{"taxonomy":"post_tag","embeddable":true,"href":"http:\/\/www.elcapital.pe\/index.php?rest_route=%2Fwp%2Fv2%2Ftags&post=3135"}],"curies":[{"name":"wp","href":"https:\/\/api.w.org\/{rel}","templated":true}]}}