{"id":3123,"date":"2024-06-27T08:18:58","date_gmt":"2024-06-27T13:18:58","guid":{"rendered":"http:\/\/www.elcapital.pe\/?p=3123"},"modified":"2024-06-27T08:18:58","modified_gmt":"2024-06-27T13:18:58","slug":"la-policia-detiene-a-dos-altos-mandos-del-ejercito-tras-intento-de-golpe-de-estado-en-bolivia","status":"publish","type":"post","link":"http:\/\/www.elcapital.pe\/?p=3123","title":{"rendered":"LA POLICIA DETIENE A DOS ALTOS MANDOS DEL EJERCITO TRAS INTENTO DE GOLPE DE ESTADO EN BOLIVIA"},"content":{"rendered":"\n<p>La Polic\u00eda ha detenido a dos altos mandos del Ej\u00e9rcito boliviano -el general Juan Jos\u00e9 Z\u00fa\u00f1iga, jefe del Ej\u00e9rcito, y Juan Arnez Salvador, jefe de la Armada- tras un intento de golpe de Estado, el mi\u00e9rcoles 26 de junio, en el que un tanque intent\u00f3 irrumpir en el palacio presidencial. Sin embargo, Z\u00fa\u00f1iga dijo que el presidente Luis Arce le pidi\u00f3 que organizara un levantamiento para desencadenar una represi\u00f3n que ayudara a mejorar su imagen.<\/p>\n\n\n\n<p>Dos l\u00edderes del ej\u00e9rcito boliviano fueron arrestados el mi\u00e9rcoles despu\u00e9s de que soldados y tanques tomaran posiciones frente a edificios gubernamentales en lo que el presidente Luis Arce calific\u00f3 de intento de golpe de Estado.<\/p>\n\n\n\n<p>Las tropas y los tanques entraron por la tarde en la Plaza Murillo, una plaza hist\u00f3rica donde se encuentran la presidencia y el Congreso, lo que provoc\u00f3 la condena mundial de un ataque a la democracia.<\/p>\n\n\n\n<p>Uno de los tanques intent\u00f3 derribar una puerta met\u00e1lica del palacio presidencial.<\/p>\n\n\n\n<p>Rodeado de soldados y ocho tanques, el ahora destituido jefe del ej\u00e9rcito, general Juan Jos\u00e9 Z\u00fa\u00f1iga, dijo que las \u00abfuerzas armadas pretenden reestructurar la democracia, hacer de ella una verdadera democracia y no una dirigida por las mismas pocas personas durante 30, 40 a\u00f1os\u00bb.<\/p>\n\n\n\n<p>La revuelta dur\u00f3 unas cinco horas.<\/p>\n\n\n\n<p>Z\u00fa\u00f1iga fue capturado y obligado a subir a un coche de polic\u00eda cuando se dirig\u00eda a los periodistas a las puertas de un cuartel militar, seg\u00fan mostraron im\u00e1genes de la televisi\u00f3n estatal.<\/p>\n\n\n\n<p>\u00abGeneral, est\u00e1 usted detenido\u00bb, le dijo a Z\u00fa\u00f1iga el viceministro del Interior, Jhonny Aguilera.<\/p>\n\n\n\n<p>Un segundo militar de alto rango, Juan Arnez Salvador, que era jefe de la Armada boliviana, tambi\u00e9n fue detenido el mi\u00e9rcoles por la noche.<\/p>\n\n\n\n<p>La detenci\u00f3n de Salvador fue anunciada por el ministro del Interior, Eduardo del Castillo, quien dijo que Z\u00fa\u00f1iga y Arnez son \u00abdos militares golpistas que intentaron destruir la democracia y la institucionalidad de nuestro pa\u00eds y fracasaron\u00bb.<\/p>\n\n\n\n<p>Hablando desde un balc\u00f3n del palacio de gobierno, Arce dijo a cientos de simpatizantes que \u00abnadie puede quitarnos la democracia que hemos ganado\u00bb.<\/p>\n\n\n\n<p>Hab\u00eda instado \u00abal pueblo boliviano a organizarse y movilizarse contra el golpe de Estado a favor de la democracia\u00bb, en un mensaje previo televisado al pa\u00eds junto a sus ministros dentro del palacio presidencial.<\/p>\n\n\n\n<p>Despidi\u00f3 a Z\u00fa\u00f1iga y Salvador y tom\u00f3 juramento a un nuevo grupo de jefes militares.<\/p>\n\n\n\n<p>Antes de ser detenido, Z\u00fa\u00f1iga declar\u00f3 a la prensa que el presidente le hab\u00eda dicho que organizara un levantamiento para desencadenar una represi\u00f3n que le hiciera parecer fuerte y aumentara su bajo \u00edndice de aprobaci\u00f3n.<\/p>\n\n\n\n<p>\u00abDe ninguna manera se puede hablar de un autogolpe en Bolivia\u00bb: Deysi Choque<\/p>\n\n\n\n<p>En una reuni\u00f3n el domingo, dijo el general, Z\u00fa\u00f1iga le pregunt\u00f3 a Arce \u00ab\u00bfentonces sacamos veh\u00edculos blindados?\u00bb. Dijo que el presidente respondi\u00f3: \u00abs\u00e1quenlos\u00bb.<\/p>\n\n\n\n<p>Las instrucciones de Arce eran \u00abmontar algo para subir su popularidad\u00bb, dijo Z\u00fa\u00f1iga.<\/p>\n\n\n\n<p>El ex presidente Evo Morales escribi\u00f3 en la plataforma de medios sociales X que \u00abse est\u00e1 gestando un golpe de Estado\u00bb e inst\u00f3 a una \u00abmovilizaci\u00f3n nacional para defender la democracia\u00bb, pero luego suspendi\u00f3 las movilizaciones.<\/p>\n\n\n\n<p>Comentarios antidemocr\u00e1ticos de Z\u00fa\u00f1iga<\/p>\n\n\n\n<p>Bolivia est\u00e1 profundamente polarizada tras a\u00f1os de inestabilidad pol\u00edtica y el partido gobernante, el Movimiento al Socialismo (MAS), est\u00e1 desgarrado por el conflicto interno entre los partidarios de Arce y su antiguo mentor Morales.<\/p>\n\n\n\n<p>Morales, que fue el primer presidente ind\u00edgena de Bolivia, era extremadamente popular hasta que intent\u00f3 saltarse la Constituci\u00f3n y buscar un cuarto mandato en 2019.<\/p>\n\n\n\n<p>El izquierdista y antiguo l\u00edder sindical cocalero gan\u00f3 esa votaci\u00f3n, pero se vio obligado a dimitir en medio de mort\u00edferas protestas por un supuesto fraude electoral, y huy\u00f3 del pa\u00eds.<\/p>\n\n\n\n<p>Regres\u00f3 despu\u00e9s de que Arce ganara la presidencia en octubre de 2020.<\/p>\n\n\n\n<p>Desde entonces ha crecido una lucha de poder entre los dos hombres, y Morales ha criticado cada vez m\u00e1s al gobierno y lo ha acusado de corrupci\u00f3n, de tolerar el narcotr\u00e1fico y de marginarlo pol\u00edticamente.<\/p>\n\n\n\n<p>Hace seis meses, el Tribunal Constitucional inhabilit\u00f3 a Morales para participar en las elecciones de 2025, aunque sigue aspirando a ser designado candidato del MAS.<\/p>\n\n\n\n<p>Arce no ha dicho si buscar\u00e1 la reelecci\u00f3n.<\/p>\n\n\n\n<p>Z\u00fa\u00f1iga apareci\u00f3 en televisi\u00f3n el lunes y dijo que arrestar\u00eda a Morales si insist\u00eda en presentarse de nuevo a las elecciones de 2025.<\/p>\n\n\n\n<p>\u00abLegalmente est\u00e1 inhabilitado, ese hombre no puede volver a ser presidente de este pa\u00eds\u00bb, dijo.<\/p>\n\n\n\n<p>Desde esa entrevista, han circulado rumores de que Z\u00fa\u00f1iga estaba a punto de ser destituido.<\/p>\n\n\n\n<p>Llamamientos a la calma<\/p>\n\n\n\n<p>El Gobierno estadounidense de Joe Biden dijo que segu\u00eda de cerca los acontecimientos en Bolivia y \u00abllama a la calma\u00bb, seg\u00fan un portavoz del Consejo de Seguridad Nacional.<\/p>\n\n\n\n<p>El Secretario General de las Naciones Unidas, Antonio Guterres, se mostr\u00f3 \u00abprofundamente preocupado\u00bb por los acontecimientos en Bolivia y pidi\u00f3 a todos los actores, incluidos los militares, que \u00abprotejan el orden constitucional y preserven un clima de paz\u00bb, dijo su portavoz Stephane Dujarric en un comunicado.<\/p>\n\n\n\n<p>Los l\u00edderes de Chile, Ecuador, Per\u00fa, M\u00e9xico, Colombia y Venezuela pidieron que se respete la democracia.<\/p>\n\n\n\n<p>El presidente de Brasil, Luiz In\u00e1cio Lula da Silva, escribi\u00f3 en X: \u00abSoy un amante de la democracia y quiero que prevalezca en toda Am\u00e9rica Latina. Condenamos cualquier forma de golpe de Estado en Bolivia\u00bb.<\/p>\n\n\n\n<p>La Organizaci\u00f3n de Estados Americanos (OEA) dijo que la comunidad internacional \u00abno tolerar\u00e1 ninguna forma de ruptura del leg\u00edtimo orden constitucional en Bolivia.\u00bb<\/p>\n","protected":false},"excerpt":{"rendered":"<p>La Polic\u00eda ha detenido a dos altos mandos del Ej\u00e9rcito boliviano -el general Juan Jos\u00e9 Z\u00fa\u00f1iga, jefe del Ej\u00e9rcito, y Juan Arnez Salvador, jefe de la Armada- tras un intento de golpe de Estado, el mi\u00e9rcoles 26 de junio, en el que un tanque intent\u00f3 irrumpir en el palacio presidencial. Sin embargo, Z\u00fa\u00f1iga dijo que [&hellip;]<\/p>\n","protected":false},"author":1,"featured_media":3124,"comment_status":"open","ping_status":"open","sticky":false,"template":"","format":"standard","meta":{"footnotes":""},"categories":[2],"tags":[],"class_list":["post-3123","post","type-post","status-publish","format-standard","has-post-thumbnail","hentry","category-actualidad"],"_links":{"self":[{"href":"http:\/\/www.elcapital.pe\/index.php?rest_route=\/wp\/v2\/posts\/3123","targetHints":{"allow":["GET"]}}],"collection":[{"href":"http:\/\/www.elcapital.pe\/index.php?rest_route=\/wp\/v2\/posts"}],"about":[{"href":"http:\/\/www.elcapital.pe\/index.php?rest_route=\/wp\/v2\/types\/post"}],"author":[{"embeddable":true,"href":"http:\/\/www.elcapital.pe\/index.php?rest_route=\/wp\/v2\/users\/1"}],"replies":[{"embeddable":true,"href":"http:\/\/www.elcapital.pe\/index.php?rest_route=%2Fwp%2Fv2%2Fcomments&post=3123"}],"version-history":[{"count":1,"href":"http:\/\/www.elcapital.pe\/index.php?rest_route=\/wp\/v2\/posts\/3123\/revisions"}],"predecessor-version":[{"id":3125,"href":"http:\/\/www.elcapital.pe\/index.php?rest_route=\/wp\/v2\/posts\/3123\/revisions\/3125"}],"wp:featuredmedia":[{"embeddable":true,"href":"http:\/\/www.elcapital.pe\/index.php?rest_route=\/wp\/v2\/media\/3124"}],"wp:attachment":[{"href":"http:\/\/www.elcapital.pe\/index.php?rest_route=%2Fwp%2Fv2%2Fmedia&parent=3123"}],"wp:term":[{"taxonomy":"category","embeddable":true,"href":"http:\/\/www.elcapital.pe\/index.php?rest_route=%2Fwp%2Fv2%2Fcategories&post=3123"},{"taxonomy":"post_tag","embeddable":true,"href":"http:\/\/www.elcapital.pe\/index.php?rest_route=%2Fwp%2Fv2%2Ftags&post=3123"}],"curies":[{"name":"wp","href":"https:\/\/api.w.org\/{rel}","templated":true}]}}